{"id":80705,"date":"2023-04-10T11:38:37","date_gmt":"2023-04-10T14:38:37","guid":{"rendered":"https:\/\/catolicanet.net\/wp-cnet\/?p=80705"},"modified":"2023-04-10T11:38:37","modified_gmt":"2023-04-10T14:38:37","slug":"misterio-pascal","status":"publish","type":"post","link":"https:\/\/catolicanet.net\/wp-cnet\/misterio-pascal\/","title":{"rendered":"Mist\u00e9rio Pascal"},"content":{"rendered":"<p style=\"text-align: justify;\">O que n\u00f3s chamamos de Mist\u00e9rio Pascal \u00e9 a consequ\u00eancia da Encarna\u00e7\u00e3o do Verbo de Deus em Jesus Cristo, e se refere a todos os acontecimentos hist\u00f3ricos durante as Celebra\u00e7\u00f5es da Semana Santa, que s\u00e3o: Paix\u00e3o, Morte, Ressurrei\u00e7\u00e3o e Ascen\u00e7\u00e3o do Senhor. A isto se acrescenta tamb\u00e9m a Festa de Pentecostes. No estudo da teologia, \u00e9 a Economia da Salva\u00e7\u00e3o, Mist\u00e9rio realizado por Cristo.<\/p>\n<p style=\"text-align: justify;\">A P\u00e1scoa continua viva nos compromissos das comunidades crist\u00e3s, na vida particular de cada crist\u00e3o e deve sugerir fraternidade e partilha de bens para ajudar numa melhor conviv\u00eancia das pessoas. P\u00e1scoa \u00e9 todo dia, \u00e9 express\u00e3o aut\u00eantica de f\u00e9 e de compromisso social permanente, de construir vida e realidades novas, desvinculada de todo tipo de amarras que impedem a dignidade individual.<\/p>\n<p style=\"text-align: justify;\">A vida de f\u00e9 em Deus \u00e9 marcada por muitas provas. Ela \u00e9 \u201ccomo ouro na fornalha, para depois brilhar com Cristo em sua gl\u00f3ria\u201d. O modelo de prova \u00e9 encontrado em Jesus Cristo, cujo perfil de sofrimento todas as comunidades crist\u00e3s meditaram na mem\u00f3ria das Cenas da Semana Santa. Mas \u00e9 um sofrimento que liberta e d\u00e1 dignidade para a vida humana, elevando-a \u00e0 dignidade divina.<\/p>\n<p style=\"text-align: justify;\">\u00a0\u00a0Continuar celebrando o Mist\u00e9rio Pascal significa refor\u00e7ar a confian\u00e7a e a esperan\u00e7a no Esp\u00edrito de Deus, naquilo que \u00e9 capaz de realizar, na sociedade, a paz desejada pelas pessoas, principalmente pelos crist\u00e3os. Essa paz, para ser duradoura, exige dos interessados, estar bem com o Deus da paz e com os irm\u00e3os de caminhada. N\u00e3o \u00e9 um fato apenas da Semana Santa, mas de todo ano e de toda vida.<\/p>\n<p style=\"text-align: justify;\">A principal consequ\u00eancia do Mist\u00e9rio Pascal, ou Celebra\u00e7\u00e3o e viv\u00eancia da P\u00e1scoa no in\u00edcio do cristianismo, foi a forma\u00e7\u00e3o de unidas e comprometidas comunidades crist\u00e3s. Isto est\u00e1 registrado no livro b\u00edblico dos Atos dos Ap\u00f3stolos, conforme o seguinte vers\u00edculo: \u201cTodos os que abra\u00e7avam a f\u00e9 viviam unidos e colocavam tudo em comum\u201d (At 2,44). Eram comunidades realmente pascais e fraternas.<\/p>\n<p style=\"text-align: justify;\">Tr\u00eas aspectos importantes, que devem motivar tamb\u00e9m as nossas comunidades de hoje: a comunh\u00e3o dos bens materiais (para n\u00e3o deixar ningu\u00e9m passar necessidade), fra\u00e7\u00e3o do p\u00e3o (significando celebra\u00e7\u00e3o comunit\u00e1ria da Eucaristia) e ora\u00e7\u00f5es frequentes entre os membros. Todas estas realidades e atitudes refletiam o testemunho concreto da conviv\u00eancia entre os crist\u00e3os, que atraia as pessoas.<\/p>\n","protected":false},"excerpt":{"rendered":"<p>O que n\u00f3s chamamos de Mist\u00e9rio Pascal \u00e9 a consequ\u00eancia da Encarna\u00e7\u00e3o do Verbo de Deus em Jesus Cristo, e se refere a todos os acontecimentos hist\u00f3ricos durante as Celebra\u00e7\u00f5es da Semana Santa, que s\u00e3o: Paix\u00e3o, Morte, Ressurrei\u00e7\u00e3o e Ascen\u00e7\u00e3o do Senhor. A isto se acrescenta tamb\u00e9m a Festa de Pentecostes. No estudo da teologia, [&hellip;]<\/p>\n","protected":false},"author":11,"featured_media":55820,"comment_status":"open","ping_status":"closed","sticky":false,"template":"","format":"standard","meta":{"footnotes":""},"categories":[9],"tags":[],"class_list":["post-80705","post","type-post","status-publish","format-standard","has-post-thumbnail","hentry","category-artigos"],"_links":{"self":[{"href":"https:\/\/catolicanet.net\/wp-cnet\/wp-json\/wp\/v2\/posts\/80705","targetHints":{"allow":["GET"]}}],"collection":[{"href":"https:\/\/catolicanet.net\/wp-cnet\/wp-json\/wp\/v2\/posts"}],"about":[{"href":"https:\/\/catolicanet.net\/wp-cnet\/wp-json\/wp\/v2\/types\/post"}],"author":[{"embeddable":true,"href":"https:\/\/catolicanet.net\/wp-cnet\/wp-json\/wp\/v2\/users\/11"}],"replies":[{"embeddable":true,"href":"https:\/\/catolicanet.net\/wp-cnet\/wp-json\/wp\/v2\/comments?post=80705"}],"version-history":[{"count":1,"href":"https:\/\/catolicanet.net\/wp-cnet\/wp-json\/wp\/v2\/posts\/80705\/revisions"}],"predecessor-version":[{"id":80706,"href":"https:\/\/catolicanet.net\/wp-cnet\/wp-json\/wp\/v2\/posts\/80705\/revisions\/80706"}],"wp:featuredmedia":[{"embeddable":true,"href":"https:\/\/catolicanet.net\/wp-cnet\/wp-json\/wp\/v2\/media\/55820"}],"wp:attachment":[{"href":"https:\/\/catolicanet.net\/wp-cnet\/wp-json\/wp\/v2\/media?parent=80705"}],"wp:term":[{"taxonomy":"category","embeddable":true,"href":"https:\/\/catolicanet.net\/wp-cnet\/wp-json\/wp\/v2\/categories?post=80705"},{"taxonomy":"post_tag","embeddable":true,"href":"https:\/\/catolicanet.net\/wp-cnet\/wp-json\/wp\/v2\/tags?post=80705"}],"curies":[{"name":"wp","href":"https:\/\/api.w.org\/{rel}","templated":true}]}}