{"id":80660,"date":"2023-04-06T10:13:35","date_gmt":"2023-04-06T13:13:35","guid":{"rendered":"https:\/\/catolicanet.net\/wp-cnet\/?p=80660"},"modified":"2023-04-06T17:15:15","modified_gmt":"2023-04-06T20:15:15","slug":"esta-e-a-arvore-da-qual-teria-sido-feita-a-coroa-de-espinhos-de-cristo","status":"publish","type":"post","link":"https:\/\/catolicanet.net\/wp-cnet\/esta-e-a-arvore-da-qual-teria-sido-feita-a-coroa-de-espinhos-de-cristo\/","title":{"rendered":"Esta \u00e9 a \u00e1rvore da qual teria sido feita a coroa de espinhos de Cristo"},"content":{"rendered":"<p style=\"text-align: justify;\">A coroa de espinhos colocada na cabe\u00e7a de Cristo durante sua Paix\u00e3o \u00e9, junto com um peda\u00e7o da Vera Cruz e um dos cravos com os quais o Filho de Deus foi crucificado, uma das rel\u00edquias mais veneradas.<\/p>\n<p style=\"text-align: justify;\">Uma das torturas que Jesus Cristo sofreu durante sua Paix\u00e3o foi a coroa\u00e7\u00e3o de espinhos, um acontecimento descrito no Evangelho de S\u00e3o Mateus que se medita no terceiro mist\u00e9rio doloroso do ros\u00e1rio.<\/p>\n<p style=\"text-align: justify;\">&#8220;Os soldados do governador conduziram Jesus para o pret\u00f3rio e rodearam-no com todo o pelot\u00e3o. Arrancaram-lhe as vestes e colocaram-lhe um manto escarlate. Depois, tran\u00e7aram uma coroa de espinhos, meteram-lha na cabe\u00e7a e puseram-lhe na m\u00e3o uma vara. Dobrando os joelhos diante dele, diziam com esc\u00e1rnio: \u2018Salve, rei dos judeus!\u2019&#8221;.<\/p>\n<p style=\"text-align: justify;\">Segundo\u00a0estudos m\u00e9dicos\u00a0feitos no Santo Sud\u00e1rio de Turim, que segundo a tradi\u00e7\u00e3o envolveu o corpo de Jesus, e sobre o qual ficaram marcadas as manchas de sangue do rosto, foram identificadas gotas de sangue na nuca, que s\u00e3o o resultado de &#8220;les\u00f5es no couro cabeludo&#8221;.<\/p>\n<p style=\"text-align: justify;\">As les\u00f5es na cabe\u00e7a foram causadas pela coroa de espinhos, pois, segundo os estudos m\u00e9dicos, as gotas de sangue encontradas se distribuem como uma aur\u00e9ola, e s\u00e3o causadas por objetos pontiagudos, cravados e esfregados na cabe\u00e7a, na forma de uma coroa de espinhos.<\/p>\n<p style=\"text-align: justify;\">Este instrumento de tortura teria sido feito de uma \u00e1rvore ou planta que cresce perto da Terra Santa, o lugar onde Jesus Cristo viveu sua Paix\u00e3o, Morte e Ressurrei\u00e7\u00e3o, e que se caracteriza por espinhos muito afiados em seus ramos.<\/p>\n<p style=\"text-align: justify;\">O m\u00e9dico americano Frederick Zugibe, um especialista forense conhecido por seus estudos sobre o Santo Sud\u00e1rio de Turim, escreveu em seu livro T<em>he Crucifixion of Jesus, a Forensic Inquiry<\/em>\u00a0um cap\u00edtulo explicando a poss\u00edvel origem da planta a partir da qual a coroa foi feita.<\/p>\n<p style=\"text-align: justify;\">Zugibe disse que embora o material usado para fazer a coroa de espinhos ainda esteja em debate, estudos de especialistas indicam que seria uma planta que cresceu no Oriente M\u00e9dio e pertence \u00e0 fam\u00edlia\u00a0<em>Rhamnaceae<\/em>.<\/p>\n<p style=\"text-align: justify;\">Ele disse que especialistas renomados em bot\u00e2nica da flora da Terra Santa apontam as duas \u00e1rvores a seguir como possibilidades:<\/p>\n<p style=\"text-align: justify;\">A primeira \u00e1rvore \u00e9 chamada\u00a0<em>Ziziphus Spina-Christi<\/em>, \u00e9 conhecida como\u00a0<em>Rhamnus Spina-Christi<\/em>\u00a0ou\u00a0<em>Rhamnusnabeca<\/em>, e vem da S\u00edria e do L\u00edbano, atrav\u00e9s da Palestina at\u00e9 a Ar\u00e1bia, Petraea e Sinai. A segunda \u00e1rvore \u00e9 chamada\u00a0<em>Paliurus aculeatus<\/em>\u00a0ou\u00a0<em>Ziziphus Paliurus<\/em>.<\/p>\n<p style=\"text-align: justify;\">Zugibe disse no livro que ambas as plantas pertencem \u00e0 fam\u00edlia\u00a0<em>Rhamnaceae<\/em>\u00a0e se caracterizam por terem espinhos afiados.<\/p>\n","protected":false},"excerpt":{"rendered":"<p>A coroa de espinhos colocada na cabe\u00e7a de Cristo durante sua Paix\u00e3o \u00e9, junto com um peda\u00e7o da Vera Cruz e um dos cravos com os quais o Filho de Deus foi crucificado, uma das rel\u00edquias mais veneradas. Uma das torturas que Jesus Cristo sofreu durante sua Paix\u00e3o foi a coroa\u00e7\u00e3o de espinhos, um acontecimento [&hellip;]<\/p>\n","protected":false},"author":1,"featured_media":80661,"comment_status":"open","ping_status":"closed","sticky":false,"template":"","format":"standard","meta":{"footnotes":""},"categories":[4,13],"tags":[],"class_list":["post-80660","post","type-post","status-publish","format-standard","has-post-thumbnail","hentry","category-cotidiano","category-featured"],"_links":{"self":[{"href":"https:\/\/catolicanet.net\/wp-cnet\/wp-json\/wp\/v2\/posts\/80660","targetHints":{"allow":["GET"]}}],"collection":[{"href":"https:\/\/catolicanet.net\/wp-cnet\/wp-json\/wp\/v2\/posts"}],"about":[{"href":"https:\/\/catolicanet.net\/wp-cnet\/wp-json\/wp\/v2\/types\/post"}],"author":[{"embeddable":true,"href":"https:\/\/catolicanet.net\/wp-cnet\/wp-json\/wp\/v2\/users\/1"}],"replies":[{"embeddable":true,"href":"https:\/\/catolicanet.net\/wp-cnet\/wp-json\/wp\/v2\/comments?post=80660"}],"version-history":[{"count":1,"href":"https:\/\/catolicanet.net\/wp-cnet\/wp-json\/wp\/v2\/posts\/80660\/revisions"}],"predecessor-version":[{"id":80662,"href":"https:\/\/catolicanet.net\/wp-cnet\/wp-json\/wp\/v2\/posts\/80660\/revisions\/80662"}],"wp:featuredmedia":[{"embeddable":true,"href":"https:\/\/catolicanet.net\/wp-cnet\/wp-json\/wp\/v2\/media\/80661"}],"wp:attachment":[{"href":"https:\/\/catolicanet.net\/wp-cnet\/wp-json\/wp\/v2\/media?parent=80660"}],"wp:term":[{"taxonomy":"category","embeddable":true,"href":"https:\/\/catolicanet.net\/wp-cnet\/wp-json\/wp\/v2\/categories?post=80660"},{"taxonomy":"post_tag","embeddable":true,"href":"https:\/\/catolicanet.net\/wp-cnet\/wp-json\/wp\/v2\/tags?post=80660"}],"curies":[{"name":"wp","href":"https:\/\/api.w.org\/{rel}","templated":true}]}}