{"id":80635,"date":"2023-04-06T09:50:48","date_gmt":"2023-04-06T12:50:48","guid":{"rendered":"https:\/\/catolicanet.net\/wp-cnet\/?p=80635"},"modified":"2023-04-06T15:28:20","modified_gmt":"2023-04-06T18:28:20","slug":"o-papa-a-maturidade-sacerdotal-passa-pelo-espirito-santo","status":"publish","type":"post","link":"https:\/\/catolicanet.net\/wp-cnet\/o-papa-a-maturidade-sacerdotal-passa-pelo-espirito-santo\/","title":{"rendered":"O Papa: a maturidade sacerdotal passa pelo Esp\u00edrito Santo"},"content":{"rendered":"<figure class=\"article__image\"><span class=\"didascalia_img\">O Papa Francisco na Missa do Crisma, na Bas\u00edlica de S\u00e3o Pedro\u00a0 (VATICAN MEDIA Divisione Foto)<\/span><\/figure>\n<div class=\"article__meta audioInside\" data-mediatype=\"\">\n<div class=\"article__subTitle\" style=\"text-align: justify;\">&#8220;O Esp\u00edrito \u00e9 o protagonista e \u00e9 bom hoje, no dia do nascimento do sacerd\u00f3cio, reconhecer que Ele est\u00e1 na origem do nosso minist\u00e9rio, da vida e da vitalidade de cada Pastor. Sem Ele, nem sequer a Igreja seria a Esposa viva de Cristo, mas, no m\u00e1ximo, uma organiza\u00e7\u00e3o religiosa&#8221;, disse Francisco em sua homilia.<\/div>\n<div class=\"title__separator\" style=\"text-align: justify;\"><\/div>\n<div class=\"article__text\">\n<p style=\"text-align: justify;\"><b>Mariangela Jaguraba &#8211; Vatican News<\/b><\/p>\n<p style=\"text-align: justify;\">O Papa Francisco celebrou a Missa do Crisma, na manh\u00e3 desta quinta-feira (06\/04), na Bas\u00edlica de S\u00e3o Pedro.<\/p>\n<div style=\"text-align: justify;\">\n<div class=\"article__embed article__embed--unwrap article__embed--dark\">\n<div class=\"article__innerTitle\">Ou\u00e7a e compartilhe<\/div>\n<div>\n<!--[if lt IE 9]><script>document.createElement('audio');<\/script><![endif]-->\n<audio class=\"wp-audio-shortcode\" id=\"audio-80635-1\" preload=\"none\" style=\"width: 100%;\" controls=\"controls\"><source type=\"audio\/mpeg\" src=\"https:\/\/media.vaticannews.va\/media\/audio\/s1\/2023\/04\/06\/12\/137019212_F137019212.mp3?_=1\" \/><a href=\"https:\/\/media.vaticannews.va\/media\/audio\/s1\/2023\/04\/06\/12\/137019212_F137019212.mp3\">https:\/\/media.vaticannews.va\/media\/audio\/s1\/2023\/04\/06\/12\/137019212_F137019212.mp3<\/a><\/audio>\n<\/div>\n<\/div>\n<\/div>\n<p style=\"text-align: justify;\">\u00abO Esp\u00edrito do Senhor est\u00e1 sobre mim\u00bb. Com este vers\u00edculo do Evangelho de Lucas, teve in\u00edcio a homilia do Pont\u00edfice. Francisco refletiu com os sacerdotes e fi\u00e9is, presentes na missa, sobre o Esp\u00edrito do Senhor, &#8220;pois sem ele n\u00e3o h\u00e1 vida crist\u00e3 e, sem a sua un\u00e7\u00e3o, n\u00e3o h\u00e1 santidade&#8221;.<\/p>\n<div style=\"text-align: justify;\">\n<div class=\"article__embed article__embed--border embed_style\">\n<blockquote><p>\u201cO Esp\u00edrito \u00e9 o protagonista e \u00e9 bom hoje, no dia do nascimento do sacerd\u00f3cio, reconhecer que Ele est\u00e1 na origem do nosso minist\u00e9rio, da vida e da vitalidade de cada Pastor.\u201d<\/p><\/blockquote>\n<\/div>\n<\/div>\n<p style=\"text-align: justify;\"><i>Sem Ele, nem sequer a Igreja seria a Esposa viva de Cristo, mas, no m\u00e1ximo, uma organiza\u00e7\u00e3o religiosa; n\u00e3o seria o Corpo de Cristo, mas um templo constru\u00eddo por m\u00e3os humanas. Ent\u00e3o como edificar a Igreja sen\u00e3o a partir do fato de sermos \u00abtemplos do Esp\u00edrito Santo\u00bb que habita em n\u00f3s? N\u00e3o podemos deix\u00e1-Lo fora de casa ou arrum\u00e1-Lo em qualquer \u00e1rea devocional.<\/i><\/p>\n<p style=\"text-align: justify;\">&#8220;Cada um de n\u00f3s pode dizer: O Esp\u00edrito do Senhor est\u00e1 sobre mim. N\u00e3o \u00e9 presun\u00e7\u00e3o, mas a realidade, j\u00e1 que cada crist\u00e3o, e de modo particular cada sacerdote, pode fazer suas as palavras: \u00abporque o Senhor me consagrou com a un\u00e7\u00e3o\u00bb. Irm\u00e3os, sem m\u00e9rito nosso, por pura gra\u00e7a, recebemos uma un\u00e7\u00e3o que nos fez pais e pastores no Povo santo de Deus&#8221;, sublinhou Francisco, detendo-se neste aspecto do Esp\u00edrito: &#8220;<b>A un\u00e7\u00e3o<\/b>&#8220;.<\/p>\n<p style=\"text-align: justify;\">&#8220;Depois da primeira \u00abun\u00e7\u00e3o\u00bb que aconteceu no ventre de Maria, o Esp\u00edrito desceu sobre Jesus no Jord\u00e3o. Jesus e o Esp\u00edrito trabalham sempre juntos, como se fossem as duas m\u00e3os do Pai que, estendidas para n\u00f3s, nos abra\u00e7am e levantam. E, por elas, foram marcadas as nossas m\u00e3os, ungidas pelo Esp\u00edrito de Cristo. Sim, meus irm\u00e3os, o Senhor n\u00e3o Se limitou a escolher-nos e chamar-nos, mas infundiu em n\u00f3s a un\u00e7\u00e3o do seu Esp\u00edrito, o mesmo que desceu sobre os Ap\u00f3stolos&#8221;, disse o Pont\u00edfice.<\/p>\n<h2 style=\"text-align: justify;\">Tr\u00eas tenta\u00e7oes perigosas<\/h2>\n<p style=\"text-align: justify;\">&#8220;Fixemos ent\u00e3o o nosso olhar nos Ap\u00f3stolos&#8221;, disse o Papa. &#8220;Jesus sabia que eles, sozinhos, n\u00e3o conseguiriam e, por isso, prometeu-lhes o Par\u00e1clito. E foi aquela \u00absegunda un\u00e7\u00e3o\u00bb, no Pentecostes, que transformou os disc\u00edpulos, levando-os a apascentar o rebanho de Deus, e n\u00e3o a si mesmos. Foi aquela un\u00e7\u00e3o de fogo que extinguiu uma religiosidade centrada neles mesmos e nas pr\u00f3prias capacidades: acolhido o Esp\u00edrito, evaporam-se os medos e as hesita\u00e7\u00f5es de Pedro, Tiago e Jo\u00e3o, consumidos pelo anseio de dar a vida, deixam de procurar lugares de honra,\u00a0<b>o carreirismo, nosso, irm\u00e3os,<\/b>\u00a0os outros deixam de estar fechados e temerosos no Cen\u00e1culo, mas saem e tornam-se ap\u00f3stolos pelo mundo inteiro&#8221;.<\/p>\n<p style=\"text-align: justify;\"><i>Irm\u00e3os, um itiner\u00e1rio semelhante abra\u00e7a a nossa vida sacerdotal e apost\u00f3lica. Tamb\u00e9m para n\u00f3s houve uma primeira un\u00e7\u00e3o, com in\u00edcio num chamado cheio de amor que nos arrebatou o cora\u00e7\u00e3o. Por ele, soltamos as amarras e, sobre um genu\u00edno entusiasmo, desceu a for\u00e7a do Esp\u00edrito que nos consagrou. Depois, segundo os tempos de Deus, havia de chegar para cada um a etapa pascal, que marca a hora da verdade. Trata-se de um momento de crise, que possui v\u00e1rias formas. A todos acontece, mais cedo ou mais tarde, experimentar desilus\u00f5es, cansa\u00e7os e fraquezas, com o ideal que parece diluir-se perante as exig\u00eancias da realidade, substitu\u00eddo por uma certa rotina; e algumas prova\u00e7\u00f5es \u2013 dif\u00edceis de imaginar antes \u2013 fazem aparecer a fidelidade mais inc\u00f4moda do que outrora. Esta etapa, desta tenta\u00e7\u00e3o, desta prova\u00e7\u00e3o que todos n\u00f3s tivemos, temos e teremos, esta etapa \u00e9, para quem recebeu a un\u00e7\u00e3o, um cume decisivo.<\/i><\/p>\n<p style=\"text-align: justify;\">Segundo o Papa, desse cume decisivo &#8220;pode-se sair mal, deixando-se planar rumo a uma certa mediocridade, arrastando-se cansado numa \u00abnormalidade\u00bb cinzenta onde se insinuam\u00a0<b>tr\u00eas tenta\u00e7\u00f5es\u00a0perigosas\u00a0<\/b>: a da\u00a0<b>acomoda\u00e7\u00e3o<\/b>, em que a pessoa se contenta com o que pode fazer; a de\u00a0<b>substitui\u00e7\u00e3o<\/b>, em que se tenta \u00abrecarregar\u00bb o esp\u00edrito com algo diferente da nossa un\u00e7\u00e3o; a do\u00a0<b>des\u00e2nimo<\/b>, em que, insatisfeitos, se avan\u00e7a por in\u00e9rcia&#8221;.<\/p>\n<p style=\"text-align: justify;\"><i>Aqui est\u00e1 o grande risco: permanecem intactas as apar\u00eancias, enquanto a pessoa se fecha em si mesma e conduz a vida na apatia; a fragr\u00e2ncia da un\u00e7\u00e3o deixou de perfumar a vida, e o cora\u00e7\u00e3o, em vez de se dilatar, restringe-se, envolvido pelo desencanto. \u00c9 um destilado, sabe? Quando o sacerd\u00f3cio desliza lentamente para o clericalismo, e o sacerdote se esquece de ser pastor do povo, para se tornar um cl\u00e9rigo de Estado.<\/i><\/p>\n<h2 style=\"text-align: justify;\">Crise, um ponto de virada no sacerd\u00f3cio<\/h2>\n<p style=\"text-align: justify;\">A seguir, o Pont\u00edfice disse que a &#8220;<b>crise pode tornar-se tamb\u00e9m um ponto de virada no sacerd\u00f3cio<\/b>, a \u00abetapa decisiva da vida espiritual, em que se deve\u00a0<b>efetuar a \u00faltima escolha entre Jesus e o mundo<\/b>, entre\u00a0<b>a heroicidade da caridade e a mediocridade<\/b>, entre\u00a0<b>a cruz e um certo bem-estar<\/b>, entre a\u00a0<b>santidade e uma honesta fidelidade ao compromisso religioso<\/b>\u00bb&#8221;. Francisco recomendou a leitura do livro &#8220;O segundo chamado&#8221;, um cl\u00e1ssico do pe. Voillaume que aborda este problema. &#8220;Todos n\u00f3s precisamos refletir sobre este momento do nosso sacerd\u00f3cio&#8221;, sublinhou.<\/p>\n<p style=\"text-align: justify;\">&#8220;Irm\u00e3os,\u00a0<b>a maturidade sacerdotal passa pelo Esp\u00edrito Santo<\/b>, realiza-se quando Ele se torna o protagonista da nossa vida. Ent\u00e3o tudo muda de perspectiva, inclusive as desilus\u00f5es e amarguras, porque j\u00e1 n\u00e3o se trata de procurar aperfei\u00e7oar-se ajustando qualquer coisa, mas de nos entregarmos, sem nada reter para n\u00f3s, \u00c0quele que nos impregnou com a sua un\u00e7\u00e3o e quer descer at\u00e9 ao fundo de n\u00f3s mesmos&#8221;, disse ainda o Papa.<\/p>\n<h2 style=\"text-align: justify;\">Construir a harmonia<\/h2>\n<p style=\"text-align: justify;\">De acordo com Francisco, tudo o que o Esp\u00edrito Santo deseja &#8220;\u00e9 criar harmonia, principalmente atrav\u00e9s daqueles sobre quem derramou a sua un\u00e7\u00e3o. Irm\u00e3os,\u00a0<b>construir a harmonia<\/b>\u00a0<b>entre n\u00f3s<\/b>\u00a0n\u00e3o \u00e9 tanto um m\u00e9todo bom, para que a comunidade eclesial caminhe melhor, nem \u00e9 quest\u00e3o de estrat\u00e9gia ou de cortesia, mas\u00a0<b>\u00e9 sobretudo uma exig\u00eancia interna na vida do Esp\u00edrito<\/b>. Peca-se contra o Esp\u00edrito, que \u00e9 comunh\u00e3o, quando nos tornamos, mesmo por frivolidade, instrumentos de divis\u00e3o, de fofoca, e faz-se o jogo do inimigo, que nunca sai a descoberto, mas gosta de boatos e insinua\u00e7\u00f5es, fomenta partidos e fa\u00e7\u00f5es, alimenta a nostalgia do passado, a desconfian\u00e7a, o pessimismo, o medo. Por favor, estejamos atentos a n\u00e3o manchar a un\u00e7\u00e3o do Esp\u00edrito e o vestido da M\u00e3e Igreja com a desuni\u00e3o, com as polariza\u00e7\u00f5es, com qualquer falta de caridade e comunh\u00e3o.\u00a0<b>Recordemos que o Esp\u00edrito, \u00abo n\u00f3s de Deus\u00bb, prefere a forma comunit\u00e1ria<\/b>: a disponibilidade acima das exig\u00eancias pr\u00f3prias, a obedi\u00eancia acima dos pr\u00f3prios gostos, a humildade acima das pr\u00f3prias pretens\u00f5es&#8221;.<\/p>\n<h2 style=\"text-align: justify;\">Gentileza do sacerdote<\/h2>\n<p style=\"text-align: justify;\">&#8220;Penso tamb\u00e9m na\u00a0<i>gentileza do sacerdote<\/i>&#8220;, disse o Papa, acrescentando que muitas vezes os sacerdotes s\u00e3o &#8220;mal-educados&#8221;: &#8220;Pensemos na gentileza do sacerdote, se encontram at\u00e9 em n\u00f3s pessoas insatisfeitas e descontentes, solteir\u00f5es, que criticam e apontam o dedo, onde ver\u00e3o a harmonia?<\/p>\n<p style=\"text-align: justify;\">Por fim, o Papa agradeceu aos sacerdotes pelo &#8220;seu testemunho e servi\u00e7o, pelo bem oculto que fazem, pelo perd\u00e3o e a consola\u00e7\u00e3o que oferecem em nome de Deus<b>: perdoar sempre, por favor, nunca negar o perd\u00e3o<\/b>&#8220;. Agradeceu tamb\u00e9m &#8220;pelo seu minist\u00e9rio, que muitas vezes se realiza no meio de tantas fadigas e pouco reconhecimento&#8221;. O Esp\u00edrito de Deus, que n\u00e3o desilude quem coloca n\u2019Ele a pr\u00f3pria confian\u00e7a, os encha de paz e leve a bom termo aquilo come\u00e7ou em voc\u00eas, para serem profetas da sua un\u00e7\u00e3o e ap\u00f3stolos de harmonia&#8221;, concluiu.<\/p>\n<\/div>\n<\/div>\n","protected":false},"excerpt":{"rendered":"<p>O Papa Francisco na Missa do Crisma, na Bas\u00edlica de S\u00e3o Pedro\u00a0 (VATICAN MEDIA Divisione Foto) &#8220;O Esp\u00edrito \u00e9 o protagonista e \u00e9 bom hoje, no dia do nascimento do sacerd\u00f3cio, reconhecer que Ele est\u00e1 na origem do nosso minist\u00e9rio, da vida e da vitalidade de cada Pastor. Sem Ele, nem sequer a Igreja seria [&hellip;]<\/p>\n","protected":false},"author":1,"featured_media":80636,"comment_status":"open","ping_status":"closed","sticky":false,"template":"","format":"standard","meta":{"footnotes":""},"categories":[13,3],"tags":[],"class_list":["post-80635","post","type-post","status-publish","format-standard","has-post-thumbnail","hentry","category-featured","category-vaticano"],"_links":{"self":[{"href":"https:\/\/catolicanet.net\/wp-cnet\/wp-json\/wp\/v2\/posts\/80635","targetHints":{"allow":["GET"]}}],"collection":[{"href":"https:\/\/catolicanet.net\/wp-cnet\/wp-json\/wp\/v2\/posts"}],"about":[{"href":"https:\/\/catolicanet.net\/wp-cnet\/wp-json\/wp\/v2\/types\/post"}],"author":[{"embeddable":true,"href":"https:\/\/catolicanet.net\/wp-cnet\/wp-json\/wp\/v2\/users\/1"}],"replies":[{"embeddable":true,"href":"https:\/\/catolicanet.net\/wp-cnet\/wp-json\/wp\/v2\/comments?post=80635"}],"version-history":[{"count":1,"href":"https:\/\/catolicanet.net\/wp-cnet\/wp-json\/wp\/v2\/posts\/80635\/revisions"}],"predecessor-version":[{"id":80637,"href":"https:\/\/catolicanet.net\/wp-cnet\/wp-json\/wp\/v2\/posts\/80635\/revisions\/80637"}],"wp:featuredmedia":[{"embeddable":true,"href":"https:\/\/catolicanet.net\/wp-cnet\/wp-json\/wp\/v2\/media\/80636"}],"wp:attachment":[{"href":"https:\/\/catolicanet.net\/wp-cnet\/wp-json\/wp\/v2\/media?parent=80635"}],"wp:term":[{"taxonomy":"category","embeddable":true,"href":"https:\/\/catolicanet.net\/wp-cnet\/wp-json\/wp\/v2\/categories?post=80635"},{"taxonomy":"post_tag","embeddable":true,"href":"https:\/\/catolicanet.net\/wp-cnet\/wp-json\/wp\/v2\/tags?post=80635"}],"curies":[{"name":"wp","href":"https:\/\/api.w.org\/{rel}","templated":true}]}}