{"id":80626,"date":"2023-04-05T10:59:31","date_gmt":"2023-04-05T13:59:31","guid":{"rendered":"https:\/\/catolicanet.net\/wp-cnet\/?p=80626"},"modified":"2023-04-05T18:01:21","modified_gmt":"2023-04-05T21:01:21","slug":"prisao-para-menores-em-casal-del-marmo-o-papa-lavara-os-pes-de-12-jovens","status":"publish","type":"post","link":"https:\/\/catolicanet.net\/wp-cnet\/prisao-para-menores-em-casal-del-marmo-o-papa-lavara-os-pes-de-12-jovens\/","title":{"rendered":"Pris\u00e3o para menores. Em Casal del Marmo, o Papa lavar\u00e1 os p\u00e9s de 12 jovens"},"content":{"rendered":"<div class=\"mediaContent__inner \">\n<figure class=\"article__image\"><span class=\"didascalia_img\">Papa Francisco durante o rito do lava-p\u00e9s no Instituto penal para menores de Casal del Marmo, 2013 (Vatican Media)<\/span><\/figure>\n<\/div>\n<article class=\"article \">\n<div class=\"article__meta audioInside\" data-mediatype=\"foto\">\n<div class=\"article__subTitle\" style=\"text-align: justify;\">&#8220;A escolha do Pont\u00edfice de viver a Quinta-feira Santa entre os jovens de Casal del Marmo tem o sabor da proximidade para sensibilizar a sociedade, as Institui\u00e7\u00f5es e a pol\u00edtica com a inten\u00e7\u00e3o de orientar as consci\u00eancias para respostas concretas de alian\u00e7as educativas, porque, muitas vezes, os jovens t\u00eam \u00e0 sua disposi\u00e7\u00e3o modelos errados&#8221;. Assim, o padre Raffaele Grimaldi (Inspetoria dos Capel\u00e3es dos C\u00e1rceres da It\u00e1lia) comenta o significado da Liturgia no Instituto penitenci\u00e1rio para menores<\/div>\n<div class=\"title__separator\" style=\"text-align: justify;\"><\/div>\n<div class=\"article__text\">\n<p style=\"text-align: justify;\"><b>Vatican News<\/b><\/p>\n<div style=\"text-align: justify;\">\n<div class=\"article__embed article__embed--unwrap article__embed--dark\">\n<div class=\"article__innerTitle\">Ou\u00e7a a reportagem e compartilhe<\/div>\n<div>\n<!--[if lt IE 9]><script>document.createElement('audio');<\/script><![endif]-->\n<audio class=\"wp-audio-shortcode\" id=\"audio-80626-1\" preload=\"none\" style=\"width: 100%;\" controls=\"controls\"><source type=\"audio\/mpeg\" src=\"https:\/\/media.vaticannews.va\/media\/audio\/s1\/2023\/04\/05\/12\/137017584_F137017584.mp3?_=1\" \/><a href=\"https:\/\/media.vaticannews.va\/media\/audio\/s1\/2023\/04\/05\/12\/137017584_F137017584.mp3\">https:\/\/media.vaticannews.va\/media\/audio\/s1\/2023\/04\/05\/12\/137017584_F137017584.mp3<\/a><\/audio>\n<\/div>\n<\/div>\n<\/div>\n<p style=\"text-align: justify;\">Tamb\u00e9m este ano, o Santo Padre o Papa Francisco escolheu um instituto penitenci\u00e1rio para celebrar a Liturgia da Ceia do Senhor com o rito do Lava-P\u00e9s, dando prefer\u00eancia aos jovens.\u00a0 Esta quinta-feira, 6 de abril, a Liturgia ser\u00e1 celebrada no Instituto penitenci\u00e1rio para menores de Casal del Marmo, na periferia de Roma.<\/p>\n<p style=\"text-align: justify;\">O Papa Francisco quer repetir um gesto de profunda humanidade, caridade e proximidade em uma pris\u00e3o de Roma e escolheu o Instituto de Casal del Marmo para encontrar os jovens, jovens carentes de afeto, ternura e escuta.<\/p>\n<p style=\"text-align: justify;\">&#8220;Lembro-me da imagem afetuosa do av\u00f4 que vai abra\u00e7ar seus netos &#8211; sem desrespeitar o Santo Padre &#8211; que gritam sua dor e sabem que n\u00e3o ser\u00e3o julgados por seus erros, mas para oferecer-lhes encorajamento e o convite a nunca perderem a esperan\u00e7a&#8221;, diz o padre Raffaele Grimaldi, num comunicado da Inspetoria dos Capel\u00e3es dos C\u00e1rceres da It\u00e1lia.<\/p>\n<h2 style=\"text-align: justify;\">Lavar\u00e1 os p\u00e9s de 12 jovens de diferentes nacionalidades<\/h2>\n<p style=\"text-align: justify;\">Ele se ajoelhar\u00e1 diante deles &#8211; prossegue &#8211; no gesto de pedir desculpas em nome de uma parte da sociedade que os iludiu, seduziu e depois os abandonou. Lavar\u00e1 os p\u00e9s de 12 jovens de diferentes nacionalidades em sinal solid\u00e1rio da fraternidade, um convite para dizer-lhes que &#8220;somos irm\u00e3os&#8221; com o encorajamento a retomar a beleza de suas vidas.<\/p>\n<p style=\"text-align: justify;\">Como um pai amoroso, o Papa Francisco se ajoelhar\u00e1 diante dos jovens reclusos para lan\u00e7ar um apelo \u00e0s Institui\u00e7\u00f5es para que n\u00e3o abandonem estes fr\u00e1geis jovens que muitas vezes se encontram sozinhos, abandonados, perdidos e desorientados, sem pontos de refer\u00eancia. N\u00e3o t\u00eam o calor de suas fam\u00edlias, s\u00e3o esmagados pelos erros que cometeram e carregam em seus cora\u00e7\u00f5es o grito do sofrimento e da raiva.<\/p>\n<p style=\"text-align: justify;\">O Papa Francisco enxugar\u00e1 os p\u00e9s molhados dos jovens com a toalha da miseric\u00f3rdia como gesto solid\u00e1rio de uma humanidade que n\u00e3o julga, n\u00e3o condena, n\u00e3o levanta muros de defesa e de exclus\u00e3o. O verdadeiro objetivo da justi\u00e7a n\u00e3o \u00e9 punir e reprimir, mas o convite a quem errou a reconstruir os la\u00e7os rompidos. \u00c9 necess\u00e1rio ajudar os jovens errantes e solit\u00e1rios a encarnar a justi\u00e7a reparadora, que coloca a dor e o sofrimento da v\u00edtima no centro.<\/p>\n<h2 style=\"text-align: justify;\">Colocar a pessoa de volta ao centro<\/h2>\n<p style=\"text-align: justify;\">O Papa Francisco, ajoelhado diante dos jovens reclusos, beijar\u00e1 seus p\u00e9s como fez Jesus; o beijo n\u00e3o \u00e9 o de algu\u00e9m que trai, ao contr\u00e1rio, \u00e9 o beijo da ternura de acolhida de Deus; \u00e9 o beijo amigo de quem quer levantar os jovens que ca\u00edram na rede do mal.<\/p>\n<p style=\"text-align: justify;\">A escolha do Pont\u00edfice de viver a Quinta-feira Santa em meio aos jovens de Casal del Marmo tem o sabor da proximidade para sensibilizar a sociedade, as institui\u00e7\u00f5es e a pol\u00edtica com a inten\u00e7\u00e3o de orientar as consci\u00eancias para respostas concretas de alian\u00e7as educativas.\u00a0 A aten\u00e7\u00e3o ao desconforto dos jovens deve encontrar respostas nos instrumentos de preven\u00e7\u00e3o e discernimento porque os jovens muitas vezes t\u00eam modelos errados \u00e0 sua disposi\u00e7\u00e3o&#8221;.<\/p>\n<p style=\"text-align: justify;\">Combater o desconforto dos jovens significa colocar a pessoa de volta ao centro, promovendo o recurso de cada um, apoiando-o atrav\u00e9s da escola, da arte, da m\u00fasica e do esporte em favor de uma integra\u00e7\u00e3o social substancial que se realiza mediante o trabalho.<\/p>\n<\/div>\n<\/div>\n<\/article>\n","protected":false},"excerpt":{"rendered":"<p>Papa Francisco durante o rito do lava-p\u00e9s no Instituto penal para menores de Casal del Marmo, 2013 (Vatican Media) &#8220;A escolha do Pont\u00edfice de viver a Quinta-feira Santa entre os jovens de Casal del Marmo tem o sabor da proximidade para sensibilizar a sociedade, as Institui\u00e7\u00f5es e a pol\u00edtica com a inten\u00e7\u00e3o de orientar as [&hellip;]<\/p>\n","protected":false},"author":1,"featured_media":80627,"comment_status":"open","ping_status":"closed","sticky":false,"template":"","format":"standard","meta":{"footnotes":""},"categories":[3],"tags":[],"class_list":["post-80626","post","type-post","status-publish","format-standard","has-post-thumbnail","hentry","category-vaticano"],"_links":{"self":[{"href":"https:\/\/catolicanet.net\/wp-cnet\/wp-json\/wp\/v2\/posts\/80626","targetHints":{"allow":["GET"]}}],"collection":[{"href":"https:\/\/catolicanet.net\/wp-cnet\/wp-json\/wp\/v2\/posts"}],"about":[{"href":"https:\/\/catolicanet.net\/wp-cnet\/wp-json\/wp\/v2\/types\/post"}],"author":[{"embeddable":true,"href":"https:\/\/catolicanet.net\/wp-cnet\/wp-json\/wp\/v2\/users\/1"}],"replies":[{"embeddable":true,"href":"https:\/\/catolicanet.net\/wp-cnet\/wp-json\/wp\/v2\/comments?post=80626"}],"version-history":[{"count":1,"href":"https:\/\/catolicanet.net\/wp-cnet\/wp-json\/wp\/v2\/posts\/80626\/revisions"}],"predecessor-version":[{"id":80628,"href":"https:\/\/catolicanet.net\/wp-cnet\/wp-json\/wp\/v2\/posts\/80626\/revisions\/80628"}],"wp:featuredmedia":[{"embeddable":true,"href":"https:\/\/catolicanet.net\/wp-cnet\/wp-json\/wp\/v2\/media\/80627"}],"wp:attachment":[{"href":"https:\/\/catolicanet.net\/wp-cnet\/wp-json\/wp\/v2\/media?parent=80626"}],"wp:term":[{"taxonomy":"category","embeddable":true,"href":"https:\/\/catolicanet.net\/wp-cnet\/wp-json\/wp\/v2\/categories?post=80626"},{"taxonomy":"post_tag","embeddable":true,"href":"https:\/\/catolicanet.net\/wp-cnet\/wp-json\/wp\/v2\/tags?post=80626"}],"curies":[{"name":"wp","href":"https:\/\/api.w.org\/{rel}","templated":true}]}}