{"id":806,"date":"2023-02-28T00:00:46","date_gmt":"2023-02-28T03:00:46","guid":{"rendered":"http:\/\/catolicanet.net\/wp-cnet\/?p=806"},"modified":"2023-01-02T18:42:15","modified_gmt":"2023-01-02T21:42:15","slug":"sao-romao-e-lupicino","status":"publish","type":"post","link":"https:\/\/catolicanet.net\/wp-cnet\/sao-romao-e-lupicino\/","title":{"rendered":"S\u00e3o Rom\u00e3o e Lupicino"},"content":{"rendered":"<p style=\"text-align: justify;\">S\u00e3o Rom\u00e3o\u00a0entrou para a vida religiosa com 35 anos, na Fran\u00e7a, onde nasceram os dois\u00a0santos de hoje. Ele foi discernindo sua voca\u00e7\u00e3o, que o deixava inquieto, apesar\u00a0de j\u00e1 estar na vida religiosa. Ao tomar as constitui\u00e7\u00f5es de Cassiano e tamb\u00e9m o\u00a0testemunho dos Padres do deserto, deixou o convento e foi peregrinar,\u00a0procurando o lugar onde Deus o queria vivendo.\u00a0Indo para o Leste, encontrou uma natureza distante de todos e percebeu que Deus\u00a0o queria ali.\u00a0Vivia os trabalhos manuais, a ora\u00e7\u00e3o e a leitura, at\u00e9 o seu irm\u00e3o Lupicino,\u00a0ent\u00e3o vi\u00favo, se unir a ele. Fundaram ent\u00e3o um novo Mosteiro, que se baseava nas\u00a0regras de S\u00e3o Pac\u00f4mio, S\u00e3o Bas\u00edlio e Cassiano.<\/p>\n<p style=\"text-align: justify;\">Rom\u00e3o tinha um temperamento e caminhada espiritual onde com facilidade era dado\u00a0\u00e0 miseric\u00f3rdia, \u00e0 compreens\u00e3o e toler\u00e2ncia. Lupicino era justi\u00e7a e\u00a0intoler\u00e2ncia. Nas diferen\u00e7as, os irm\u00e3os se completavam, e ajudavam aos irm\u00e3os\u00a0da comunidade, que a santidade se d\u00e1 nessa conjuga\u00e7\u00e3o: amor, justi\u00e7a,\u00a0miseric\u00f3rdia, verdade, inspira\u00e7\u00e3o, transpira\u00e7\u00e3o, severidade, compreens\u00e3o. Eles\u00a0eram iguais na busca da santidade.<\/p>\n<p style=\"text-align: justify;\">O Bispo Santo Hil\u00e1rio ordenou Rom\u00e3o, que faleceu em 463. E em 480 vai para a\u00a0gl\u00f3ria S\u00e3o Lupicino.<\/p>\n<p style=\"text-align: justify;\">Santos Rom\u00e3o e Lupicino, rogai por n\u00f3s!<\/p>\n","protected":false},"excerpt":{"rendered":"<p>S\u00e3o Rom\u00e3o\u00a0entrou para a vida religiosa com 35 anos, na Fran\u00e7a, onde nasceram os dois\u00a0santos de hoje. Ele foi discernindo sua voca\u00e7\u00e3o, que o deixava inquieto, apesar\u00a0de j\u00e1 estar na vida religiosa. Ao tomar as constitui\u00e7\u00f5es de Cassiano e tamb\u00e9m o\u00a0testemunho dos Padres do deserto, deixou o convento e foi peregrinar,\u00a0procurando o lugar onde Deus [&hellip;]<\/p>\n","protected":false},"author":1,"featured_media":22157,"comment_status":"open","ping_status":"open","sticky":false,"template":"","format":"standard","meta":{"footnotes":""},"categories":[32],"tags":[],"class_list":["post-806","post","type-post","status-publish","format-standard","has-post-thumbnail","hentry","category-santo-do-dia"],"_links":{"self":[{"href":"https:\/\/catolicanet.net\/wp-cnet\/wp-json\/wp\/v2\/posts\/806","targetHints":{"allow":["GET"]}}],"collection":[{"href":"https:\/\/catolicanet.net\/wp-cnet\/wp-json\/wp\/v2\/posts"}],"about":[{"href":"https:\/\/catolicanet.net\/wp-cnet\/wp-json\/wp\/v2\/types\/post"}],"author":[{"embeddable":true,"href":"https:\/\/catolicanet.net\/wp-cnet\/wp-json\/wp\/v2\/users\/1"}],"replies":[{"embeddable":true,"href":"https:\/\/catolicanet.net\/wp-cnet\/wp-json\/wp\/v2\/comments?post=806"}],"version-history":[{"count":2,"href":"https:\/\/catolicanet.net\/wp-cnet\/wp-json\/wp\/v2\/posts\/806\/revisions"}],"predecessor-version":[{"id":22158,"href":"https:\/\/catolicanet.net\/wp-cnet\/wp-json\/wp\/v2\/posts\/806\/revisions\/22158"}],"wp:featuredmedia":[{"embeddable":true,"href":"https:\/\/catolicanet.net\/wp-cnet\/wp-json\/wp\/v2\/media\/22157"}],"wp:attachment":[{"href":"https:\/\/catolicanet.net\/wp-cnet\/wp-json\/wp\/v2\/media?parent=806"}],"wp:term":[{"taxonomy":"category","embeddable":true,"href":"https:\/\/catolicanet.net\/wp-cnet\/wp-json\/wp\/v2\/categories?post=806"},{"taxonomy":"post_tag","embeddable":true,"href":"https:\/\/catolicanet.net\/wp-cnet\/wp-json\/wp\/v2\/tags?post=806"}],"curies":[{"name":"wp","href":"https:\/\/api.w.org\/{rel}","templated":true}]}}