{"id":80598,"date":"2023-04-04T09:31:44","date_gmt":"2023-04-04T12:31:44","guid":{"rendered":"https:\/\/catolicanet.net\/wp-cnet\/?p=80598"},"modified":"2023-04-04T17:33:16","modified_gmt":"2023-04-04T20:33:16","slug":"ucrania-a-alianca-que-cura-os-vicios","status":"publish","type":"post","link":"https:\/\/catolicanet.net\/wp-cnet\/ucrania-a-alianca-que-cura-os-vicios\/","title":{"rendered":"Ucr\u00e2nia: a alian\u00e7a que cura os v\u00edcios"},"content":{"rendered":"<p><span class=\"didascalia_img\">Um momento espiritual entre os h\u00f3spedes do Centro Nazar\u00e9, vivido ao ar livre\u00a0<\/span><\/p>\n<div class=\"article__subTitle\" style=\"text-align: justify;\">Na regi\u00e3o de Lviv, apesar das bombas que caem incessantemente h\u00e1 um ano nesta terra martirizada, existe um lugar que ajuda quem sofre de v\u00e1rias formas de v\u00edcios a se curar e voltar ao mundo. Desde o in\u00edcio da guerra, soldados e deslocados tamb\u00e9m v\u00eam aqui para aprender a viver em harmonia com os outros e com a Cria\u00e7\u00e3o.<\/div>\n<div class=\"title__separator\" style=\"text-align: justify;\"><\/div>\n<div class=\"article__text\">\n<p style=\"text-align: justify;\"><b>Svitlana Dukhovych \u2013 Vatican News<\/b><\/p>\n<p style=\"text-align: justify;\">\u201cUma arma poderosa do maligno contra o homem e o mundo \u00e9 a desvaloriza\u00e7\u00e3o de tudo: de si e dos outros, do meio ambiente e das rela\u00e7\u00f5es. E todos os que sofrem de depend\u00eancias seguem este caminho de desvaloriza\u00e7\u00e3o\u201d. Foi o que disse o pe. Vasyl Bilas, diretor espiritual do centro de recupera\u00e7\u00e3o &#8220;Nazar\u00e9&#8221; na Ucr\u00e2nia, que ajuda as pessoas a superar o v\u00edcio das drogas, do \u00e1lcool e do jogo, acompanhando-as no caminho inverso, o do amor: &#8220;Ajudamos as pessoas a sentirem-se amadas, a acreditar no pr\u00f3prio valor e, consequentemente, a valorizar tamb\u00e9m o mundo circunstante e as pessoas. Em outras palavras, tentamos faz\u00ea-las perceber o olhar de Deus Pai&#8221;, explica pe. Vasyl ao Vatican News. O centro, localizado no meio do verde na regi\u00e3o de Lviv, funciona desde 2004 e \u00e9 apoiado pela Eparquia Sambir-Drohobych da Igreja greco-cat\u00f3lica ucraniana. N\u00e3o \u00e9 por acaso que se chama &#8220;Nazar\u00e9&#8221; porque, como o lugar de nascimento da Virgem Maria, faz germinar a esperan\u00e7a, coloca no cora\u00e7\u00e3o um sinal que muda a hist\u00f3ria das pessoas.<\/p>\n<h2 style=\"text-align: justify;\">Uma casa para recome\u00e7ar a viver<\/h2>\n<p style=\"text-align: justify;\">Mas o que isso tem a ver com a Laudato s\u00ec? \u201cPara poder mudar, as pessoas que nos procuram precisam de um ambiente saud\u00e1vel e confort\u00e1vel e \u00e9 por isso que mais do que uma estrutura de sa\u00fade ou social, o Centro assemelha-se a uma verdadeira casa, rodeada de verde que nunca suspendeu a sua miss\u00e3o, apesar da guerra, onde quem chega para se desintoxicar pode viver com estabilidade e conforto por at\u00e9 dois anos&#8221;, explica Maryna Poturay, psic\u00f3loga e coordenadora de projetos do Centro de Recupera\u00e7\u00e3o. O conceito de \u201ccasa\u201d n\u00e3o se refere apenas ao espa\u00e7o f\u00edsico, mas tamb\u00e9m a um ambiente onde a pessoa se sinta acolhida e estimulada a crescer. Como m\u00e9todo de apoio, o centro &#8220;Nazar\u00e9&#8221; escolheu a uni\u00e3o entre psicologia, religi\u00e3o e espiritualidade. \u201cIsso permite que a pessoa trabalhe em si mesma, em seus pr\u00f3prios valores e em sua vida interior\u201d, insiste o diretor espiritual pe. Vasyl. O bom \u00e9 que as pessoas que v\u00eam ao nosso centro nem sempre s\u00e3o crist\u00e3os praticantes e no in\u00edcio nem se perguntam se o nosso centro est\u00e1 ligado \u00e0 religi\u00e3o: v\u00eam aqui sabendo que precisam de ajuda e a Igreja, como sempre, diz: &#8216;Vamos tentar ajud\u00e1-las&#8217; e elas aceitam essa ajuda, elas confiam. S\u00f3 mais tarde muitos abra\u00e7am a f\u00e9 e \u00e9 isso que muda radicalmente suas vidas\u201d.<\/p>\n<p style=\"text-align: justify;\">&#8220;\u00c9 muito importante que os habitantes do nosso centro tenham a oportunidade de falar com os sacerdotes, participar da liturgia e construir lentamente uma nova rela\u00e7\u00e3o com Deus&#8221;, acrescenta Maryna Poturay, &#8220;porque as pessoas que sofrem de depend\u00eancia t\u00eam uma &#8216;autoestima muito baixa e se sentem abandonadas por todos, inclusive por Deus. Por isso, quando se estabelece esse contato com o Criador, cresce tamb\u00e9m a confian\u00e7a em si mesmas e em seu futuro&#8221;.<\/p>\n<div style=\"text-align: justify;\">\n<div class=\"article__embed article__embed--unwrap article__embed--photo\">\n<figure><picture><img decoding=\"async\" class=\"loaded\" src=\"https:\/\/www.vaticannews.va\/content\/dam\/vaticannews\/multimedia\/2023\/04\/03\/Foto_2.jpg\/_jcr_content\/renditions\/cq5dam.thumbnail.cropped.750.422.jpeg\" alt=\"Pe. Vasyl Bilas diretor espiritual do Centro de Recupera\u00e7\u00e3o \u201cNazar\u00e9\u201d\" data-original=\"\/content\/dam\/vaticannews\/multimedia\/2023\/04\/03\/Foto_2.jpg\/_jcr_content\/renditions\/cq5dam.thumbnail.cropped.750.422.jpeg\" data-was-processed=\"true\" \/><\/picture><\/figure>\n<div class=\"photo_embed--Title\">Pe. Vasyl Bilas diretor espiritual do Centro de Recupera\u00e7\u00e3o \u201cNazar\u00e9\u201d<\/div>\n<\/div>\n<\/div>\n<h2 style=\"text-align: justify;\">Ter as coisas n\u00e3o torna feliz<\/h2>\n<p style=\"text-align: justify;\">Refletindo sobre as causas do aumento exponencial dos v\u00edcios na Ucr\u00e2nia e n\u00e3o s\u00f3, pe. Vasyl comenta que o mundo moderno se tornou muito materialista. \u201cO materialismo, a quantidade de coisas que uma pessoa possui \u2013 diz ele \u2013 nunca \u00e9 um valor que torna uma pessoa melhor. Isso ficou claro por muito tempo, mas agora se promove esse estilo de vida para o qual \u00e9 importante ter muito\u201d. Encontramos confirma\u00e7\u00e3o disso na Enc\u00edclica Laudato si&#8217; do Papa Francisco. Escreve o Pont\u00edfice: &#8220;Dado que o mercado tende a criar um mecanismo consumista compulsivo para vender os seus produtos, as pessoas acabam por ser arrastadas pelo turbilh\u00e3o das compras e gastos sup\u00e9rfluos (LS, 203)&#8221;. &#8220;N\u00e3o \u00e9 pecado ter coisas, continua o sacerdote, mas \u00e9 importante colocar tudo no lugar certo, para restabelecer as prioridades: para as pessoas que creem, Deus deve estar em primeiro lugar, para as que n\u00e3o creem, as rela\u00e7\u00f5es com outras pessoas, e depois v\u00eam outras coisas. J\u00e1 o ego\u00edsta diz: &#8216;Tudo \u00e9 para mim, todos me devem alguma coisa, devo ter muito e se tiver pouco, sou infeliz'&#8221;.<\/p>\n<h2 style=\"text-align: justify;\">Elaborar a dor<\/h2>\n<p style=\"text-align: justify;\">Outra causa frequente na base de um v\u00edcio \u00e9 a dor, o sofrimento n\u00e3o elaborado. Precisamente esse motivo costuma levar a &#8220;Nazar\u00e9&#8221; soldados ucranianos que sofreram forte estresse ou perderam um amigo ou parente nos combates ou sofreram danos f\u00edsicos. Aqui, no centro de recupera\u00e7\u00e3o, eles recebem soldados desde 2015, ap\u00f3s a primeira invas\u00e3o do Leste da Ucr\u00e2nia pela R\u00fassia. \u201cMuitas vezes os militares s\u00e3o deixados sozinhos com sua pr\u00f3pria dor &#8211; explica Pe. Vasyl. Quando voltam para casa de f\u00e9rias, por licen\u00e7a tempor\u00e1ria ou permanente, n\u00e3o falam sobre isso porque acreditam que ningu\u00e9m pode entend\u00ea-los. E como podem realmente explicar o \u00f3dio? O horror? A morte? Muitos ent\u00e3o, para anestesiar a dor que carregam dentro de si, come\u00e7am a beber ou usar drogas. Em vez disso, \u00e9 importante n\u00e3o calar esse sofrimento, mas reviv\u00ea-lo, metaboliz\u00e1-lo, com o apoio de algu\u00e9m. E \u00e9 por isso que &#8220;Nazar\u00e9&#8221; se torna para eles, permanecendo na esfera militar, uma esp\u00e9cie de &#8220;zona tamp\u00e3o&#8221; entre o campo de batalha, de onde saiu o soldado, e a sua casa, de modo que permane\u00e7a durante algum tempo, com pessoas que podem ajud\u00e1-lo a superar essa dor, para que possa voltar mais sereno, mais &#8220;resoluto&#8221; aos seus entes queridos ou na sociedade em geral&#8221;.<\/p>\n<div style=\"text-align: justify;\">\n<div class=\"article__embed article__embed--unwrap article__embed--photo\">\n<figure><picture><img decoding=\"async\" class=\"loaded\" src=\"https:\/\/www.vaticannews.va\/content\/dam\/vaticannews\/multimedia\/2023\/04\/03\/Foto_6.jpg\/_jcr_content\/renditions\/cq5dam.thumbnail.cropped.750.422.jpeg\" alt=\"Mulheres dependentes de drogas, muitas vezes tamb\u00e9m v\u00edtimas de viol\u00eancia, h\u00f3spedes da estrutura, durante o trabalho em grupo\" data-original=\"\/content\/dam\/vaticannews\/multimedia\/2023\/04\/03\/Foto_6.jpg\/_jcr_content\/renditions\/cq5dam.thumbnail.cropped.750.422.jpeg\" data-was-processed=\"true\" \/><\/picture><\/figure>\n<div class=\"photo_embed--Title\">Mulheres dependentes de drogas, muitas vezes tamb\u00e9m v\u00edtimas de viol\u00eancia, h\u00f3spedes da estrutura, durante o trabalho em grupo<\/div>\n<\/div>\n<\/div>\n<h2 style=\"text-align: justify;\">Crescer novamente junto com os outros<\/h2>\n<p style=\"text-align: justify;\">O v\u00edcio envenena v\u00e1rios aspectos da vida de uma pessoa e, com certeza, um dos mais importantes \u00e9 o relacionamento com os outros. \u201cSe uma pessoa sofre de depend\u00eancia por muitos anos \u2013 diz Maryna \u2013 ela perde n\u00e3o apenas os valores e o sentido da vida, mas tamb\u00e9m todas as rela\u00e7\u00f5es sociais, rompe os la\u00e7os com a fam\u00edlia, com os amigos que poderiam ajud\u00e1-la. No &#8220;Nazar\u00e9&#8221;, vivendo em comunidade, onde cada um tem suas pr\u00f3prias responsabilidades e trabalhos a fazer (na cozinha, no jardim, na horta, etc.), as pessoas reaprendem a construir e manter relacionamentos, cuidando de si mesmas, dos outros e tamb\u00e9m do ambiente que as circunda\u201d. A psic\u00f3loga afirma que esta abordagem comunit\u00e1ria \u00e9 tamb\u00e9m importante porque as pessoas que sofreram com a toxicodepend\u00eancia compreendem muito bem as din\u00e2micas comportamentais desta doen\u00e7a e conseguem decifrar rapidamente se, por exemplo, uma delas usa a manipula\u00e7\u00e3o para se aproximar de um operador do centro, ou conta mentiras. Elas podem falar sobre todos esses problemas no grupo e tentar resolv\u00ea-los junto com os especialistas.<\/p>\n<p style=\"text-align: justify;\">A comunidade tamb\u00e9m tem um papel fundamental caso algu\u00e9m decida interromper o processo de reabilita\u00e7\u00e3o e abandonar a estrutura. Maryna explica ainda que quando uma pessoa inicia este percurso, assina uma esp\u00e9cie de contrato com &#8220;Nazar\u00e9&#8221; que pode ser interrompido a qualquer momento, mas se decide faz\u00ea-lo \u00e9 obrigada a reunir a comunidade para anunciar pessoalmente a sua inten\u00e7\u00e3o. O grupo, depois de ouvir, pode dar seu feedback. \u201cMuitas vezes \u2013 explica a psic\u00f3loga \u2013 as pessoas querem sair porque o processo de cura \u00e9 dif\u00edcil, \u00e9 dif\u00edcil mudar. Mas elas n\u00e3o querem reconhecer sua fraqueza e geralmente, inconscientemente, procuram v\u00e1rias desculpas: &#8216;Tenho que pagar minhas d\u00edvidas. Minha esposa espera por mim&#8217; e assim por diante. E \u00e9 justamente o grupo que durante essa reuni\u00e3o ajuda essas pessoas a entender qual \u00e9 o verdadeiro motivo desse abandono e consegue faz\u00ea-las mudar de ideia\u201d.<\/p>\n<div style=\"text-align: justify;\">\n<div class=\"article__embed article__embed--unwrap article__embed--photo\">\n<figure><picture><img decoding=\"async\" class=\"loaded\" src=\"https:\/\/www.vaticannews.va\/content\/dam\/vaticannews\/multimedia\/2023\/04\/03\/Foto_8.jpg\/_jcr_content\/renditions\/cq5dam.thumbnail.cropped.750.422.jpeg\" alt=\"Durante uma celebra\u00e7\u00e3o na igreja do Centro de Nazar\u00e9: muitas das pessoas que chegam aqui n\u00e3o creem e se aproximam da f\u00e9\" data-original=\"\/content\/dam\/vaticannews\/multimedia\/2023\/04\/03\/Foto_8.jpg\/_jcr_content\/renditions\/cq5dam.thumbnail.cropped.750.422.jpeg\" data-was-processed=\"true\" \/><\/picture><\/figure>\n<div class=\"photo_embed--Title\">Durante uma celebra\u00e7\u00e3o na igreja do Centro de Nazar\u00e9: muitas das pessoas que chegam aqui n\u00e3o creem e se aproximam da f\u00e9<\/div>\n<\/div>\n<\/div>\n<h2 style=\"text-align: justify;\">Em harmonia com a Cria\u00e7\u00e3o<\/h2>\n<p style=\"text-align: justify;\">\u201cOs ambientes onde vivemos influem sobre a nossa maneira de ver a vida, sentir e agir. Ao mesmo tempo, no nosso quarto, na nossa casa, no nosso lugar de trabalho e no nosso bairro, usamos o ambiente para exprimir a nossa identidade. Esfor\u00e7amo-nos por nos adaptar ao ambiente e, quando este aparece desordenado, ca\u00f3tico ou cheio de polui\u00e7\u00e3o visiva e ac\u00fastica, o excesso de est\u00edmulos p\u00f5e \u00e0 prova as nossas tentativas de desenvolver uma identidade integrada e feliz\u201d (LS, 147). Esta outra passagem da Laudato si&#8217; nos diz que um ambiente saud\u00e1vel \u00e9 fundamental para a cura.<\/p>\n<p style=\"text-align: justify;\">O Centro de Recupera\u00e7\u00e3o &#8220;Nazar\u00e9&#8221;, composto por alguns edif\u00edcios localizados no meio do bosque, oferece \u00e0s pessoas a oportunidade de se concentrarem na sua recupera\u00e7\u00e3o sem se deixarem distrair pelo caos, pela abund\u00e2ncia de bens de consumo e pelo frenesi das cidades. Aqui, elas passam muito tempo ao ar livre, v\u00e3o passear, apanham lenha no mato, trabalham no jardim e na horta e aprendem a louvar a Deus pelo que a terra lhes d\u00e1. \u201cPelo modo como uma pessoa trata os outros e a si mesma, como trata tamb\u00e9m os animais que temos no territ\u00f3rio de \u201cNazar\u00e9\u201d, como cuida das \u00e1rvores e arbustos que temos plantados, podemos ver se est\u00e1 curando, se fizemos bem o nosso trabalho\u201d, diz o diretor espiritual.<\/p>\n<div style=\"text-align: justify;\">\n<div class=\"article__embed article__embed--unwrap article__embed--photo\">\n<figure><picture><img decoding=\"async\" class=\"loaded\" src=\"https:\/\/www.vaticannews.va\/content\/dam\/vaticannews\/multimedia\/2023\/04\/03\/Foto_3.jpg\/_jcr_content\/renditions\/cq5dam.thumbnail.cropped.750.422.jpeg\" alt=\"Uma vista panor\u00e2mica do Centro Nazar\u00e9\" data-original=\"\/content\/dam\/vaticannews\/multimedia\/2023\/04\/03\/Foto_3.jpg\/_jcr_content\/renditions\/cq5dam.thumbnail.cropped.750.422.jpeg\" data-was-processed=\"true\" \/><\/picture><\/figure>\n<div class=\"photo_embed--Title\">Uma vista panor\u00e2mica do Centro Nazar\u00e9<\/div>\n<\/div>\n<\/div>\n<h2 style=\"text-align: justify;\">A alian\u00e7a que cura<\/h2>\n<p style=\"text-align: justify;\">Ap\u00f3s o in\u00edcio da guerra na Ucr\u00e2nia, em &#8220;Nazar\u00e9&#8221;, que fica no oeste do pa\u00eds, chegaram pedidos de acomoda\u00e7\u00e3o dos deslocados que fugiram das \u00e1reas de combate. A dire\u00e7\u00e3o da unidade decidiu acolh\u00ea-los porque tinham \u00e0 sua disposi\u00e7\u00e3o tanto um pr\u00e9dio adequado por ser separado das pessoas em tratamento, quanto os recursos necess\u00e1rios para atender \u00e0s necessidades b\u00e1sicas. Desde o in\u00edcio do conflito, alguns deslocados foram acolhidos aqui por alguns dias, outros permaneceram por meses, pois n\u00e3o tinham para onde ir. Aqui criam o seu pr\u00f3prio pequeno grupo, mas tamb\u00e9m interagem com toda a comunidade de &#8220;Nazar\u00e9&#8221;: trabalham juntos no jardim, v\u00e3o \u00e0 missa. \u201cMuitas vezes acontecia, diz Maryna, que uma das pessoas deslocadas, ap\u00f3s alguns dias ou semanas de perman\u00eancia, se aproximava a uma das pessoas em tratamento e perguntava: &#8216;Disseram-nos que aqui havia viciados em drogas. Mas voc\u00ea sabe onde eles est\u00e3o?\u201d E ele respondeu com um sorriso: \u201cEu seria um deles\u201d.<\/p>\n<div>\n<div class=\"article__embed article__embed--unwrap article__embed--photo\">\n<figure style=\"text-align: justify;\"><picture><img decoding=\"async\" class=\"loaded\" src=\"https:\/\/www.vaticannews.va\/content\/dam\/vaticannews\/multimedia\/2023\/04\/03\/Foto_11.jpg\/_jcr_content\/renditions\/cq5dam.thumbnail.cropped.750.422.jpeg\" alt=\"Deslocados internos acolhidos pelo Centro Nazar\u00e9\" data-original=\"\/content\/dam\/vaticannews\/multimedia\/2023\/04\/03\/Foto_11.jpg\/_jcr_content\/renditions\/cq5dam.thumbnail.cropped.750.422.jpeg\" data-was-processed=\"true\" \/><\/picture><\/figure>\n<div class=\"photo_embed--Title\" style=\"text-align: justify;\">Deslocados internos acolhidos pelo Centro Nazar\u00e9<\/div>\n<\/div>\n<\/div>\n<\/div>\n","protected":false},"excerpt":{"rendered":"<p>Um momento espiritual entre os h\u00f3spedes do Centro Nazar\u00e9, vivido ao ar livre\u00a0 Na regi\u00e3o de Lviv, apesar das bombas que caem incessantemente h\u00e1 um ano nesta terra martirizada, existe um lugar que ajuda quem sofre de v\u00e1rias formas de v\u00edcios a se curar e voltar ao mundo. Desde o in\u00edcio da guerra, soldados e [&hellip;]<\/p>\n","protected":false},"author":1,"featured_media":80599,"comment_status":"open","ping_status":"closed","sticky":false,"template":"","format":"standard","meta":{"footnotes":""},"categories":[3],"tags":[],"class_list":["post-80598","post","type-post","status-publish","format-standard","has-post-thumbnail","hentry","category-vaticano"],"_links":{"self":[{"href":"https:\/\/catolicanet.net\/wp-cnet\/wp-json\/wp\/v2\/posts\/80598","targetHints":{"allow":["GET"]}}],"collection":[{"href":"https:\/\/catolicanet.net\/wp-cnet\/wp-json\/wp\/v2\/posts"}],"about":[{"href":"https:\/\/catolicanet.net\/wp-cnet\/wp-json\/wp\/v2\/types\/post"}],"author":[{"embeddable":true,"href":"https:\/\/catolicanet.net\/wp-cnet\/wp-json\/wp\/v2\/users\/1"}],"replies":[{"embeddable":true,"href":"https:\/\/catolicanet.net\/wp-cnet\/wp-json\/wp\/v2\/comments?post=80598"}],"version-history":[{"count":1,"href":"https:\/\/catolicanet.net\/wp-cnet\/wp-json\/wp\/v2\/posts\/80598\/revisions"}],"predecessor-version":[{"id":80600,"href":"https:\/\/catolicanet.net\/wp-cnet\/wp-json\/wp\/v2\/posts\/80598\/revisions\/80600"}],"wp:featuredmedia":[{"embeddable":true,"href":"https:\/\/catolicanet.net\/wp-cnet\/wp-json\/wp\/v2\/media\/80599"}],"wp:attachment":[{"href":"https:\/\/catolicanet.net\/wp-cnet\/wp-json\/wp\/v2\/media?parent=80598"}],"wp:term":[{"taxonomy":"category","embeddable":true,"href":"https:\/\/catolicanet.net\/wp-cnet\/wp-json\/wp\/v2\/categories?post=80598"},{"taxonomy":"post_tag","embeddable":true,"href":"https:\/\/catolicanet.net\/wp-cnet\/wp-json\/wp\/v2\/tags?post=80598"}],"curies":[{"name":"wp","href":"https:\/\/api.w.org\/{rel}","templated":true}]}}