{"id":80577,"date":"2023-04-03T10:10:59","date_gmt":"2023-04-03T13:10:59","guid":{"rendered":"https:\/\/catolicanet.net\/wp-cnet\/?p=80577"},"modified":"2023-04-03T12:11:57","modified_gmt":"2023-04-03T15:11:57","slug":"cnbb-celebra-marca-dos-60-anos-da-campanha-da-fraternidade-com-reinstalacao-de-galeria","status":"publish","type":"post","link":"https:\/\/catolicanet.net\/wp-cnet\/cnbb-celebra-marca-dos-60-anos-da-campanha-da-fraternidade-com-reinstalacao-de-galeria\/","title":{"rendered":"CNBB CELEBRA MARCA DOS 60 ANOS DA CAMPANHA DA FRATERNIDADE COM REINSTALA\u00c7\u00c3O DE GALERIA"},"content":{"rendered":"<p style=\"text-align: justify;\"><span data-contrast=\"auto\">A Campanha da Fraternidade chegou, neste ano, \u00e0 sua 60\u00aa edi\u00e7\u00e3o em \u00e2mbito nacional. Para marcar essas seis d\u00e9cadas de promo\u00e7\u00e3o da fraternidade e da solidariedade entre o povo brasileiro, a Confer\u00eancia Nacional dos Bispos do Brasil (CNBB) reinstalou, na sexta-feira, 31 de mar\u00e7o, a galeria de quadros com os cartazes de todas as edi\u00e7\u00f5es da CF.<\/span><span data-ccp-props=\"{&quot;201341983&quot;:0,&quot;335559739&quot;:160,&quot;335559740&quot;:259}\">\u00a0<\/span><\/p>\n<p style=\"text-align: justify;\"><span data-ccp-props=\"{&quot;201341983&quot;:0,&quot;335559739&quot;:160,&quot;335559740&quot;:259}\">Para o bispo auxiliar da arquidiocese do Rio de Janeiro (RJ) e secret\u00e1rio-geral da CNBB, dom Joel Portella Amado, \u201c\u00e9 marcante o quanto de hist\u00f3ria que h\u00e1 em tantas edi\u00e7\u00f5es da Campanha da Fraternidade, iniciativa que \u00e9 express\u00e3o de comunh\u00e3o, convers\u00e3o e partilha\u201d.\u00a0<\/span><\/p>\n<div id=\"gallery-1\" class=\"gallery galleryid-942055 gallery-columns-3 gallery-size-medium\" style=\"text-align: justify;\">\n<figure class=\"gallery-item\">\n<div class=\"gallery-icon landscape\"><a class=\"rl-gallery-link\" title=\"\" href=\"https:\/\/www.cnbb.org.br\/wp-content\/uploads\/2023\/03\/Galeria-CF-1.jpg\" data-rl_title=\"\" data-rl_caption=\"\" data-rel=\"lightbox-gallery-1\"><img loading=\"lazy\" decoding=\"async\" class=\"attachment-medium size-medium\" src=\"https:\/\/www.cnbb.org.br\/wp-content\/uploads\/2023\/03\/Galeria-CF-1-300x200.jpg\" sizes=\"auto, (max-width: 300px) 100vw, 300px\" srcset=\"https:\/\/www.cnbb.org.br\/wp-content\/uploads\/2023\/03\/Galeria-CF-1-300x200.jpg 300w, https:\/\/www.cnbb.org.br\/wp-content\/uploads\/2023\/03\/Galeria-CF-1-1024x683.jpg 1024w, https:\/\/www.cnbb.org.br\/wp-content\/uploads\/2023\/03\/Galeria-CF-1-768x512.jpg 768w, https:\/\/www.cnbb.org.br\/wp-content\/uploads\/2023\/03\/Galeria-CF-1-500x333.jpg 500w, https:\/\/www.cnbb.org.br\/wp-content\/uploads\/2023\/03\/Galeria-CF-1.jpg 1080w\" alt=\"\" width=\"300\" height=\"200\" \/><\/a><\/div>\n<\/figure>\n<figure class=\"gallery-item\">\n<div class=\"gallery-icon landscape\"><a class=\"rl-gallery-link\" title=\"\" href=\"https:\/\/www.cnbb.org.br\/wp-content\/uploads\/2023\/03\/Galeria-CF-dom-Joel.jpg\" data-rl_title=\"\" data-rl_caption=\"\" data-rel=\"lightbox-gallery-1\"><img loading=\"lazy\" decoding=\"async\" class=\"attachment-medium size-medium\" src=\"https:\/\/www.cnbb.org.br\/wp-content\/uploads\/2023\/03\/Galeria-CF-dom-Joel-300x261.jpg\" sizes=\"auto, (max-width: 300px) 100vw, 300px\" srcset=\"https:\/\/www.cnbb.org.br\/wp-content\/uploads\/2023\/03\/Galeria-CF-dom-Joel-300x261.jpg 300w, https:\/\/www.cnbb.org.br\/wp-content\/uploads\/2023\/03\/Galeria-CF-dom-Joel-768x667.jpg 768w, https:\/\/www.cnbb.org.br\/wp-content\/uploads\/2023\/03\/Galeria-CF-dom-Joel-500x435.jpg 500w, https:\/\/www.cnbb.org.br\/wp-content\/uploads\/2023\/03\/Galeria-CF-dom-Joel.jpg 970w\" alt=\"\" width=\"300\" height=\"261\" \/><\/a><\/div>\n<\/figure>\n<figure class=\"gallery-item\">\n<div class=\"gallery-icon landscape\"><a class=\"rl-gallery-link\" title=\"\" href=\"https:\/\/www.cnbb.org.br\/wp-content\/uploads\/2023\/03\/Galeria-CF-dom-Joel-3.jpg\" data-rl_title=\"\" data-rl_caption=\"\" data-rel=\"lightbox-gallery-1\"><img loading=\"lazy\" decoding=\"async\" class=\"attachment-medium size-medium\" src=\"https:\/\/www.cnbb.org.br\/wp-content\/uploads\/2023\/03\/Galeria-CF-dom-Joel-3-300x200.jpg\" sizes=\"auto, (max-width: 300px) 100vw, 300px\" srcset=\"https:\/\/www.cnbb.org.br\/wp-content\/uploads\/2023\/03\/Galeria-CF-dom-Joel-3-300x200.jpg 300w, https:\/\/www.cnbb.org.br\/wp-content\/uploads\/2023\/03\/Galeria-CF-dom-Joel-3-1024x683.jpg 1024w, https:\/\/www.cnbb.org.br\/wp-content\/uploads\/2023\/03\/Galeria-CF-dom-Joel-3-768x512.jpg 768w, https:\/\/www.cnbb.org.br\/wp-content\/uploads\/2023\/03\/Galeria-CF-dom-Joel-3-500x333.jpg 500w, https:\/\/www.cnbb.org.br\/wp-content\/uploads\/2023\/03\/Galeria-CF-dom-Joel-3.jpg 1080w\" alt=\"\" width=\"300\" height=\"200\" \/><\/a><\/div>\n<\/figure>\n<\/div>\n<p style=\"text-align: justify;\"><span data-ccp-props=\"{&quot;201341983&quot;:0,&quot;335559739&quot;:160,&quot;335559740&quot;:259}\"><br \/>\n<\/span><span data-ccp-props=\"{&quot;201341983&quot;:0,&quot;335559739&quot;:160,&quot;335559740&quot;:259}\">\u00a0<\/span><\/p>\n<h2 style=\"text-align: justify;\"><span data-contrast=\"auto\">Hist\u00f3ria<\/span><\/h2>\n<p style=\"text-align: justify;\"><span data-contrast=\"auto\">A Campanha da Fraternidade nasceu na d\u00e9cada de 1960, por iniciativa tr\u00eas padres que trabalhavam na C\u00e1ritas Brasileira e planejaram uma campanha para arrecadar recursos a fim de financiar as atividades assistenciais da institui\u00e7\u00e3o. Monsenhor Hil\u00e1rio Pandolfo, diretor nacional; padre Edmundo Leising, diretor regional (SP, MG, PR e MT); e monsenhor Aldred Schneider, diretor da\u00a0<em>Catholic Relief Services<\/em>\u00a0(CRS), \u00f3rg\u00e3o de assist\u00eancia social da Confer\u00eancia Episcopal dos EUA, apresentaram a proposta ao respons\u00e1vel pelo Secretariado Nacional da A\u00e7\u00e3o Social da CNBB, dom Eug\u00eanio de Ara\u00fajo Sales. \u00c0 \u00e9poca administrador apost\u00f3lico de Natal, o bispo acolheu a proposta e sugeriu que a primeira CF fosse realizada na arquidiocese de Natal.\u00a0<\/span><span data-ccp-props=\"{&quot;134233117&quot;:false,&quot;134233118&quot;:false,&quot;201341983&quot;:0,&quot;335551550&quot;:1,&quot;335551620&quot;:1,&quot;335559685&quot;:0,&quot;335559737&quot;:0,&quot;335559738&quot;:0,&quot;335559739&quot;:160,&quot;335559740&quot;:259}\">\u00a0<\/span><\/p>\n<p style=\"text-align: justify;\">Antes disso, por\u00e9m, uma iniciativa de monsenhor Expedito Sobral de Medeiros, tamb\u00e9m na arquidiocese de Natal,\u00a0 motivou um gesto de solidariedade por jovens da Juventude Agr\u00e1ria Cat\u00f3lica, na Semana Santa de 1958, considerado a primeira semente do que mais tarde germinaria como Campanha da Fraternidade.<\/p>\n<p style=\"text-align: justify;\"><span data-contrast=\"auto\">Em 1962, nasce a CF na arquidiocese de Natal, com a ades\u00e3o de tr\u00eas dioceses e um apoio financeiro dos bispos norte-americanos. No ano seguinte, 16 dioceses do Nordeste brasileiro realizam a CF, gerando uma exitosa experi\u00eancia pastoral que repercutiu em todo o Brasil.\u00a0<\/span><span data-ccp-props=\"{&quot;134233117&quot;:false,&quot;134233118&quot;:false,&quot;201341983&quot;:0,&quot;335551550&quot;:1,&quot;335551620&quot;:1,&quot;335559685&quot;:0,&quot;335559737&quot;:0,&quot;335559738&quot;:0,&quot;335559739&quot;:160,&quot;335559740&quot;:259}\">\u00a0<\/span><\/p>\n<p style=\"text-align: justify;\"><span data-contrast=\"auto\">Ainda em 1963, no dia 26 de dezembro, o secret\u00e1rio-geral da CNBB, dom Helder Camara, enviou carta circular a todos os bispos comunicando que a CF de 1964 seria em \u00e2mbito nacional e teria como tema \u201cLembre-se voc\u00ea tamb\u00e9m \u00e9 Igreja\u201d. A proposta recebeu a ades\u00e3o de 70 das 184 dioceses instaladas no pa\u00eds at\u00e9 aquele momento. Em 1965, com o tema \u201cFa\u00e7a de sua par\u00f3quia uma comunidade de f\u00e9, culto e amor\u201d, a CF foi realizada em 91 dioceses.<\/span><span data-ccp-props=\"{&quot;134233117&quot;:false,&quot;134233118&quot;:false,&quot;201341983&quot;:0,&quot;335551550&quot;:1,&quot;335551620&quot;:1,&quot;335559685&quot;:0,&quot;335559737&quot;:0,&quot;335559738&quot;:0,&quot;335559739&quot;:160,&quot;335559740&quot;:259}\">\u00a0<\/span><\/p>\n<p style=\"text-align: justify;\"><span data-contrast=\"auto\">O processo iniciado em 1964 marcou a Igreja no Brasil,\u00a0tornando-se express\u00e3o de comunh\u00e3o, convers\u00e3o e partilha. No site de Campanhas da CNBB, esses tr\u00eas sinais s\u00e3o aprofundados: \u201cComunh\u00e3o na busca de construir uma verdadeira fraternidade; convers\u00e3o na tentativa de deixar-se transformar pela vida fecundada pelo Evangelho; partilha como visibiliza\u00e7\u00e3o do Reino de Deus que recorda a a\u00e7\u00e3o da f\u00e9, o esfor\u00e7o do amor, a const\u00e2ncia na esperan\u00e7a em Cristo Jesus (Cf. 1Ts 1,3)\u201d.<\/span><span data-ccp-props=\"{&quot;134233117&quot;:false,&quot;134233118&quot;:false,&quot;201341983&quot;:0,&quot;335551550&quot;:1,&quot;335551620&quot;:1,&quot;335559685&quot;:0,&quot;335559737&quot;:0,&quot;335559738&quot;:0,&quot;335559739&quot;:160,&quot;335559740&quot;:259}\">\u00a0<\/span><\/p>\n<p style=\"text-align: justify;\"><img loading=\"lazy\" decoding=\"async\" class=\"aligncenter size-full wp-image-942059\" src=\"https:\/\/www.cnbb.org.br\/wp-content\/uploads\/2023\/03\/historico-CF-primeira-fase.jpg\" sizes=\"auto, (max-width: 834px) 100vw, 834px\" srcset=\"https:\/\/www.cnbb.org.br\/wp-content\/uploads\/2023\/03\/historico-CF-primeira-fase.jpg 834w, https:\/\/www.cnbb.org.br\/wp-content\/uploads\/2023\/03\/historico-CF-primeira-fase-300x208.jpg 300w, https:\/\/www.cnbb.org.br\/wp-content\/uploads\/2023\/03\/historico-CF-primeira-fase-768x532.jpg 768w, https:\/\/www.cnbb.org.br\/wp-content\/uploads\/2023\/03\/historico-CF-primeira-fase-500x347.jpg 500w\" alt=\"\" width=\"834\" height=\"578\" \/><\/p>\n<p style=\"text-align: justify;\"><span data-ccp-props=\"{&quot;134233117&quot;:false,&quot;134233118&quot;:false,&quot;201341983&quot;:0,&quot;335551550&quot;:1,&quot;335551620&quot;:1,&quot;335559685&quot;:0,&quot;335559737&quot;:0,&quot;335559738&quot;:0,&quot;335559739&quot;:160,&quot;335559740&quot;:259}\">\u00a0<\/span><\/p>\n<h3 style=\"text-align: justify;\"><span data-contrast=\"auto\">A CF e o Conc\u00edlio Vaticano II<\/span><span data-ccp-props=\"{&quot;134233117&quot;:false,&quot;134233118&quot;:false,&quot;201341983&quot;:0,&quot;335551550&quot;:1,&quot;335551620&quot;:1,&quot;335559685&quot;:0,&quot;335559737&quot;:0,&quot;335559738&quot;:0,&quot;335559739&quot;:160,&quot;335559740&quot;:259}\">\u00a0<\/span><\/h3>\n<p style=\"text-align: justify;\"><span data-contrast=\"auto\">No contexto do Conc\u00edlio Vaticano II, a CNBB estruturou o projeto da Campanha da Fraternidade para lev\u00e1-lo a todas as dioceses do pa\u00eds. Sob o esp\u00edrito renovador conciliar, os bispos definiram o que seria a Campanha da Fraternidade para toda a Igreja no Brasil. A partir de 1965, a C\u00e1ritas Brasileira e a Campanha da Fraternidade passaram a estar vinculadas diretamente ao Secretariado Geral da CNBB.\u00a0<\/span><span data-ccp-props=\"{&quot;134233117&quot;:false,&quot;134233118&quot;:false,&quot;201341983&quot;:0,&quot;335551550&quot;:1,&quot;335551620&quot;:1,&quot;335559685&quot;:0,&quot;335559737&quot;:0,&quot;335559738&quot;:0,&quot;335559739&quot;:160,&quot;335559740&quot;:259}\">\u00a0<\/span><\/p>\n<p style=\"text-align: justify;\"><span data-contrast=\"auto\">Desde 1967, a CNBB passou a redigir um subs\u00eddio mais completo para a Campanha da Fraternidade e ocorrem tamb\u00e9m os encontros nacionais e regionais da CF. Desde 1970, as campanhas recebem apoio pontif\u00edcio com uma mensagem do Papa por ocasi\u00e3o da iniciativa da Igreja no Brasil.<\/span><span data-ccp-props=\"{&quot;134233117&quot;:false,&quot;134233118&quot;:false,&quot;201341983&quot;:0,&quot;335551550&quot;:1,&quot;335551620&quot;:1,&quot;335559685&quot;:0,&quot;335559737&quot;:0,&quot;335559738&quot;:0,&quot;335559739&quot;:160,&quot;335559740&quot;:259}\">\u00a0<\/span><\/p>\n<p style=\"text-align: justify;\"><img loading=\"lazy\" decoding=\"async\" class=\"aligncenter size-full wp-image-942058\" src=\"https:\/\/www.cnbb.org.br\/wp-content\/uploads\/2023\/03\/historico-CF.jpg\" sizes=\"auto, (max-width: 854px) 100vw, 854px\" srcset=\"https:\/\/www.cnbb.org.br\/wp-content\/uploads\/2023\/03\/historico-CF.jpg 854w, https:\/\/www.cnbb.org.br\/wp-content\/uploads\/2023\/03\/historico-CF-300x205.jpg 300w, https:\/\/www.cnbb.org.br\/wp-content\/uploads\/2023\/03\/historico-CF-768x525.jpg 768w, https:\/\/www.cnbb.org.br\/wp-content\/uploads\/2023\/03\/historico-CF-500x342.jpg 500w\" alt=\"\" width=\"854\" height=\"584\" \/><\/p>\n<h3 style=\"text-align: justify;\"><span data-contrast=\"auto\">Fases da Campanha da Fraternidade<\/span><span data-ccp-props=\"{&quot;134233117&quot;:false,&quot;134233118&quot;:false,&quot;201341983&quot;:0,&quot;335551550&quot;:1,&quot;335551620&quot;:1,&quot;335559685&quot;:0,&quot;335559737&quot;:0,&quot;335559738&quot;:0,&quot;335559739&quot;:160,&quot;335559740&quot;:259}\">\u00a0<\/span><\/h3>\n<p style=\"text-align: justify;\"><span data-contrast=\"auto\">Tr\u00eas fases marcam a realiza\u00e7\u00e3o da Campanha da Fraternidade pela Igreja no Brasil:\u00a0<\/span><span data-ccp-props=\"{&quot;134233117&quot;:false,&quot;134233118&quot;:false,&quot;201341983&quot;:0,&quot;335551550&quot;:1,&quot;335551620&quot;:1,&quot;335559685&quot;:0,&quot;335559737&quot;:0,&quot;335559738&quot;:0,&quot;335559739&quot;:160,&quot;335559740&quot;:259}\">\u00a0<\/span><\/p>\n<h4 style=\"text-align: justify;\"><span data-contrast=\"auto\">Primeira fase<\/span><span data-ccp-props=\"{&quot;134233117&quot;:false,&quot;134233118&quot;:false,&quot;201341983&quot;:0,&quot;335551550&quot;:1,&quot;335551620&quot;:1,&quot;335559685&quot;:0,&quot;335559737&quot;:0,&quot;335559738&quot;:0,&quot;335559739&quot;:160,&quot;335559740&quot;:259}\">\u00a0<\/span><\/h4>\n<p style=\"text-align: justify;\"><span data-contrast=\"auto\">De 1964 a 1972, ela foi marcada pela renova\u00e7\u00e3o interna da Igreja \u00e0 luz da Constitui\u00e7\u00e3o Dogm\u00e1tica\u00a0<em>Lumen Gentium<\/em>, sobre a Igreja. \u00a0<\/span><span data-ccp-props=\"{&quot;134233117&quot;:false,&quot;134233118&quot;:false,&quot;201341983&quot;:0,&quot;335551550&quot;:1,&quot;335551620&quot;:1,&quot;335559685&quot;:0,&quot;335559737&quot;:0,&quot;335559738&quot;:0,&quot;335559739&quot;:160,&quot;335559740&quot;:259}\">\u00a0<\/span><\/p>\n<h4 style=\"text-align: justify;\"><span data-contrast=\"auto\">Segunda fase<\/span><span data-ccp-props=\"{&quot;134233117&quot;:false,&quot;134233118&quot;:false,&quot;201341983&quot;:0,&quot;335551550&quot;:1,&quot;335551620&quot;:1,&quot;335559685&quot;:0,&quot;335559737&quot;:0,&quot;335559738&quot;:0,&quot;335559739&quot;:160,&quot;335559740&quot;:259}\">\u00a0<\/span><\/h4>\n<p style=\"text-align: justify;\"><span data-contrast=\"auto\">No per\u00edodo compreendido entre 1973 e 1984, a Campanha da Fraternidade assume as decis\u00f5es das Conferencias Episcopais de Medell\u00edn e Puebla, voltando-se para a realidade social do povo, a den\u00fancia do pecado social e a promo\u00e7\u00e3o da justi\u00e7a. Neste mesmo per\u00edodo, a Campanha se organiza, adotando o m\u00e9todo Ver-Julgar-Agir e o texto-base. Nesse per\u00edodo, acontece a constru\u00e7\u00e3o da sua estrutura e da metodologia da Campanha.<\/span><span data-ccp-props=\"{&quot;134233117&quot;:false,&quot;134233118&quot;:false,&quot;201341983&quot;:0,&quot;335551550&quot;:1,&quot;335551620&quot;:1,&quot;335559685&quot;:0,&quot;335559737&quot;:0,&quot;335559738&quot;:0,&quot;335559739&quot;:160,&quot;335559740&quot;:259}\">\u00a0<\/span><\/p>\n<h4 style=\"text-align: justify;\"><span data-contrast=\"auto\">Terceira fase<\/span><span data-ccp-props=\"{&quot;134233117&quot;:false,&quot;134233118&quot;:false,&quot;201341983&quot;:0,&quot;335551550&quot;:1,&quot;335551620&quot;:1,&quot;335559685&quot;:0,&quot;335559737&quot;:0,&quot;335559738&quot;:0,&quot;335559739&quot;:160,&quot;335559740&quot;:259}\">\u00a0<\/span><\/h4>\n<p style=\"text-align: justify;\"><span data-contrast=\"auto\">A reflex\u00e3o sobre a realidade existencial de povo brasileiro marca a terceira fase da Campanha da Fraternidade. Assim, ela tem contribu\u00eddo para chamar a aten\u00e7\u00e3o para situa\u00e7\u00f5es que causam sofrimento e morte, nem sempre percebida por todos. Os temas abordados testemunham a sintonia da Igreja com a vida de povo, como a percep\u00e7\u00e3o dos grandes problemas que atingem, sobretudo, os pobres, os quais nem sempre t\u00eam a quem recorrer em seus sofrimentos devido \u00e0s situa\u00e7\u00f5es injustas.<\/span><span data-ccp-props=\"{&quot;134233117&quot;:false,&quot;134233118&quot;:false,&quot;201341983&quot;:0,&quot;335551550&quot;:1,&quot;335551620&quot;:1,&quot;335559685&quot;:0,&quot;335559737&quot;:0,&quot;335559738&quot;:0,&quot;335559739&quot;:160,&quot;335559740&quot;:259}\">\u00a0<\/span><\/p>\n<p style=\"text-align: justify;\"><span data-contrast=\"auto\">A Igreja, nessa etapa da Campanha, prestou e continua a prestar esse servi\u00e7o \u00e0 sociedade brasileira, no intuito de suscitar iniciativas e esfor\u00e7os dos diversos seguimentos da sociedade, a transformar situa\u00e7\u00f5es que geram injusti\u00e7a e sofrimento em amor e vida para todos.<\/span><span data-ccp-props=\"{&quot;134233117&quot;:false,&quot;134233118&quot;:false,&quot;201341983&quot;:0,&quot;335551550&quot;:1,&quot;335551620&quot;:1,&quot;335559685&quot;:0,&quot;335559737&quot;:0,&quot;335559738&quot;:0,&quot;335559739&quot;:160,&quot;335559740&quot;:259}\">\u00a0<\/span><\/p>\n<blockquote><p><span data-contrast=\"auto\">A Campanha da Fraternidade tem hoje os seguintes objetivos permanentes:<\/span><span data-ccp-props=\"{&quot;134233117&quot;:false,&quot;134233118&quot;:false,&quot;201341983&quot;:0,&quot;335551550&quot;:1,&quot;335551620&quot;:1,&quot;335559685&quot;:0,&quot;335559737&quot;:0,&quot;335559738&quot;:0,&quot;335559739&quot;:160,&quot;335559740&quot;:259}\">\u00a0<\/span><\/p>\n<p><span data-contrast=\"auto\">1 \u2013 Despertar o esp\u00edrito comunit\u00e1rio e crist\u00e3o no povo de Deus, comprometendo, em particular, os crist\u00e3os na busca do bem comum;<\/span><span data-ccp-props=\"{&quot;134233117&quot;:false,&quot;134233118&quot;:false,&quot;201341983&quot;:0,&quot;335551550&quot;:1,&quot;335551620&quot;:1,&quot;335559685&quot;:0,&quot;335559737&quot;:0,&quot;335559738&quot;:0,&quot;335559739&quot;:160,&quot;335559740&quot;:259}\">\u00a0<\/span><\/p>\n<p><span data-contrast=\"auto\">2 \u2013 Educar para a vida em fraternidade, a partir da justi\u00e7a e do amor, exig\u00eancia central do Evangelho;<\/span><span data-ccp-props=\"{&quot;134233117&quot;:false,&quot;134233118&quot;:false,&quot;201341983&quot;:0,&quot;335551550&quot;:1,&quot;335551620&quot;:1,&quot;335559685&quot;:0,&quot;335559737&quot;:0,&quot;335559738&quot;:0,&quot;335559739&quot;:160,&quot;335559740&quot;:259}\">\u00a0<\/span><\/p>\n<p><span data-contrast=\"auto\">3 \u2013 Renovar a consci\u00eancia da responsabilidade de todos pela a\u00e7\u00e3o da Igreja na evangeliza\u00e7\u00e3o, na promo\u00e7\u00e3o humana, em vista de uma sociedade justa e solid\u00e1ria (todos devem evangelizar e todos devem sustentar a a\u00e7\u00e3o evangelizadora e libertadora da Igreja)\u201d.<\/span><span data-ccp-props=\"{&quot;134233117&quot;:false,&quot;134233118&quot;:false,&quot;201341983&quot;:0,&quot;335551550&quot;:1,&quot;335551620&quot;:1,&quot;335559685&quot;:0,&quot;335559737&quot;:0,&quot;335559738&quot;:0,&quot;335559739&quot;:160,&quot;335559740&quot;:259}\">\u00a0<\/span><\/p><\/blockquote>\n<h2 style=\"text-align: justify;\"><span data-contrast=\"auto\">Gesto concreto<\/span><span data-ccp-props=\"{&quot;134233117&quot;:false,&quot;134233118&quot;:false,&quot;201341983&quot;:0,&quot;335551550&quot;:1,&quot;335551620&quot;:1,&quot;335559685&quot;:0,&quot;335559737&quot;:0,&quot;335559738&quot;:0,&quot;335559739&quot;:160,&quot;335559740&quot;:259}\">\u00a0<\/span><\/h2>\n<p style=\"text-align: justify;\"><span data-contrast=\"auto\">Realizado no Domingo de Ramos, o gesto concreto da Campanha da Fraternidade \u00e9 a Coleta Nacional da Solidariedade, realizada como um dos gestos concretos de convers\u00e3o quaresmal e que tem realizado um bem imenso no cuidado para com os pobres.<\/span><span data-ccp-props=\"{&quot;134233117&quot;:false,&quot;134233118&quot;:false,&quot;201341983&quot;:0,&quot;335551550&quot;:1,&quot;335551620&quot;:1,&quot;335559685&quot;:0,&quot;335559737&quot;:0,&quot;335559738&quot;:0,&quot;335559739&quot;:160,&quot;335559740&quot;:259}\">\u00a0<\/span><\/p>\n<div class=\"ast-oembed-container\"><iframe loading=\"lazy\" title=\"#CF2023 Dom Walmor convida \u00e0 participa\u00e7\u00e3o na Coleta Nacional da Solidariedade\" src=\"https:\/\/www.youtube.com\/embed\/8SGN-b1zafY?feature=oembed\" width=\"1200\" height=\"675\" frameborder=\"0\" allowfullscreen=\"allowfullscreen\" data-mce-fragment=\"1\"><\/iframe><\/div>\n<p>&nbsp;<\/p>\n","protected":false},"excerpt":{"rendered":"<p>A Campanha da Fraternidade chegou, neste ano, \u00e0 sua 60\u00aa edi\u00e7\u00e3o em \u00e2mbito nacional. Para marcar essas seis d\u00e9cadas de promo\u00e7\u00e3o da fraternidade e da solidariedade entre o povo brasileiro, a Confer\u00eancia Nacional dos Bispos do Brasil (CNBB) reinstalou, na sexta-feira, 31 de mar\u00e7o, a galeria de quadros com os cartazes de todas as edi\u00e7\u00f5es [&hellip;]<\/p>\n","protected":false},"author":1,"featured_media":80578,"comment_status":"open","ping_status":"closed","sticky":false,"template":"","format":"standard","meta":{"footnotes":""},"categories":[7],"tags":[],"class_list":["post-80577","post","type-post","status-publish","format-standard","has-post-thumbnail","hentry","category-cnbb"],"_links":{"self":[{"href":"https:\/\/catolicanet.net\/wp-cnet\/wp-json\/wp\/v2\/posts\/80577","targetHints":{"allow":["GET"]}}],"collection":[{"href":"https:\/\/catolicanet.net\/wp-cnet\/wp-json\/wp\/v2\/posts"}],"about":[{"href":"https:\/\/catolicanet.net\/wp-cnet\/wp-json\/wp\/v2\/types\/post"}],"author":[{"embeddable":true,"href":"https:\/\/catolicanet.net\/wp-cnet\/wp-json\/wp\/v2\/users\/1"}],"replies":[{"embeddable":true,"href":"https:\/\/catolicanet.net\/wp-cnet\/wp-json\/wp\/v2\/comments?post=80577"}],"version-history":[{"count":1,"href":"https:\/\/catolicanet.net\/wp-cnet\/wp-json\/wp\/v2\/posts\/80577\/revisions"}],"predecessor-version":[{"id":80579,"href":"https:\/\/catolicanet.net\/wp-cnet\/wp-json\/wp\/v2\/posts\/80577\/revisions\/80579"}],"wp:featuredmedia":[{"embeddable":true,"href":"https:\/\/catolicanet.net\/wp-cnet\/wp-json\/wp\/v2\/media\/80578"}],"wp:attachment":[{"href":"https:\/\/catolicanet.net\/wp-cnet\/wp-json\/wp\/v2\/media?parent=80577"}],"wp:term":[{"taxonomy":"category","embeddable":true,"href":"https:\/\/catolicanet.net\/wp-cnet\/wp-json\/wp\/v2\/categories?post=80577"},{"taxonomy":"post_tag","embeddable":true,"href":"https:\/\/catolicanet.net\/wp-cnet\/wp-json\/wp\/v2\/tags?post=80577"}],"curies":[{"name":"wp","href":"https:\/\/api.w.org\/{rel}","templated":true}]}}