{"id":80488,"date":"2023-03-30T10:15:40","date_gmt":"2023-03-30T13:15:40","guid":{"rendered":"https:\/\/catolicanet.net\/wp-cnet\/?p=80488"},"modified":"2023-03-30T13:16:28","modified_gmt":"2023-03-30T16:16:28","slug":"dom-walmor-motiva-generosidade-no-domingo-de-ramos-exerca-a-solidariedade-acolhendo-o-que-pede-o-proprio-cristo-dai-lhes-vos-mesmos-de-comer","status":"publish","type":"post","link":"https:\/\/catolicanet.net\/wp-cnet\/dom-walmor-motiva-generosidade-no-domingo-de-ramos-exerca-a-solidariedade-acolhendo-o-que-pede-o-proprio-cristo-dai-lhes-vos-mesmos-de-comer\/","title":{"rendered":"DOM WALMOR MOTIVA GENEROSIDADE NO DOMINGO DE RAMOS: \u201cEXER\u00c7A A SOLIDARIEDADE ACOLHENDO O QUE PEDE O PR\u00d3PRIO CRISTO: \u2018DAI-LHES V\u00d3S MESMOS DE COMER\u2019\u201d"},"content":{"rendered":"<p style=\"text-align: justify;\">\u201cN\u00e3o podemos viver a f\u00e9 de um modo individualista, fechados em n\u00f3s mesmos. \u00c9 preciso ir ao encontro do pr\u00f3ximo, estendendo as m\u00e3os solid\u00e1rias a quem sofre\u201d. Assim o arcebispo de Belo Horizonte (MG) e presidente da Confer\u00eancia Nacional dos Bispos do Brasil (CNBB), dom Walmor Oliveira de Azevedo, motiva os fi\u00e9is de todo o Brasil a participarem de forma generosa da Coleta Nacional da Solidariedade, no pr\u00f3ximo domingo. \u00c9 nesta data que a Igreja Cat\u00f3lica abre a Semana Santa com a celebra\u00e7\u00e3o do Domingo de Ramos e da Paix\u00e3o do Senhor.<\/p>\n<p style=\"text-align: justify;\">Dom Walmor recorda que a Igreja, em todo o Brasil, a partir da Coleta da Solidariedade, \u201cajuda-nos ao exerc\u00edcio da caridade\u201d. E esse gesto deve atender neste ano aqueles que n\u00e3o t\u00eam o que comer.<\/p>\n<blockquote><p>\u201c\u2018Dai-lhes v\u00f3s mesmos de comer\u2019: eis a orienta\u00e7\u00e3o do Mestre Jesus aos seus disc\u00edpulos, lema da\u00a0<strong>Campanha da Fraternidade 2023 \u2013 Fraternidade e fome<\/strong>. Neste Domingo de Ramos, a sua oferta vai ajudar no enfrentamento da fome, s\u00e3o mais 30 milh\u00f5es de brasileiros sofrendo por n\u00e3o ter o que comer. Exer\u00e7a a solidariedade acolhendo o que pede o pr\u00f3prio Cristo: \u2018Dai-lhes v\u00f3s mesmos de comer&#8217;\u201d, motivou dom Walmor.<\/p><\/blockquote>\n<div class=\"ast-oembed-container\" style=\"text-align: justify;\"><iframe loading=\"lazy\" title=\"#CF2023 Dom Walmor convida \u00e0 participa\u00e7\u00e3o na Coleta Nacional da Solidariedade\" src=\"https:\/\/www.youtube.com\/embed\/8SGN-b1zafY?feature=oembed\" width=\"1200\" height=\"900\" frameborder=\"0\" allowfullscreen=\"allowfullscreen\" data-mce-fragment=\"1\"><\/iframe><\/div>\n<h3 style=\"text-align: justify;\"><\/h3>\n<h3 style=\"text-align: justify;\">Coleta de Solidariedade<\/h3>\n<p style=\"text-align: justify;\">A Coleta Nacional da Solidariedade acontece todos os anos no Domingo de Ramos, como gesto concreto da Campanha da Fraternidade. Os recursos arrecadados comp\u00f5em o Fundo Nacional de Solidariedade, com 40% do total, e os Fundos Diocesanos de Solidariedade, com 60% dos recursos, para promover a sustenta\u00e7\u00e3o da a\u00e7\u00e3o social da Igreja Cat\u00f3lica no Brasil.<\/p>\n<p style=\"text-align: justify;\">O Fundo Nacional e o Fundo Diocesano de Solidariedade destinam-se ao atendimento de a\u00e7\u00f5es e projetos sociais em territ\u00f3rio brasileiro. A aplica\u00e7\u00e3o dos recursos obedece rigorosamente aos eixos determinados em edital publicado a cada ano, bem como aos aspectos t\u00e9cnicos, administrativos e jur\u00eddicos. Exige ainda o acompanhamento das realidades sociais e humanit\u00e1rias, da legisla\u00e7\u00e3o brasileira e das orienta\u00e7\u00f5es doutrinais da Igreja Cat\u00f3lica no Brasil.<\/p>\n","protected":false},"excerpt":{"rendered":"<p>\u201cN\u00e3o podemos viver a f\u00e9 de um modo individualista, fechados em n\u00f3s mesmos. \u00c9 preciso ir ao encontro do pr\u00f3ximo, estendendo as m\u00e3os solid\u00e1rias a quem sofre\u201d. Assim o arcebispo de Belo Horizonte (MG) e presidente da Confer\u00eancia Nacional dos Bispos do Brasil (CNBB), dom Walmor Oliveira de Azevedo, motiva os fi\u00e9is de todo o [&hellip;]<\/p>\n","protected":false},"author":1,"featured_media":80489,"comment_status":"open","ping_status":"closed","sticky":false,"template":"","format":"standard","meta":{"footnotes":""},"categories":[7],"tags":[],"class_list":["post-80488","post","type-post","status-publish","format-standard","has-post-thumbnail","hentry","category-cnbb"],"_links":{"self":[{"href":"https:\/\/catolicanet.net\/wp-cnet\/wp-json\/wp\/v2\/posts\/80488","targetHints":{"allow":["GET"]}}],"collection":[{"href":"https:\/\/catolicanet.net\/wp-cnet\/wp-json\/wp\/v2\/posts"}],"about":[{"href":"https:\/\/catolicanet.net\/wp-cnet\/wp-json\/wp\/v2\/types\/post"}],"author":[{"embeddable":true,"href":"https:\/\/catolicanet.net\/wp-cnet\/wp-json\/wp\/v2\/users\/1"}],"replies":[{"embeddable":true,"href":"https:\/\/catolicanet.net\/wp-cnet\/wp-json\/wp\/v2\/comments?post=80488"}],"version-history":[{"count":1,"href":"https:\/\/catolicanet.net\/wp-cnet\/wp-json\/wp\/v2\/posts\/80488\/revisions"}],"predecessor-version":[{"id":80490,"href":"https:\/\/catolicanet.net\/wp-cnet\/wp-json\/wp\/v2\/posts\/80488\/revisions\/80490"}],"wp:featuredmedia":[{"embeddable":true,"href":"https:\/\/catolicanet.net\/wp-cnet\/wp-json\/wp\/v2\/media\/80489"}],"wp:attachment":[{"href":"https:\/\/catolicanet.net\/wp-cnet\/wp-json\/wp\/v2\/media?parent=80488"}],"wp:term":[{"taxonomy":"category","embeddable":true,"href":"https:\/\/catolicanet.net\/wp-cnet\/wp-json\/wp\/v2\/categories?post=80488"},{"taxonomy":"post_tag","embeddable":true,"href":"https:\/\/catolicanet.net\/wp-cnet\/wp-json\/wp\/v2\/tags?post=80488"}],"curies":[{"name":"wp","href":"https:\/\/api.w.org\/{rel}","templated":true}]}}