{"id":80476,"date":"2023-03-30T09:55:56","date_gmt":"2023-03-30T12:55:56","guid":{"rendered":"https:\/\/catolicanet.net\/wp-cnet\/?p=80476"},"modified":"2023-03-30T13:11:25","modified_gmt":"2023-03-30T16:11:25","slug":"papa-para-a-paz-duradoura-nada-de-guerras-e-armas","status":"publish","type":"post","link":"https:\/\/catolicanet.net\/wp-cnet\/papa-para-a-paz-duradoura-nada-de-guerras-e-armas\/","title":{"rendered":"Papa: para a paz duradoura, nada de guerras e armas"},"content":{"rendered":"<div class=\"article__subTitle\" style=\"text-align: justify;\">Francisco, no v\u00eddeo de inten\u00e7\u00e3o de ora\u00e7\u00e3o para o m\u00eas de abril, pede que rezemos &#8220;por uma maior difus\u00e3o da cultura da n\u00e3o viol\u00eancia, que implica a diminui\u00e7\u00e3o do uso de armas, tanto por parte dos Estados como dos cidad\u00e3os&#8221;. Para desenvolver uma cultura da paz, recorda o Papa, \u00e9 preciso &#8220;viver, falar e agir sem viol\u00eancia&#8221;.<\/div>\n<div class=\"title__separator\" style=\"text-align: justify;\"><\/div>\n<div class=\"article__text\">\n<div style=\"text-align: justify;\">\n<div class=\"article__embed article__embed--unwrap article__embed--dark\">\n<div class=\"article__innerTitle\">Ou\u00e7a a reportagem com a voz do Papa e compartilhe<\/div>\n<div>\n<!--[if lt IE 9]><script>document.createElement('audio');<\/script><![endif]-->\n<audio class=\"wp-audio-shortcode\" id=\"audio-80476-1\" preload=\"none\" style=\"width: 100%;\" controls=\"controls\"><source type=\"audio\/mpeg\" src=\"https:\/\/media.vaticannews.va\/media\/audio\/s1\/2023\/03\/30\/13\/137010566_F137010566.mp3?_=1\" \/><a href=\"https:\/\/media.vaticannews.va\/media\/audio\/s1\/2023\/03\/30\/13\/137010566_F137010566.mp3\">https:\/\/media.vaticannews.va\/media\/audio\/s1\/2023\/03\/30\/13\/137010566_F137010566.mp3<\/a><\/audio>\n<\/div>\n<\/div>\n<\/div>\n<p style=\"text-align: justify;\"><b>Andressa Collet &#8211; Vatican News<\/b><\/p>\n<div style=\"text-align: justify;\">\n<div class=\"article__embed article__embed--border embed_style\">\n<blockquote><p>\u201cViver, falar e agir sem viol\u00eancia n\u00e3o \u00e9 render-se, n\u00e3o \u00e9 perder nem renunciar a nada. \u00c9 aspirar a tudo.\u201d<\/p><\/blockquote>\n<\/div>\n<\/div>\n<p style=\"text-align: justify;\">Assim Francisco inicia o v\u00eddeo do Papa de abril com a nova inten\u00e7\u00e3o de ora\u00e7\u00e3o confiada a toda a Igreja Cat\u00f3lica, atrav\u00e9s da Rede Mundial de Ora\u00e7\u00e3o do Papa. O apelo, gravado antes do Pont\u00edfice ser internado\u00a0no Hospital Gemelli por causa de uma infec\u00e7\u00e3o respirat\u00f3ria, foi divulgado nesta quinta-feira (30).<\/p>\n<p style=\"text-align: justify;\">No pr\u00f3ximo 11 de abril completam-se 60 anos da publica\u00e7\u00e3o da enc\u00edclica Pacem in Terris escrita pelo Papa Jo\u00e3o XXIII e que tem como subt\u00edtulo \u201cSobre a paz entre os povos que deve ser fundada na verdade, na justi\u00e7a, no amor e na liberdade\u201d. No v\u00eddeo deste m\u00eas, o Papa Francisco renova essa mensagem e denuncia com for\u00e7a:<\/p>\n<p style=\"text-align: justify;\"><i>&#8220;Como afirmou S\u00e3o Jo\u00e3o XXIII h\u00e1 60 anos, na Enc\u00edclica Pacem in Terris, a guerra \u00e9 uma loucura, est\u00e1 para al\u00e9m da raz\u00e3o. Qualquer guerra, qualquer confronto armado, acaba sempre numa derrota para todos. Desenvolvamos uma cultura da paz. Recordemos que mesmo nos casos de leg\u00edtima defesa, a paz \u00e9 o objetivo. E que uma paz duradoura s\u00f3 pode ser uma paz sem armas.&#8221;<\/i><\/p>\n<p style=\"text-align: justify;\">Aquela frase de 60 anos atr\u00e1s, citada por Francisco na mensagem que acompanha sua inten\u00e7\u00e3o de ora\u00e7\u00e3o, est\u00e1 mais atual do que nunca, como est\u00e3o os testemunhos deixados por algumas das pessoas que plantaram sementes de paz no s\u00e9culo passado: S\u00e3o Jo\u00e3o XXIII, Mahatma Gandhi, Martin Luther King, Santa Teresa de Calcut\u00e1. No v\u00eddeo do Papa deste m\u00eas, as imagens em preto e branco aparecem no meio de cenas de destrui\u00e7\u00e3o causadas pela viol\u00eancia atual: desde a guerra da Ucr\u00e2nia \u00e0s do Oriente M\u00e9dio, passando por confrontos e tiroteios, incluindo os pa\u00edses mais ricos, como os Estados Unidos. Ainda que n\u00e3o tenham faltado testemunhas, definitivamente, o mundo ainda n\u00e3o aprendeu a li\u00e7\u00e3o fundamental de que &#8220;qualquer guerra, qualquer confronto armado, acaba sendo uma derrota para todos&#8221;.<\/p>\n<h2 style=\"text-align: justify;\">A paz \u00e9 o objetivo<\/h2>\n<p style=\"text-align: justify;\">Um artigo da Anistia Internacional publicado sobre dados e estat\u00edsticas do uso de armas entre 2012 e 2016, apresenta uma amostra do que significa uma cultura de viol\u00eancia: por exemplo, mais de 500 pessoas morrem diariamente pela viol\u00eancia armada e em m\u00e9dia mais de 2 mil ficam feridas; al\u00e9m disso, 44 % dos homic\u00eddios no mundo s\u00e3o cometidos com armas de fogo. Isso est\u00e1 diretamente relacionado com a ind\u00fastria das armas: 8 milh\u00f5es de armas port\u00e1teis s\u00e3o produzidas a cada ano. E no que diz respeito ao conflito armado, a A\u00e7\u00e3o contra a viol\u00eancia armada (Action on Armed Violence, AOAV) adiantou que o panorama de 2023 n\u00e3o parece ser nada animador: os novos confrontos, particularmente a invas\u00e3o russa na Ucr\u00e2nia e as explos\u00f5es na \u00c1sia, somam-se aos conflitos e lutas armadas que est\u00e3o acontecendo na \u00c1frica e no Oriente M\u00e9dio, entre outros.<\/p>\n<p style=\"text-align: justify;\">O \u00fanico caminho poss\u00edvel para frear esta investida \u00e9 buscar e colocar em marcha, tanto em n\u00edvel local como internacional, caminhos de di\u00e1logo real e assumir \u201ca n\u00e3o viol\u00eancia\u201d como \u201cum guia para o nosso agir\u201d. Esta mensagem faz eco ao que adiantou o Papa Jo\u00e3o XXIII h\u00e1 60 anos: \u201cA viol\u00eancia jamais fez outra coisa que destruir, n\u00e3o edificar; inflamar as paix\u00f5es, n\u00e3o acalm\u00e1-las; acumular \u00f3dio e destrui\u00e7\u00e3o, n\u00e3o ajudar a confraternizar os advers\u00e1rios, levando os homens e os partidos \u00e0 dura necessidade de reconstruir tudo lentamente, depois de dolorosas provas, sobre destro\u00e7os da disc\u00f3rdia\u201d.<\/p>\n<p style=\"text-align: justify;\">O v\u00eddeo do Papa de abril, assim, \u00e9 um forte chamado para construir uma cultura de paz com um forte &#8216;n\u00e3o&#8217; \u00e0 viol\u00eancia, \u00e0 guerra e \u00e0s armas:<\/p>\n<div style=\"text-align: justify;\">\n<div class=\"article__embed article__embed--border embed_style\">\n<blockquote><p>\u201cFa\u00e7amos da n\u00e3o viol\u00eancia, tanto na vida quotidiana como nas rela\u00e7\u00f5es internacionais, um guia para o nosso agir. E rezemos por uma maior difus\u00e3o da cultura da n\u00e3o viol\u00eancia, que implica a diminui\u00e7\u00e3o do uso de armas, tanto por parte dos Estados como dos cidad\u00e3os.\u201d<\/p><\/blockquote>\n<\/div>\n<\/div>\n<h2 style=\"text-align: justify;\">Paz sem armas<\/h2>\n<p style=\"text-align: justify;\">O Pe. Fr\u00e9d\u00e9ric Fornos, diretor internacional da Rede Mundial de Ora\u00e7\u00e3o do Papa, comentou a mensagem de Francisco: \u201cfrente \u00e0 viol\u00eancia do nosso tempo, o Papa prop\u00f5e um m\u00eas para rezar \u2018por uma maior difus\u00e3o de uma cultura da n\u00e3o viol\u00eancia\u2019. A paz entre os povos come\u00e7a, de fato, na parte mais concreta e \u00edntima do cora\u00e7\u00e3o, quando encontro o outro na rua, seu rosto, seu olhar, sobretudo o que vem de outro lugar, o que n\u00e3o fala como eu e n\u00e3o tem a mesma cultura, o que \u00e9 diferente nas suas atitudes e o que chamamos &#8216;estrangeiro&#8217;. A guerra e o conflito come\u00e7am aqui e agora, em nossos cora\u00e7\u00f5es, cada vez que permitimos que a viol\u00eancia substitua a justi\u00e7a e o perd\u00e3o. O Evangelho nos mostra que a vida de Jesus revela o verdadeiro caminho da paz e nos convida a segui-lo. \u00c9 neste esp\u00edrito que somos chamados a nos &#8216;desarmarmos\u2019, no sentido de \u2018desarmar\u2019 nossas palavras, nossas a\u00e7\u00f5es, nosso \u00f3dio. Rezemos, pois, como nos convida o Papa Francisco para que \u2018fa\u00e7amos da n\u00e3o viol\u00eancia, tanto na vida cotidiana quanto nas rela\u00e7\u00f5es internacionais, um guia para o nosso agir\u2019\u201d.<\/p>\n<\/div>\n","protected":false},"excerpt":{"rendered":"<p>Francisco, no v\u00eddeo de inten\u00e7\u00e3o de ora\u00e7\u00e3o para o m\u00eas de abril, pede que rezemos &#8220;por uma maior difus\u00e3o da cultura da n\u00e3o viol\u00eancia, que implica a diminui\u00e7\u00e3o do uso de armas, tanto por parte dos Estados como dos cidad\u00e3os&#8221;. Para desenvolver uma cultura da paz, recorda o Papa, \u00e9 preciso &#8220;viver, falar e agir [&hellip;]<\/p>\n","protected":false},"author":1,"featured_media":80477,"comment_status":"open","ping_status":"closed","sticky":false,"template":"","format":"standard","meta":{"footnotes":""},"categories":[3],"tags":[],"class_list":["post-80476","post","type-post","status-publish","format-standard","has-post-thumbnail","hentry","category-vaticano"],"_links":{"self":[{"href":"https:\/\/catolicanet.net\/wp-cnet\/wp-json\/wp\/v2\/posts\/80476","targetHints":{"allow":["GET"]}}],"collection":[{"href":"https:\/\/catolicanet.net\/wp-cnet\/wp-json\/wp\/v2\/posts"}],"about":[{"href":"https:\/\/catolicanet.net\/wp-cnet\/wp-json\/wp\/v2\/types\/post"}],"author":[{"embeddable":true,"href":"https:\/\/catolicanet.net\/wp-cnet\/wp-json\/wp\/v2\/users\/1"}],"replies":[{"embeddable":true,"href":"https:\/\/catolicanet.net\/wp-cnet\/wp-json\/wp\/v2\/comments?post=80476"}],"version-history":[{"count":1,"href":"https:\/\/catolicanet.net\/wp-cnet\/wp-json\/wp\/v2\/posts\/80476\/revisions"}],"predecessor-version":[{"id":80478,"href":"https:\/\/catolicanet.net\/wp-cnet\/wp-json\/wp\/v2\/posts\/80476\/revisions\/80478"}],"wp:featuredmedia":[{"embeddable":true,"href":"https:\/\/catolicanet.net\/wp-cnet\/wp-json\/wp\/v2\/media\/80477"}],"wp:attachment":[{"href":"https:\/\/catolicanet.net\/wp-cnet\/wp-json\/wp\/v2\/media?parent=80476"}],"wp:term":[{"taxonomy":"category","embeddable":true,"href":"https:\/\/catolicanet.net\/wp-cnet\/wp-json\/wp\/v2\/categories?post=80476"},{"taxonomy":"post_tag","embeddable":true,"href":"https:\/\/catolicanet.net\/wp-cnet\/wp-json\/wp\/v2\/tags?post=80476"}],"curies":[{"name":"wp","href":"https:\/\/api.w.org\/{rel}","templated":true}]}}