{"id":80468,"date":"2023-03-30T09:36:22","date_gmt":"2023-03-30T12:36:22","guid":{"rendered":"https:\/\/catolicanet.net\/wp-cnet\/?p=80468"},"modified":"2023-03-30T12:53:41","modified_gmt":"2023-03-30T15:53:41","slug":"o-papa-agradece-a-proximidade-e-as-oracoes-mensagens-tambem-do-celam-e-da-cnbb","status":"publish","type":"post","link":"https:\/\/catolicanet.net\/wp-cnet\/o-papa-agradece-a-proximidade-e-as-oracoes-mensagens-tambem-do-celam-e-da-cnbb\/","title":{"rendered":"O Papa agradece a proximidade e as ora\u00e7\u00f5es. Mensagens tamb\u00e9m do CELAM e da CNBB"},"content":{"rendered":"<figure class=\"article__image\" style=\"text-align: justify;\"><span class=\"didascalia_img\">Hospital Policl\u00ednico Gemelli de Roma \u00a0<\/span><\/figure>\n<div class=\"article__meta audioInside\" data-mediatype=\"\">\n<div class=\"article__subTitle\" style=\"text-align: justify;\">Tu\u00edte do Papa da conta @Pontifex ap\u00f3s o primeiro dia passado no hospital Policl\u00ednico Gemelli de Roma por causa de uma infec\u00e7\u00e3o respirat\u00f3ria. No hospital, onde est\u00e3o reunidos os meios de comunica\u00e7\u00e3o internacionais, se reza pelo Papa. Enquanto isso, mensagens de felicita\u00e7\u00f5es e carinho chegam de todo o mundo.<\/div>\n<div class=\"title__separator\" style=\"text-align: justify;\"><\/div>\n<div class=\"article__text\">\n<p style=\"text-align: justify;\"><b>Vatican News<\/b><\/p>\n<div style=\"text-align: justify;\">\n<div class=\"article__embed article__embed--border embed_style\">\n<blockquote><p>\u201cEstou comovido com as muitas mensagens recebidas nestas horas e expresso a todos a minha gratid\u00e3o pela proximidade e ora\u00e7\u00e3o.\u201d<\/p><\/blockquote>\n<\/div>\n<\/div>\n<p style=\"text-align: justify;\">Este \u00e9 o tu\u00edte do Papa Francisco divulgado nesta quinta-feira, 30 de mar\u00e7o, ap\u00f3s transcorrer uma noite tranquila no hospital Policl\u00ednico Gemelli de Roma onde se encontra internado desde a tarde da \u00faltima quarta-feira, 29, por causa de uma infec\u00e7\u00e3o respirat\u00f3ria.<\/p>\n<div style=\"text-align: justify;\">\n<div class=\"article__embed article__embed--unwrap article__embed--dark\">\n<div class=\"article__innerTitle\">Ou\u00e7a e compartilhe<\/div>\n<div>\n<!--[if lt IE 9]><script>document.createElement('audio');<\/script><![endif]-->\n<audio class=\"wp-audio-shortcode\" id=\"audio-80468-1\" preload=\"none\" style=\"width: 100%;\" controls=\"controls\"><source type=\"audio\/mpeg\" src=\"https:\/\/media.vaticannews.va\/media\/audio\/s1\/2023\/03\/30\/16\/137011046_F137011046.mp3?_=1\" \/><a href=\"https:\/\/media.vaticannews.va\/media\/audio\/s1\/2023\/03\/30\/16\/137011046_F137011046.mp3\">https:\/\/media.vaticannews.va\/media\/audio\/s1\/2023\/03\/30\/16\/137011046_F137011046.mp3<\/a><\/audio>\n<\/div>\n<\/div>\n<\/div>\n<p style=\"text-align: justify;\">Ora\u00e7\u00f5es pela recupera\u00e7\u00e3o de Jorge Mario Bergoglio foram recitadas em todo o mundo desde que a Sala de Imprensa da Santa S\u00e9 divulgou a not\u00edcia de sua hospitaliza\u00e7\u00e3o. A Diocese de Roma escreveu num comunicado: &#8220;A Igreja de Roma expressa todo o seu afeto e proximidade ao seu Bispo, o Papa Francisco, e assegura sua ora\u00e7\u00e3o incessante, ainda mais forte neste momento de dificuldade, desejando-lhe uma r\u00e1pida recupera\u00e7\u00e3o&#8221;.<\/p>\n<p style=\"text-align: justify;\">A presid\u00eancia da Confer\u00eancia Episcopal Italiana, em nome dos bispos italianos, assegura &#8220;a ora\u00e7\u00e3o coral das igrejas na It\u00e1lia&#8221; e ao &#8220;desejar ao Santo Padre uma r\u00e1pida recupera\u00e7\u00e3o&#8221;, &#8220;confia os m\u00e9dicos e o agentes de sa\u00fade ao Senhor para que, com profissionalismo e dedica\u00e7\u00e3o, cuidam dele e de todos os pacientes&#8221;.<\/p>\n<p style=\"text-align: justify;\">A Confer\u00eancia Nacional dos Bispos do Brasil (CNBB) tamb\u00e9m divulgou uma nota, pedindo ora\u00e7\u00f5es pela sa\u00fade do Santo Padre.<\/p>\n<p style=\"text-align: justify;\">&#8220;A Confer\u00eancia Nacional dos Bispos do Brasil se une a todas as pessoas que, nestes dias, se encontram em ora\u00e7\u00e3o pela sa\u00fade do Papa Francisco. Que a Virgem M\u00e3e Aparecida interceda junto ao Bom Deus para que fortale\u00e7a sempre mais o Santo Padre na condu\u00e7\u00e3o da Igreja&#8221;, ressalta a nota, assinada pelo presidente da CNBB, dom Walmor Oliveira de Azevedo, arcebispo de Belo Horizonte, pelo arcebispo de Porto Alegre, dom Jaime Spengler, 1\u00ba vice-presidente, pelo arcebispo de Cuiab\u00e1, dom M\u00e1rio Ant\u00f4nio da Silva, 2\u00ba vice-presidente, e pelo bispo auxiliar de S\u00e3o Sebasti\u00e3o do Rio de Janeiro, dom Joel Portella Amado, secret\u00e1rio-geral.<\/p>\n<p style=\"text-align: justify;\">O presidente do Conselho Episcopal Latino-americano (CELAM), dom Miguel Cabrejos Vidarte, arcebispo de Trujillo, Peru, tamb\u00e9m enviou uma mensagem, pedindo pela sa\u00fade do Papa Francisco.<\/p>\n<p style=\"text-align: justify;\">O Celam convida &#8220;nossos irm\u00e3os no episcopado e, com eles, todo o Santo Povo fiel de Deus que peregrina na Am\u00e9rica Latina e no Caribe, para que neste Tempo de Quaresma em que nos preparamos para a celebra\u00e7\u00e3o da Semana Santa, intensifiquemos nossas ora\u00e7\u00f5es pelas inten\u00e7\u00f5es do Papa Francisco e por sua sa\u00fade\u201d, sob a intercess\u00e3o de \u201cnossa M\u00e3e Sant\u00edssima, Nossa Senhora de Guadalupe, Padroeira deste continente\u201d.<\/p>\n<p style=\"text-align: justify;\">Al\u00e9m do mundo eclesial, votos de uma r\u00e1pida recupera\u00e7\u00e3o se multiplicam nas redes sociais tamb\u00e9m do mundo pol\u00edtico e do entretenimento. N\u00e3o faltou o pensamento do presidente italiano, Sergio Mattarella, que durante o evento da Liga do Fio de Ouro, ponto de refer\u00eancia, na It\u00e1lia, para a assist\u00eancia, educa\u00e7\u00e3o, reabilita\u00e7\u00e3o de pessoas surdas-cegas e psicossensoriais com m\u00faltiplas defici\u00eancias, disse: &#8220;Este \u00e9 um lugar onde o desconforto se transforma em oportunidade e o sofrimento se transforma em solidariedade. Portanto, \u00e9 o melhor lugar para enviar, nesta manh\u00e3, os votos mais intensos e afetuosos ao Papa Francisco, com votos de plena recupera\u00e7\u00e3o da sa\u00fade\u201d.<\/p>\n<\/div>\n<\/div>\n","protected":false},"excerpt":{"rendered":"<p>Hospital Policl\u00ednico Gemelli de Roma \u00a0 Tu\u00edte do Papa da conta @Pontifex ap\u00f3s o primeiro dia passado no hospital Policl\u00ednico Gemelli de Roma por causa de uma infec\u00e7\u00e3o respirat\u00f3ria. No hospital, onde est\u00e3o reunidos os meios de comunica\u00e7\u00e3o internacionais, se reza pelo Papa. Enquanto isso, mensagens de felicita\u00e7\u00f5es e carinho chegam de todo o mundo. [&hellip;]<\/p>\n","protected":false},"author":1,"featured_media":80469,"comment_status":"open","ping_status":"closed","sticky":false,"template":"","format":"standard","meta":{"footnotes":""},"categories":[13,3],"tags":[],"class_list":["post-80468","post","type-post","status-publish","format-standard","has-post-thumbnail","hentry","category-featured","category-vaticano"],"_links":{"self":[{"href":"https:\/\/catolicanet.net\/wp-cnet\/wp-json\/wp\/v2\/posts\/80468","targetHints":{"allow":["GET"]}}],"collection":[{"href":"https:\/\/catolicanet.net\/wp-cnet\/wp-json\/wp\/v2\/posts"}],"about":[{"href":"https:\/\/catolicanet.net\/wp-cnet\/wp-json\/wp\/v2\/types\/post"}],"author":[{"embeddable":true,"href":"https:\/\/catolicanet.net\/wp-cnet\/wp-json\/wp\/v2\/users\/1"}],"replies":[{"embeddable":true,"href":"https:\/\/catolicanet.net\/wp-cnet\/wp-json\/wp\/v2\/comments?post=80468"}],"version-history":[{"count":1,"href":"https:\/\/catolicanet.net\/wp-cnet\/wp-json\/wp\/v2\/posts\/80468\/revisions"}],"predecessor-version":[{"id":80470,"href":"https:\/\/catolicanet.net\/wp-cnet\/wp-json\/wp\/v2\/posts\/80468\/revisions\/80470"}],"wp:featuredmedia":[{"embeddable":true,"href":"https:\/\/catolicanet.net\/wp-cnet\/wp-json\/wp\/v2\/media\/80469"}],"wp:attachment":[{"href":"https:\/\/catolicanet.net\/wp-cnet\/wp-json\/wp\/v2\/media?parent=80468"}],"wp:term":[{"taxonomy":"category","embeddable":true,"href":"https:\/\/catolicanet.net\/wp-cnet\/wp-json\/wp\/v2\/categories?post=80468"},{"taxonomy":"post_tag","embeddable":true,"href":"https:\/\/catolicanet.net\/wp-cnet\/wp-json\/wp\/v2\/tags?post=80468"}],"curies":[{"name":"wp","href":"https:\/\/api.w.org\/{rel}","templated":true}]}}