{"id":80386,"date":"2023-03-28T09:53:12","date_gmt":"2023-03-28T12:53:12","guid":{"rendered":"https:\/\/catolicanet.net\/wp-cnet\/?p=80386"},"modified":"2023-03-28T13:56:45","modified_gmt":"2023-03-28T16:56:45","slug":"documento-trouxe-a-intuicao-inicial-de-que-a-biblia-precisava-ser-tomada-como-livro-da-catequese-afirma-mariana-venancio","status":"publish","type":"post","link":"https:\/\/catolicanet.net\/wp-cnet\/documento-trouxe-a-intuicao-inicial-de-que-a-biblia-precisava-ser-tomada-como-livro-da-catequese-afirma-mariana-venancio\/","title":{"rendered":"\u201cDOCUMENTO TROUXE A INTUI\u00c7\u00c3O INICIAL DE QUE A B\u00cdBLIA PRECISAVA SER TOMADA COMO LIVRO DA CATEQUESE\u201d, AFIRMA MARIANA VEN\u00c2NCIO"},"content":{"rendered":"<blockquote><p>\u201cO Documento\u00a0<a href=\"https:\/\/www.catequesedobrasil.org.br\/noticia\/o-documento-catequese-renovada-da-cnbb-1983-\" target=\"_blank\" rel=\"noopener\">Catequese Renovada<\/a>\u00a0representou de fato, como o pr\u00f3prio nome diz, uma renova\u00e7\u00e3o na forma de comprender e fazer catequese no Brasil; uma renova\u00e7\u00e3o tamb\u00e9m na forma de compreender o ser do catequista, mas \u00e9 importante lembrarmos o quanto o Catequese Renovada contribuiu com a utiliza\u00e7\u00e3o e tamb\u00e9m com a rela\u00e7\u00e3o com a Sagrada Escritura a partir da Catequese.<\/p><\/blockquote>\n<p style=\"text-align: justify;\">A fala acima \u00e9 da Mariana Ven\u00e2ncio, assessora da Comiss\u00e3o para a Anima\u00e7\u00e3o B\u00edblico-Catequ\u00e9tica da Confer\u00eancia Nacional dos Bispos do Brasil (CNBB). Por meio de um v\u00eddeo gravado por ocasi\u00e3o do evento que ir\u00e1 celebrar os\u00a0<a href=\"https:\/\/www.cnbb.org.br\/catequeserenovada\/\">40 anos do Documento Catequese Renovada<\/a>, ela salientou que o\u00a0<a href=\"https:\/\/www.catequesedobrasil.org.br\/noticia\/o-documento-catequese-renovada-da-cnbb-1983-\" target=\"_blank\" rel=\"noopener\">documento<\/a>\u00a0trouxe a importante intui\u00e7\u00e3o de se ter a B\u00edblia como livro por excel\u00eancia da catequese. \u201cNaquele tempo no Catequese Renovada o grande esfor\u00e7o era fazer a passagem de uma catequese dos manuais no estilo de escola para uma catequese que, aos poucos, foi se desenvolvendo como um caminho para a inicia\u00e7\u00e3o a vida crist\u00e3\u201d, disse.<\/p>\n<p style=\"text-align: justify;\">De acordo com ela, compreender a B\u00edblia como livro por excel\u00eancia da catequese fez parte dessa transi\u00e7\u00e3o e que esse momento foi interessante porque n\u00e3o impactou somente a catequese como tamb\u00e9m outros \u00e2mbitos da vida eclesial. \u201cCompreender a B\u00edblia como livro essencial da catequese propiciou inicialmente uma rela\u00e7\u00e3o com a Sagrada Escritura no aspecto inici\u00e1tico, ou seja, \u00e9 na Sagrada Escritura o lugar da inicia\u00e7\u00e3o crist\u00e3, o lugar do encontro verdadeiro com Jesus Cristo, especialmente a partir dos evangelhos\u201d.<\/p>\n<p style=\"text-align: justify;\">Al\u00e9m disso, Mariana salientou que a B\u00edblia passou a ser primordial na rela\u00e7\u00e3o com todos aqueles que passavam pela catequese al\u00e9m da forma\u00e7\u00e3o na ora\u00e7\u00e3o pessoal comunit\u00e1ria, se tornando cada vez mais presente nos c\u00edrculos de ora\u00e7\u00e3o, reflex\u00e3o e celebra\u00e7\u00e3o. Ademais, conforme Mariana, a B\u00edblia tamb\u00e9m come\u00e7ou a ser vista como um ponto de finalidade da catequese, ent\u00e3o a partir disso, o an\u00fancio da Sagrada Escritura se tornou a miss\u00e3o daqueles que passavam pelos processos catequ\u00e9ticos nas comunidades.<\/p>\n<blockquote><p>\u201cIsso foi pouco a pouco aquilo que hoje a gente entende como anima\u00e7\u00e3o b\u00edblica da vida e da pastoral, ent\u00e3o aqueles que passavam da catequese pelos processos de inicia\u00e7\u00e3o a vida crist\u00e3 e foram, portanto, iniciados a um contato com a Sagrada Escritura passaram a tom\u00e1-la como \u00e2nimo e como sentido para sua pr\u00f3pria vida e isso fez com que esses diversos sujeitos iniciados no contato com a Sagrada Escritura constru\u00edssem tamb\u00e9m comunidades eclesiais, organiza\u00e7\u00f5es de pastorais que tivessem tamb\u00e9m a B\u00edblia no ponto de partido como \u00e2nimo, como raz\u00e3o\u201d.<\/p><\/blockquote>\n<p style=\"text-align: justify;\">Mariana Ven\u00e2ncio define que o grande esfor\u00e7o da Igreja no Brasil hoje em dia \u00e9 o de promover e intensificar esses espa\u00e7os de anima\u00e7\u00e3o b\u00edblica da pastoral.\u00a0 \u201cN\u00f3s devemos em grande parte toda essa contribui\u00e7\u00e3o ao\u00a0<a href=\"https:\/\/www.catequesedobrasil.org.br\/noticia\/o-documento-catequese-renovada-da-cnbb-1983-\" target=\"_blank\" rel=\"noopener\">Catequese Renovada<\/a>\u00a0e a essa sua intui\u00e7\u00e3o inicial de que a B\u00edblia precisava ser tomada como livro por excel\u00eancia da catequese\u201d, diz.<\/p>\n<div class=\"ast-oembed-container\" style=\"text-align: justify;\"><iframe loading=\"lazy\" title=\"Catequese Renovada 40 anos - Convite de Mariana Ven\u00e2ncio\" src=\"https:\/\/www.youtube.com\/embed\/w3Sl-JupyZ0?feature=oembed\" width=\"1200\" height=\"675\" frameborder=\"0\" allowfullscreen=\"allowfullscreen\" data-mce-fragment=\"1\"><\/iframe><\/div>\n<p style=\"text-align: justify;\">\n<p style=\"text-align: justify;\">\u00c9 por essa import\u00e2ncia dada ao\u00a0<a href=\"https:\/\/www.catequesedobrasil.org.br\/noticia\/o-documento-catequese-renovada-da-cnbb-1983-\" target=\"_blank\" rel=\"noopener\">Catequese Renovada<\/a>\u00a0que a Comiss\u00e3o para a Anima\u00e7\u00e3o B\u00edblico-Catequ\u00e9tica da CNBB ir\u00e1 realizar em Aparecida, S\u00e3o Paulo, de 1 a 3 de setembro, o Encontro Nacional em comemora\u00e7\u00e3o aos 40 anos do Catequese Renovada.<\/p>\n<h3 style=\"text-align: justify;\"><strong>Como se inscrever?<\/strong><\/h3>\n<p style=\"text-align: justify;\">Com tr\u00eas dias de forma\u00e7\u00e3o, conviv\u00eancia, partilha e ora\u00e7\u00e3o no Santu\u00e1rio de Nossa Senhora Aparecida, o encontro nacional, promovido pela Comiss\u00e3o para a Anima\u00e7\u00e3o B\u00edblico-Catequ\u00e9tica, revisitar\u00e1 o\u00a0<a href=\"https:\/\/www.catequesedobrasil.org.br\/noticia\/o-documento-catequese-renovada-da-cnbb-1983-\" target=\"_blank\" rel=\"noopener\">\u201cCatequese Renovada\u201d<\/a>,\u00a0documento mais importante para a Igreja do Brasil em termos de catequese, at\u00e9 a publica\u00e7\u00e3o do novo\u00a0<a href=\"https:\/\/www.edicoescnbb.com.br\/documentos-da-cnbb-084-diretorio-nacional-de-catequese?gclid=EAIaIQobChMIrOrm4rvj_QIVBGGRCh0OrA9NEAQYASABEgJzXfD_BwE\" target=\"_blank\" rel=\"noopener\">Diret\u00f3rio Nacional de Catequese\u00a0(DNC)<\/a><em>.<\/em><\/p>\n<p style=\"text-align: justify;\">Os interessados poder\u00e3o fazer a inscri\u00e7\u00e3o at\u00e9 o dia 10 de agosto no\u00a0<a href=\"https:\/\/www.cnbb.org.br\/catequeserenovada\/\">site oficial do evento<\/a>, com condi\u00e7\u00f5es especiais. A inscri\u00e7\u00e3o garante a\u00a0participa\u00e7\u00e3o no evento, os lanches entre as atividades do dia e o kit do evento, que ser\u00e1 entregue no credenciamento do primeiro dia.<\/p>\n<blockquote><p>\u201cConvido voc\u00ea catequista a participar. Fa\u00e7o tamb\u00e9m um apelo aos bispos a apoiarem a participa\u00e7\u00e3o dos catequistas para, juntos, darmos um novo impulso \u00e0 caminhada catequ\u00e9tica do Brasil. Participe conosco!, exorta dom Joel Portella\u201d.<\/p><\/blockquote>\n<p style=\"text-align: justify;\"><strong>Mais informa\u00e7\u00f5es:<br \/>\n<\/strong>Baixe (<a href=\"https:\/\/www.cnbb.org.br\/wp-content\/uploads\/2023\/03\/Cartaz-1.pdf\">aqui<\/a>) o cartaz oficial.<br \/>\nConhe\u00e7a a programa\u00e7\u00e3o (<a href=\"https:\/\/www.cnbb.org.br\/wp-content\/uploads\/2023\/02\/Programacao-Geral.pdf\">aqui<\/a>).<\/p>\n","protected":false},"excerpt":{"rendered":"<p>\u201cO Documento\u00a0Catequese Renovada\u00a0representou de fato, como o pr\u00f3prio nome diz, uma renova\u00e7\u00e3o na forma de comprender e fazer catequese no Brasil; uma renova\u00e7\u00e3o tamb\u00e9m na forma de compreender o ser do catequista, mas \u00e9 importante lembrarmos o quanto o Catequese Renovada contribuiu com a utiliza\u00e7\u00e3o e tamb\u00e9m com a rela\u00e7\u00e3o com a Sagrada Escritura a [&hellip;]<\/p>\n","protected":false},"author":1,"featured_media":80387,"comment_status":"open","ping_status":"closed","sticky":false,"template":"","format":"standard","meta":{"footnotes":""},"categories":[7,13],"tags":[],"class_list":["post-80386","post","type-post","status-publish","format-standard","has-post-thumbnail","hentry","category-cnbb","category-featured"],"_links":{"self":[{"href":"https:\/\/catolicanet.net\/wp-cnet\/wp-json\/wp\/v2\/posts\/80386","targetHints":{"allow":["GET"]}}],"collection":[{"href":"https:\/\/catolicanet.net\/wp-cnet\/wp-json\/wp\/v2\/posts"}],"about":[{"href":"https:\/\/catolicanet.net\/wp-cnet\/wp-json\/wp\/v2\/types\/post"}],"author":[{"embeddable":true,"href":"https:\/\/catolicanet.net\/wp-cnet\/wp-json\/wp\/v2\/users\/1"}],"replies":[{"embeddable":true,"href":"https:\/\/catolicanet.net\/wp-cnet\/wp-json\/wp\/v2\/comments?post=80386"}],"version-history":[{"count":1,"href":"https:\/\/catolicanet.net\/wp-cnet\/wp-json\/wp\/v2\/posts\/80386\/revisions"}],"predecessor-version":[{"id":80388,"href":"https:\/\/catolicanet.net\/wp-cnet\/wp-json\/wp\/v2\/posts\/80386\/revisions\/80388"}],"wp:featuredmedia":[{"embeddable":true,"href":"https:\/\/catolicanet.net\/wp-cnet\/wp-json\/wp\/v2\/media\/80387"}],"wp:attachment":[{"href":"https:\/\/catolicanet.net\/wp-cnet\/wp-json\/wp\/v2\/media?parent=80386"}],"wp:term":[{"taxonomy":"category","embeddable":true,"href":"https:\/\/catolicanet.net\/wp-cnet\/wp-json\/wp\/v2\/categories?post=80386"},{"taxonomy":"post_tag","embeddable":true,"href":"https:\/\/catolicanet.net\/wp-cnet\/wp-json\/wp\/v2\/tags?post=80386"}],"curies":[{"name":"wp","href":"https:\/\/api.w.org\/{rel}","templated":true}]}}