{"id":80328,"date":"2023-03-27T10:00:52","date_gmt":"2023-03-27T13:00:52","guid":{"rendered":"https:\/\/catolicanet.net\/wp-cnet\/?p=80328"},"modified":"2023-03-27T16:02:31","modified_gmt":"2023-03-27T19:02:31","slug":"dom-evaristo-spengler-inicia-sua-missao-na-igreja-de-roraima","status":"publish","type":"post","link":"https:\/\/catolicanet.net\/wp-cnet\/dom-evaristo-spengler-inicia-sua-missao-na-igreja-de-roraima\/","title":{"rendered":"Dom Evaristo Spengler inicia sua miss\u00e3o na Igreja de Roraima"},"content":{"rendered":"<figure class=\"article__image\" style=\"text-align: justify;\"><span class=\"didascalia_img\">Dom Evaristo Spengler inicia sua miss\u00e3o na Igreja de Roraima\u00a0<\/span><\/figure>\n<div class=\"article__meta audioInside\" data-mediatype=\"\">\n<div class=\"article__subTitle\" style=\"text-align: justify;\">Dom Evaristo reafirma o compromisso da Igreja de Roraima com os ind\u00edgenas e migrantes.<\/div>\n<div class=\"title__separator\" style=\"text-align: justify;\"><\/div>\n<div class=\"article__text\">\n<p style=\"text-align: justify;\"><b>Padre Luis Miguel Modino, assessor de comunica\u00e7\u00e3o CNBB Norte1<\/b><\/p>\n<p style=\"text-align: justify;\">Ser acolhido pelos que n\u00e3o contam \u00e9 um sinal de Deus, que faz op\u00e7\u00e3o por aqueles que a sociedade descarta. Os povos ind\u00edgenas e os migrantes venezuelanos, v\u00edtimas de preconceito na sociedade roraimense, foram os protagonistas da acolhida ao novo Bispo da Diocese de Roraima na frente da Catedral Cristo Redentor.<\/p>\n<p style=\"text-align: justify;\">Com a presen\u00e7a dos bispos do Regional Norte1 e de outros prelados provenientes de diferentes cantos do Brasil e da Venezuela, dentre eles seus dois predecessores, dom M\u00e1rio Ant\u00f4nio da Silva e dom Roque Paloschi, presb\u00edteros, Vida Religiosa e representantes da par\u00f3quias e comunidades, dom Evaristo Spengler tomou posse, pelas m\u00e3os do cardeal Leonardo Steiner, arcebispo Metropolita de Manaus, da Igreja que o Papa Francisco lhe confiou, mostrando em suas palavras e seu sorriso no rosto a alegria deste momento.<\/p>\n<div style=\"text-align: justify;\">\n<div class=\"article__embed article__embed--unwrap article__embed--dark\">\n<div class=\"article__innerTitle\">Ou\u00e7a e compartilhe<\/div>\n<div>\n<!--[if lt IE 9]><script>document.createElement('audio');<\/script><![endif]-->\n<audio class=\"wp-audio-shortcode\" id=\"audio-80328-1\" preload=\"none\" style=\"width: 100%;\" controls=\"controls\"><source type=\"audio\/mpeg\" src=\"https:\/\/media.vaticannews.va\/media\/audio\/s1\/2023\/03\/27\/11\/137005857_F137005857.mp3?_=1\" \/><a href=\"https:\/\/media.vaticannews.va\/media\/audio\/s1\/2023\/03\/27\/11\/137005857_F137005857.mp3\">https:\/\/media.vaticannews.va\/media\/audio\/s1\/2023\/03\/27\/11\/137005857_F137005857.mp3<\/a><\/audio>\n<\/div>\n<\/div>\n<\/div>\n<p style=\"text-align: justify;\">Os povos ind\u00edgenas e os migrantes s\u00e3o protagonistas na Igreja de Roraima, algo que mais uma vez se fez presente na liturgia, com a proclama\u00e7\u00e3o das leituras em espanhol e na l\u00edngua ind\u00edgena macuxi, assim como alguns dos cantos e momentos marcantes da celebra\u00e7\u00e3o. Uma liturgia cheia de s\u00edmbolos, com rosto amaz\u00f4nico, na Solenidade da Anuncia\u00e7\u00e3o do Senhor e no dia em que a Igreja de Roraima inicia a prepara\u00e7\u00e3o para os 300 anos de evangeliza\u00e7\u00e3o em 2025.<\/p>\n<div style=\"text-align: justify;\">\n<div class=\"article__embed article__embed--unwrap article__embed--photo\">\n<figure><picture><img decoding=\"async\" class=\"loaded\" src=\"https:\/\/www.vaticannews.va\/content\/dam\/vaticannews\/multimedia\/2023\/03\/27\/DOM-EVARISTO-RORAIMA-4-2.jpg\/_jcr_content\/renditions\/cq5dam.thumbnail.cropped.750.422.jpeg\" alt=\"Dom Evaristo Spengler inicia sua miss\u00e3o na Igreja de Roraima\" data-original=\"\/content\/dam\/vaticannews\/multimedia\/2023\/03\/27\/DOM-EVARISTO-RORAIMA-4-2.jpg\/_jcr_content\/renditions\/cq5dam.thumbnail.cropped.750.422.jpeg\" data-was-processed=\"true\" \/><\/picture><\/figure>\n<div class=\"photo_embed--Title\">Dom Evaristo Spengler inicia sua miss\u00e3o na Igreja de Roraima<\/div>\n<\/div>\n<\/div>\n<p style=\"text-align: justify;\">Desde o Mist\u00e9rio da Anuncia\u00e7\u00e3o, dom Evaristo destacou como Deus enviou seu anjo a uma regi\u00e3o desprezada, para assim encarnar a um Messias que quis ser parte do povo pobre e que revelou que \u201co Reino de Deus est\u00e1 presente especialmente l\u00e1 onde todas as pessoas podem circular\u201d. Isso pela figura de Maria, que supera seus medos para assumir o plano de Deus, pois acima de tudo \u201cela carrega no cora\u00e7\u00e3o a certeza de que Deus caminha com ela e com o povo pobre\u201d, insistindo dom Evaristo em superar os medos, pois \u201co excesso de medo nos paralisa\u201d, lembrando alguns medos \u201cque nos fazem muito mal\u201d, e junto com isso \u201cnos impede caminhar e construir um futuro coerente e mais aut\u00eantico com o Evangelho\u201d.<\/p>\n<p style=\"text-align: justify;\">Da\u00ed, o novo bispo da diocese de Roraima fez ver a urg\u00eancia de \u201cconstruir uma Igreja da esperan\u00e7a e da confian\u00e7a em Deus\u201d, lembrando do 3\u00ba Ano Vocacional que a Igreja do Brasil est\u00e1 celebrando, insistindo em que \u201ctodos somos chamados a ser Povo de Deus a caminho e a fortalecer nossas Comunidades Eclesiais de Base\u201d, e fazendo um chamado a todos a assumir a sua voca\u00e7\u00e3o na Comunh\u00e3o e na Miss\u00e3o, \u201csem medo de caminhar juntos e de construir comunidades servidoras, a exemplo de Maria\u201d.<\/p>\n<div style=\"text-align: justify;\">\n<div class=\"article__embed article__embed--unwrap article__embed--photo\">\n<figure><picture><img decoding=\"async\" class=\"loaded\" src=\"https:\/\/www.vaticannews.va\/content\/dam\/vaticannews\/multimedia\/2023\/03\/27\/DOM-EVARISTO-RORAIMA-2-2.jpg\/_jcr_content\/renditions\/cq5dam.thumbnail.cropped.750.422.jpeg\" alt=\"Dom Evaristo Spengler inicia sua miss\u00e3o na Igreja de Roraima\" data-original=\"\/content\/dam\/vaticannews\/multimedia\/2023\/03\/27\/DOM-EVARISTO-RORAIMA-2-2.jpg\/_jcr_content\/renditions\/cq5dam.thumbnail.cropped.750.422.jpeg\" data-was-processed=\"true\" \/><\/picture><\/figure>\n<div class=\"photo_embed--Title\">Dom Evaristo Spengler inicia sua miss\u00e3o na Igreja de Roraima<\/div>\n<\/div>\n<\/div>\n<p style=\"text-align: justify;\">\u00c9 a exemplo de Maria, que \u201cesta Igreja particular ouve o chamado de Deus pelo clamor do povo\u201d, algo que foi assumido pelos mission\u00e1rios que ao longo de 300 anos \u201cchegavam com muito sacrif\u00edcio de deslocamentos, de comunica\u00e7\u00e3o, de recursos e aqui deixaram-se consumir no testemunho do evangelho vivo\u201d, insistiu Dom Evaristo Spengler. Uma Igreja que \u201cnunca deixou-se pautar por aplausos os cr\u00edticas, mas pela fidelidade ao Evangelho de Jesus Cristo\u201d, inclusive at\u00e9 dar a vida como aconteceu com o Padre Caleri. \u201cUma Igreja, sem medo, como Maria\u201d.<\/p>\n<p style=\"text-align: justify;\">No momento atual, \u201ca Igreja n\u00e3o pode silenciar diante da trag\u00e9dia dos Yanomami, diante de suas terras invadidas pelo garimpo, que lhes rouba o territ\u00f3rio, a sa\u00fade, a paz, os meios de produ\u00e7\u00e3o de alimentos, enfim a vida\u201d, denunciou dom Evaristo. Da\u00ed ele insistiu que \u201ca Igreja de Roraima reafirma mais uma vez o seu compromisso com os povos ind\u00edgenas na defesa de sua vida e de seus territ\u00f3rios\u201d. Um compromisso que tamb\u00e9m se faz extensivo aos migrantes, destacou o Bispo, que \u201cdeseja acolh\u00ea-los e inseri-los nesta terra\u201d, muitos deles participantes da vida das comunidades da Diocese.<\/p>\n<p style=\"text-align: justify;\">Refletindo sobre o Minist\u00e9rio do Bispo e o tr\u00edplice minist\u00e9rio, dom Evaristo Spengler insistiu em que \u201cmais importante do que o Bispo \u00e9 a Igreja\u201d, e fez uma profiss\u00e3o de f\u00e9, mostrando a Igreja em que ele cr\u00ea: Uma Igreja fiel ao Evangelho; uma Igreja servidora do mundo e promotora da Vida, principalmente l\u00e1 onde ela se encontra mais amea\u00e7ada; uma Igreja aliada e parceira dos pobres, povos ind\u00edgenas, migrantes, mulheres, jovens e famintos; numa Igreja de Comunidades, da Palavra, que faz a experi\u00eancia da partilha e \u00e9 ensaio do Reino; uma Igreja que buscar testemunhar a sinodalidade, correspons\u00e1vel desde o Batismo; uma Igreja toda ministerial; uma Igreja prof\u00e9tica; uma Igreja respons\u00e1vel pela Casa Comum, que ama, cuida e defende nossa \u201cIrm\u00e3 M\u00e3e Terra\u201d.<\/p>\n<div style=\"text-align: justify;\">\n<div class=\"article__embed article__embed--unwrap article__embed--photo\">\n<figure><picture><img decoding=\"async\" class=\"loaded\" src=\"https:\/\/www.vaticannews.va\/content\/dam\/vaticannews\/multimedia\/2023\/03\/27\/DOM-EVARISTO-RORAIMA-4-1.jpg\/_jcr_content\/renditions\/cq5dam.thumbnail.cropped.750.422.jpeg\" alt=\"Dom Evaristo Spengler inicia sua miss\u00e3o na Igreja de Roraima\" data-original=\"\/content\/dam\/vaticannews\/multimedia\/2023\/03\/27\/DOM-EVARISTO-RORAIMA-4-1.jpg\/_jcr_content\/renditions\/cq5dam.thumbnail.cropped.750.422.jpeg\" data-was-processed=\"true\" \/><\/picture><\/figure>\n<div class=\"photo_embed--Title\">Dom Evaristo Spengler inicia sua miss\u00e3o na Igreja de Roraima<\/div>\n<\/div>\n<\/div>\n<p style=\"text-align: justify;\">Numa Igreja tr\u00eas vezes centen\u00e1ria, dom Evaristo disse se sentir \u201ctranquilo e bastante seguro, n\u00e3o por causa das minhas for\u00e7as, mas por causa da Igreja\u201d, que ele definiu marcada pelo \u201ctestemunho, fidelidade e profetismo\u201d. Um caminho que disse querer percorrer desde seu \u201ccompromisso com o Regional Norte1 em busca do fortalecimento dos la\u00e7os de comunh\u00e3o\u201d, algo que tamb\u00e9m faz com a CNBB, em sua miss\u00e3o no Enfrentamento ao Tr\u00e1fico humano e com a REPAM.<\/p>\n<p style=\"text-align: justify;\">No final da celebra\u00e7\u00e3o foi momento de agradecimento ao novo bispo, tamb\u00e9m ao administrador diocesano durante a sede vacante, o padre L\u00facio Nicoletto. Uma Igreja que com a chegada de dom Evaristo se sente \u201cbeijada pelo Esp\u00edrito de Deus\u201d, destacando no novo Bispo seu despojamento, e sendo acolhido por todos e todas os que caminham nesta Igreja de Roraima, prof\u00e9tica e mission\u00e1ria, que unidos com seu novo Bispo querem caminhar para \u00e1guas mais profundas, dizendo como Maria: \u201cEis aqui a serva do Senhor, fa\u00e7a-se em n\u00f3s segundo a vossa palavra\u201d.<\/p>\n<p style=\"text-align: justify;\">Uma acolhida do clero, que lhe fizeram ver que o novo Bispo n\u00e3o est\u00e1 sozinho e pode contar com os padres em seu novo minist\u00e9rio, tamb\u00e9m da Vida Religiosa, que disse para ele que Deus lhe conferira muitas for\u00e7as de se colocar ao servi\u00e7o dos mais pobres junto com os consagrados e consagradas. O novo bispo tamb\u00e9m foi acolhido pelo prefeito da cidade lhe mostrando que \u00e9 muito bem-vindo \u00e0 cidade de Boa Vista, sede da Diocese de Roraima, a quem o administrador diocesano agradeceu pela ajuda nos mais de 10 meses em que desempenhou essa miss\u00e3o, pedindo ao novo Bispo que ajude sua nova Igreja a n\u00e3o ter medo de avan\u00e7ar para \u00e1guas mais profundas e a caminhar juntos como Igreja sinodal.<\/p>\n<div>\n<div class=\"article__embed article__embed--unwrap article__embed--photo\">\n<figure style=\"text-align: justify;\"><picture><img decoding=\"async\" class=\"loaded\" src=\"https:\/\/www.vaticannews.va\/content\/dam\/vaticannews\/multimedia\/2023\/03\/27\/DOM-EVARISTO-RORAIMA-2-1.jpg\/_jcr_content\/renditions\/cq5dam.thumbnail.cropped.750.422.jpeg\" alt=\"Dom Evaristo Spengler inicia sua miss\u00e3o na Igreja de Roraima\" data-original=\"\/content\/dam\/vaticannews\/multimedia\/2023\/03\/27\/DOM-EVARISTO-RORAIMA-2-1.jpg\/_jcr_content\/renditions\/cq5dam.thumbnail.cropped.750.422.jpeg\" data-was-processed=\"true\" \/><\/picture><\/figure>\n<div class=\"photo_embed--Title\" style=\"text-align: justify;\">Dom Evaristo Spengler inicia sua miss\u00e3o na Igreja de Roraima<\/div>\n<\/div>\n<\/div>\n<\/div>\n<\/div>\n","protected":false},"excerpt":{"rendered":"<p>Dom Evaristo Spengler inicia sua miss\u00e3o na Igreja de Roraima\u00a0 Dom Evaristo reafirma o compromisso da Igreja de Roraima com os ind\u00edgenas e migrantes. Padre Luis Miguel Modino, assessor de comunica\u00e7\u00e3o CNBB Norte1 Ser acolhido pelos que n\u00e3o contam \u00e9 um sinal de Deus, que faz op\u00e7\u00e3o por aqueles que a sociedade descarta. Os povos [&hellip;]<\/p>\n","protected":false},"author":1,"featured_media":80329,"comment_status":"open","ping_status":"closed","sticky":false,"template":"","format":"standard","meta":{"footnotes":""},"categories":[3],"tags":[],"class_list":["post-80328","post","type-post","status-publish","format-standard","has-post-thumbnail","hentry","category-vaticano"],"_links":{"self":[{"href":"https:\/\/catolicanet.net\/wp-cnet\/wp-json\/wp\/v2\/posts\/80328","targetHints":{"allow":["GET"]}}],"collection":[{"href":"https:\/\/catolicanet.net\/wp-cnet\/wp-json\/wp\/v2\/posts"}],"about":[{"href":"https:\/\/catolicanet.net\/wp-cnet\/wp-json\/wp\/v2\/types\/post"}],"author":[{"embeddable":true,"href":"https:\/\/catolicanet.net\/wp-cnet\/wp-json\/wp\/v2\/users\/1"}],"replies":[{"embeddable":true,"href":"https:\/\/catolicanet.net\/wp-cnet\/wp-json\/wp\/v2\/comments?post=80328"}],"version-history":[{"count":1,"href":"https:\/\/catolicanet.net\/wp-cnet\/wp-json\/wp\/v2\/posts\/80328\/revisions"}],"predecessor-version":[{"id":80330,"href":"https:\/\/catolicanet.net\/wp-cnet\/wp-json\/wp\/v2\/posts\/80328\/revisions\/80330"}],"wp:featuredmedia":[{"embeddable":true,"href":"https:\/\/catolicanet.net\/wp-cnet\/wp-json\/wp\/v2\/media\/80329"}],"wp:attachment":[{"href":"https:\/\/catolicanet.net\/wp-cnet\/wp-json\/wp\/v2\/media?parent=80328"}],"wp:term":[{"taxonomy":"category","embeddable":true,"href":"https:\/\/catolicanet.net\/wp-cnet\/wp-json\/wp\/v2\/categories?post=80328"},{"taxonomy":"post_tag","embeddable":true,"href":"https:\/\/catolicanet.net\/wp-cnet\/wp-json\/wp\/v2\/tags?post=80328"}],"curies":[{"name":"wp","href":"https:\/\/api.w.org\/{rel}","templated":true}]}}