{"id":80324,"date":"2023-03-27T09:58:35","date_gmt":"2023-03-27T12:58:35","guid":{"rendered":"https:\/\/catolicanet.net\/wp-cnet\/?p=80324"},"modified":"2023-03-27T16:00:13","modified_gmt":"2023-03-27T19:00:13","slug":"spei-satelles-a-mensagem-de-esperanca-do-papa-no-auge-da-pandemia-chega-ao-espaco","status":"publish","type":"post","link":"https:\/\/catolicanet.net\/wp-cnet\/spei-satelles-a-mensagem-de-esperanca-do-papa-no-auge-da-pandemia-chega-ao-espaco\/","title":{"rendered":"Spei Satelles, a mensagem de esperan\u00e7a do Papa no auge da pandemia chega ao espa\u00e7o"},"content":{"rendered":"<figure class=\"article__image\" style=\"text-align: justify;\"><span class=\"didascalia_img\">Nanobook &#8211; Sala Marconi do Palazzo Pio, apresenta\u00e7\u00e3o da miss\u00e3o espacial &#8220;Spei Satelles&#8221; \u00a0<\/span><\/figure>\n<div class=\"article__meta videoInside\" data-mediatype=\"\">\n<div class=\"article__subTitle\" style=\"text-align: justify;\">Apresentada nesta segunda-feira, a miss\u00e3o concebida e organizada pelo Dicast\u00e9rio para a Comunica\u00e7\u00e3o em colabora\u00e7\u00e3o com a Ag\u00eancia Espacial Italiana, o Polit\u00e9cnico de Turim, o Instituto de Fot\u00f4nica e Nanotecnologia do CNR e o Apostolado Digital de Turim. O lan\u00e7amento da Calif\u00f3rnia em 10 de junho, enquanto em 29 de maio o Papa Francisco aben\u00e7oar\u00e1 o sat\u00e9lite e o nanobook.<\/div>\n<div class=\"title__separator\" style=\"text-align: justify;\"><\/div>\n<div class=\"article__text\">\n<p style=\"text-align: justify;\"><b>Maria Milvia Morciano e Andrea De Angelis &#8211; Vatican News<\/b><\/p>\n<p style=\"text-align: justify;\">Mensagens de esperan\u00e7a para toda a humanidade, enviadas em miss\u00e3o em \u00f3rbita na imensid\u00e3o do espa\u00e7o. E estas mensagens est\u00e3o contidas em objetos imensamente pequenos: um nano livro por sua vez enviado por um nano-sat\u00e9lite. No terceiro anivers\u00e1rio da Statio Orbis, nasceu a miss\u00e3o espacial &#8216;Spei Satelles&#8217;, a partir de uma ideia de monsenhor Lucio Ruiz, secret\u00e1rio do Dicast\u00e9rio para a Comunica\u00e7\u00e3o, em colabora\u00e7\u00e3o com a Ag\u00eancia Espacial Italiana, a Polit\u00e9cnica de Turim, o Instituto de Fot\u00f4nica e Nanotecnologia do CNR e o Apostolado Digital de Turim. A miss\u00e3o ser\u00e1 conclu\u00edda em 10 de junho, com o lan\u00e7amento ao espa\u00e7o. Alguns dias antes, na quarta-feira 29 de maio, o Papa Francisco aben\u00e7oar\u00e1 o sat\u00e9lite e o nanobook no final da audi\u00eancia geral.<\/p>\n<p style=\"text-align: justify;\">H\u00e1 tr\u00eas anos, precisamente no dia 27 de mar\u00e7o, o Papa Francisco parou com o poder da ora\u00e7\u00e3o o tempo e o espa\u00e7o suspensos em ang\u00fastia. Estava sozinho no sagrado da Bas\u00edlica de S\u00e3o Pedro, na noite l\u00edvida e fria de chuva, diante de duas imagens sagradas muito amadas pelos romanos: a Salus Populi Romani e o Crucifixo de S\u00e3o Marcello. Em suas m\u00e3os ele segurou o Sant\u00edssimo Sacramento para aben\u00e7oar a humanidade sofredora. A pandemia parecia querer envolver a todos, e sobre tudo ressoavam as palavras de Jesus, repetidas pelo Papa: &#8220;por que voc\u00eas t\u00eam medo? A ainda n\u00e3o t\u00eam f\u00e9?&#8221;.<\/p>\n<div style=\"text-align: justify;\">\n<div class=\"article__embed article__embed--unwrap article__embed--dark\">\n<div class=\"embed-container\"><iframe id=\"213975036\" title=\"Spei Satelles\" src=\"https:\/\/www.youtube.com\/embed\/jNHQkBHLtkM?wmode=opaque&amp;rel=0&amp;autohide=1&amp;showinfo=0&amp;wmode=transparent&amp;modestbranding=1&amp;enablejsapi=1&amp;origin=https:\/\/www.vaticannews.va&amp;start=&amp;end=\" allowfullscreen=\"allowfullscreen\" data-gtm-yt-inspected-7781034_9=\"true\" data-gtm-yt-inspected-8=\"true\"><\/iframe><\/div>\n<div class=\"article__innerTitle\">Monsenhor Ruiz em italiano<\/div>\n<\/div>\n<\/div>\n<h2 style=\"text-align: justify;\">Um livro no banco de sementes do mundo<\/h2>\n<p style=\"text-align: justify;\">E este \u00e9 precisamente o t\u00edtulo do livro publicado no ano seguinte, em 2021, pela Livraria Editora Vaticana e editado por monsenhor Ruiz, em mem\u00f3ria daquele momento irrepet\u00edvel, com as palavras proferidas pelo Papa e as reflex\u00f5es que resultaram. Aquele momento de ora\u00e7\u00e3o universal n\u00e3o havia se esgotado com o tempo e as conting\u00eancias, mas havia crescido como uma semente plantada. Tinha criado ra\u00edzes e logo come\u00e7ou a dar frutos. No ano seguinte, a publica\u00e7\u00e3o foi depositada no banco mundial de sementes, no Cofre de Sementes de Svalbard, no arquip\u00e9lago \u00e1rtico das Ilhas Svalbard, a cerca de 1.200 km do P\u00f3lo Norte.<\/p>\n<div style=\"text-align: justify;\">\n<div class=\"article__embed article__embed--unwrap article__embed--photo\">\n<figure><picture><img decoding=\"async\" class=\"loaded\" src=\"https:\/\/www.vaticannews.va\/content\/dam\/vaticannews\/multimedia\/2023\/03\/27\/Conf-stampa.jpg\/_jcr_content\/renditions\/cq5dam.thumbnail.cropped.750.422.jpeg\" alt=\"Coletiva de imprensa na Sala Marconi\" data-original=\"\/content\/dam\/vaticannews\/multimedia\/2023\/03\/27\/Conf-stampa.jpg\/_jcr_content\/renditions\/cq5dam.thumbnail.cropped.750.422.jpeg\" data-was-processed=\"true\" \/><\/picture><\/figure>\n<div class=\"photo_embed--Title\">Coletiva de imprensa na Sala Marconi<\/div>\n<\/div>\n<\/div>\n<h2 style=\"text-align: justify;\">Guardi\u00e3o da esperan\u00e7a<\/h2>\n<p style=\"text-align: justify;\">Finalmente, a miss\u00e3o espacial &#8216;Spei satelles&#8217;, cujo nome, traduzido do latim, mostra o poder de seu significado: &#8216;Guardi\u00e3o da esperan\u00e7a&#8217;, apontou monsenhor Ruiz, na coletiva de imprensa de apresenta\u00e7\u00e3o na Sala Marconi na sede da R\u00e1dio Vaticano. &#8220;Com um foguete que decolar\u00e1 da base de Vandemberg na Calif\u00f3rnia, colocaremos em \u00f3rbita um pequeno sat\u00e9lite que levar\u00e1 o livro em formato de nanobook&#8221;, anunciou ele.<\/p>\n<h2 style=\"text-align: justify;\">Um pequeno sinal de unidade e esperan\u00e7a em um mundo dividido<\/h2>\n<p style=\"text-align: justify;\">Falando na coletiva de imprensa, Paolo Ruffini, prefeito do Dicast\u00e9rio para a Comunica\u00e7\u00e3o, observou como &#8220;\u00e9 significativo que em uma mudan\u00e7a de \u00e9poca como a que estamos vivendo, uma comunidade composta por cientistas, pesquisadores, acad\u00eamicos e comunicadores esteja reunida aqui hoje&#8221;. Para contar o trabalho feito em conjunto e apresentar um pequeno sinal de unidade e esperan\u00e7a em um mundo t\u00e3o dividido e desesperado&#8221;. Voltando seu olhar para os tempos em que vivemos hoje, Ruffini reiterou a import\u00e2ncia de que isto ocorra &#8220;em um dia que \u00e9 em si emblem\u00e1tico da nossa hist\u00f3ria recente, que h\u00e1 tr\u00eas anos parecia ter quase chegado ao fim, uma parada imprevista e sombria&#8221;. E que hoje est\u00e1 lutando no beco aparentemente cego de uma guerra cujo fim n\u00e3o se v\u00ea&#8221;.\u00a0 &#8220;Estar aqui hoje significa tamb\u00e9m demonstrar em termos concretos a possibilidade de colabora\u00e7\u00e3o entre mulheres e homens da ci\u00eancia e mulheres e homens de f\u00e9&#8221;, concluiu Ruffini, lembrando o que o Papa Francisco diz no\u00a0<i>Evangelli gaudium<\/i>: a f\u00e9 n\u00e3o tem medo da raz\u00e3o; pelo contr\u00e1rio, ela a busca, ela confia nela.<\/p>\n<h2 style=\"text-align: justify;\">O compromisso dos jovens estudantes<\/h2>\n<p style=\"text-align: justify;\">O nanosat\u00e9lite, constru\u00eddo por estudantes do Laborat\u00f3rio de Sistemas e Tecnologias para Pesquisa Aeroespacial da Polit\u00e9cnica de Turim, ser\u00e1, portanto, lan\u00e7ado no espa\u00e7o em junho, levando consigo o resultado da mais avan\u00e7ada pesquisa em nanotecnologia. Como explicou Sabrina Corpino, diretora do laborat\u00f3rio de Sistemas e Tecnologias para Pesquisa Aeroespacial do Polit\u00e9cnico de Turim, o projeto \u00e9 a prova do compromisso de seus jovens estudantes, assim como &#8220;a prova de que a universidade n\u00e3o \u00e9 apenas um lugar de educa\u00e7\u00e3o, mas tamb\u00e9m de pesquisa e que ela deve dar respostas aos desafios de nosso tempo&#8221;. O nanolivro \u00e9 &#8220;uma estrutura de sil\u00edcio de dois mil\u00edmetros de di\u00e2metro, na qual existem cerca de 6 milh\u00f5es de nano furos, cada um deles com menos de um mil\u00e9simo do di\u00e2metro de um cabelo humano&#8221;, explica Andrea Notargiacomo, pesquisadora chefe do Instituto de Fot\u00f4nica e Nanotecnologia do CNR.<\/p>\n<h2 style=\"text-align: justify;\">A f\u00e9 e a ci\u00eancia caminhando juntas<\/h2>\n<p style=\"text-align: justify;\">Como na filosofia mais antiga, o espa\u00e7o infinitamente grande acolhe o infinitamente pequeno da nanotecnologia. &#8220;A f\u00e9 e a ci\u00eancia caminham juntas. A Igreja participa do caminho da ci\u00eancia&#8221;, disse o padre Gabriele Gionti, vice-diretor da Specola Vaticana, enfatizando que o papel do observat\u00f3rio astron\u00f4mico e do centro de pesquisa cient\u00edfica da Igreja Cat\u00f3lica \u00e9 &#8220;reconhecer que a ci\u00eancia \u00e9 obra de Deus e deve ser abra\u00e7ada como tal&#8221;. Tecnologia e f\u00e9 tamb\u00e9m andam de m\u00e3os dadas, como enfatizado pelo engenheiro Giorgio Saccoccia, presidente da Ag\u00eancia Espacial Italiana. De fato, a tecnologia faz parte da vida que levamos todos os dias, portanto&#8221;, diz ele, &#8220;ela pode e deve ser usada a servi\u00e7o da f\u00e9&#8221;.<\/p>\n<div style=\"text-align: justify;\">\n<div class=\"article__embed article__embed--unwrap article__embed--photo\">\n<figure><picture><img decoding=\"async\" class=\"loaded\" src=\"https:\/\/www.vaticannews.va\/content\/dam\/vaticannews\/multimedia\/2023\/03\/27\/Sala-marconi-1.jpg\/_jcr_content\/renditions\/cq5dam.thumbnail.cropped.750.422.jpeg\" alt=\"Coletiva de imprensa na Sala Marconi\" data-original=\"\/content\/dam\/vaticannews\/multimedia\/2023\/03\/27\/Sala-marconi-1.jpg\/_jcr_content\/renditions\/cq5dam.thumbnail.cropped.750.422.jpeg\" data-was-processed=\"true\" \/><\/picture><\/figure>\n<div class=\"photo_embed--Title\">Coletiva de imprensa na Sala Marconi<\/div>\n<\/div>\n<\/div>\n<h2 style=\"text-align: justify;\">Um unicum<\/h2>\n<p style=\"text-align: justify;\">A viagem do pequeno sat\u00e9lite estende o abra\u00e7o daquela noite de 27 de mar\u00e7o de 2019 e continua a incutir esperan\u00e7a e nos diz: &#8220;n\u00e3o tenha medo&#8221;. Padre Luca Peyron, diretor do Servi\u00e7o de Apostolado Digital da Arquidiocese de Turim, explicou: &#8216;\u00e9 \u00fanico porque, mesmo sendo um sat\u00e9lite de telecomunica\u00e7\u00f5es, equipado com sistemas de comunica\u00e7\u00e3o para govern\u00e1-lo e um r\u00e1dio para difundir mensagens, como nos foi explicado por aqueles que o fizeram, ele se comunica antes de tudo pelo simples fato de estar ali, de existir e de conter um livro&#8217;.\u00a0 &#8220;Se o tempo \u00e9 superior ao espa\u00e7o&#8221;, acrescentou monsenhor Ruiz, explicando as raz\u00f5es do projeto, &#8220;com este pequeno sat\u00e9lite que leva esta mensagem para o espa\u00e7o queremos colaborar para economizar nosso tempo&#8221;. O espa\u00e7o tem um fasc\u00ednio para todos, especialmente para os jovens&#8221;. O espa\u00e7o tem esse mist\u00e9rio do universal, do profundo, do magn\u00edfico, e nos faz sonhar&#8221;. A esperan\u00e7a literalmente n\u00e3o conhece fronteiras, as mesmas a que o presidente Saccoccia se refere novamente. Do espa\u00e7o&#8221;, explica ele, &#8220;estamos acostumados a n\u00e3o ver fronteiras ao observar a Terra, talvez um olhar do c\u00e9u nos ajude a entender que nosso planeta \u00e9 \u00fanico e pertence a todos&#8221;.<\/p>\n<h2 style=\"text-align: justify;\">O logotipo<\/h2>\n<p style=\"text-align: justify;\">Todos estes aspectos est\u00e3o concentrados no logotipo da miss\u00e3o, criado como parte de um projeto de ensino pelos estudantes do Instituto Universit\u00e1rio Salesiano de Veneza IUSVE, liderado por Marco Sanavio. O logotipo lembra primeiramente as iniciais dos sat\u00e9lites Spei: as duas letras &#8216;S&#8217;, dispostas de maneira especular, indicam a complementaridade da &#8216;terra&#8217; (o semic\u00edrculo inferior) e &#8216;c\u00e9u&#8217; (o semic\u00edrculo superior), al\u00e9m de marcar a \u00f3rbita do sat\u00e9lite ao redor de nosso planeta. Outro tra\u00e7o orbital mais externo, tracejado, composto de 59 linhas, tantas quanto os gr\u00e3os do ros\u00e1rio, une tr\u00eas formas, para representar as tr\u00eas grandes realidades presentes na Pra\u00e7a de S\u00e3o Pedro na noite de 27 de mar\u00e7o de 2020: a cruz; a estrela de 12 pontas, para representar a presen\u00e7a da Virgem Maria; o tri\u00e2ngulo menor, lembrando a figura do Santo Padre. Os tr\u00eas pontos que aparecem sobre a trilha orbital mais externa s\u00e3o um sinal da presen\u00e7a da Trindade, assim como a tripla proclama\u00e7\u00e3o da paix\u00e3o, morte e ressurrei\u00e7\u00e3o nos Evangelhos sin\u00f3ticos, uma mensagem que d\u00e1 esperan\u00e7a \u00e0 humanidade.<\/p>\n<\/div>\n<\/div>\n","protected":false},"excerpt":{"rendered":"<p>Nanobook &#8211; Sala Marconi do Palazzo Pio, apresenta\u00e7\u00e3o da miss\u00e3o espacial &#8220;Spei Satelles&#8221; \u00a0 Apresentada nesta segunda-feira, a miss\u00e3o concebida e organizada pelo Dicast\u00e9rio para a Comunica\u00e7\u00e3o em colabora\u00e7\u00e3o com a Ag\u00eancia Espacial Italiana, o Polit\u00e9cnico de Turim, o Instituto de Fot\u00f4nica e Nanotecnologia do CNR e o Apostolado Digital de Turim. O lan\u00e7amento da [&hellip;]<\/p>\n","protected":false},"author":1,"featured_media":80325,"comment_status":"open","ping_status":"closed","sticky":false,"template":"","format":"standard","meta":{"footnotes":""},"categories":[3],"tags":[],"class_list":["post-80324","post","type-post","status-publish","format-standard","has-post-thumbnail","hentry","category-vaticano"],"_links":{"self":[{"href":"https:\/\/catolicanet.net\/wp-cnet\/wp-json\/wp\/v2\/posts\/80324","targetHints":{"allow":["GET"]}}],"collection":[{"href":"https:\/\/catolicanet.net\/wp-cnet\/wp-json\/wp\/v2\/posts"}],"about":[{"href":"https:\/\/catolicanet.net\/wp-cnet\/wp-json\/wp\/v2\/types\/post"}],"author":[{"embeddable":true,"href":"https:\/\/catolicanet.net\/wp-cnet\/wp-json\/wp\/v2\/users\/1"}],"replies":[{"embeddable":true,"href":"https:\/\/catolicanet.net\/wp-cnet\/wp-json\/wp\/v2\/comments?post=80324"}],"version-history":[{"count":1,"href":"https:\/\/catolicanet.net\/wp-cnet\/wp-json\/wp\/v2\/posts\/80324\/revisions"}],"predecessor-version":[{"id":80326,"href":"https:\/\/catolicanet.net\/wp-cnet\/wp-json\/wp\/v2\/posts\/80324\/revisions\/80326"}],"wp:featuredmedia":[{"embeddable":true,"href":"https:\/\/catolicanet.net\/wp-cnet\/wp-json\/wp\/v2\/media\/80325"}],"wp:attachment":[{"href":"https:\/\/catolicanet.net\/wp-cnet\/wp-json\/wp\/v2\/media?parent=80324"}],"wp:term":[{"taxonomy":"category","embeddable":true,"href":"https:\/\/catolicanet.net\/wp-cnet\/wp-json\/wp\/v2\/categories?post=80324"},{"taxonomy":"post_tag","embeddable":true,"href":"https:\/\/catolicanet.net\/wp-cnet\/wp-json\/wp\/v2\/tags?post=80324"}],"curies":[{"name":"wp","href":"https:\/\/api.w.org\/{rel}","templated":true}]}}