{"id":80304,"date":"2023-03-24T09:29:47","date_gmt":"2023-03-24T12:29:47","guid":{"rendered":"https:\/\/catolicanet.net\/wp-cnet\/?p=80304"},"modified":"2023-03-24T09:29:47","modified_gmt":"2023-03-24T12:29:47","slug":"o-papa-as-familias-dos-mineiros-poloneses-mortos-na-dor-as-palavras-nao-servem","status":"publish","type":"post","link":"https:\/\/catolicanet.net\/wp-cnet\/o-papa-as-familias-dos-mineiros-poloneses-mortos-na-dor-as-palavras-nao-servem\/","title":{"rendered":"O Papa \u00e0s fam\u00edlias dos mineiros poloneses mortos: na dor, as palavras n\u00e3o servem"},"content":{"rendered":"<figure class=\"article__image\"><span class=\"didascalia_img\">O Papa com as fam\u00edlias dos mineiros poloneses mortos em abril do ano passado\u00a0 (Vatican Media)<\/span><\/figure>\n<div class=\"article__meta \" data-mediatype=\"\">\n<div class=\"article__subTitle\" style=\"text-align: justify;\">O Santo Padre recebeu as fam\u00edlias dos mineiros que perderam a vida, em abril passado, nos dois acidentes ocorridos em Zofiowka e Pniowek, na Pol\u00f4nia. Francisco cumprimentou brevemente os participantes, depois aben\u00e7oou e saudou cada um. &#8220;Na escurid\u00e3o o Senhor est\u00e1 pr\u00f3ximo. N\u00e3o sabemos como, mas Ele est\u00e1 pr\u00f3ximo&#8221;, disse ele.<\/div>\n<div class=\"title__separator\" style=\"text-align: justify;\"><\/div>\n<div class=\"article__text\">\n<p style=\"text-align: justify;\"><b>Mariangela Jaguraba \u2013 Vatican News<\/b><\/p>\n<p style=\"text-align: justify;\">O Papa Francisco recebeu em audi\u00eancia, na manh\u00e3 desta sexta-feira (24\/03), na Sala do Consist\u00f3rio, no Vaticano, as fam\u00edlias dos mineiros poloneses que morreram nas minas de carv\u00e3o em 20 e 23 de abril de 2022, na Pol\u00f4nia.<\/p>\n<p style=\"text-align: justify;\">O Pont\u00edfice falou espontaneamente \u00e0s cerca de 80 pessoas presentes, expressando a sua solidariedade na dor com algumas palavras essenciais:<\/p>\n<p style=\"text-align: justify;\"><i>Obrigado pela visita! Diante de voc\u00eas, n\u00e3o sei o que dizer. O sil\u00eancio \u00e9 compassivo. Perder o marido, o pai num acidente como este, \u00e9 ruim. E tamb\u00e9m o fato de que alguns est\u00e3o enterrados l\u00e1, nas minas&#8230; N\u00e3o quero dizer palavras, apenas dizer que estou pr\u00f3ximo a voc\u00eas, muito pr\u00f3ximo, com a proximidade do cora\u00e7\u00e3o, e rezo com voc\u00eas nesta situa\u00e7\u00e3o muito dif\u00edcil e ruim.<\/i><\/p>\n<div style=\"text-align: justify;\">\n<div class=\"article__embed article__embed--unwrap article__embed--photo\">\n<figure><picture><img decoding=\"async\" class=\"loaded\" src=\"https:\/\/www.vaticannews.va\/content\/dam\/vaticannews\/agenzie\/images\/ansa\/2023\/03\/24\/11\/1679653560688.jpg\/_jcr_content\/renditions\/cq5dam.thumbnail.cropped.750.422.jpeg\" alt=\"As fam\u00edlias dos mineiros poloneses mortos\" data-original=\"\/content\/dam\/vaticannews\/agenzie\/images\/ansa\/2023\/03\/24\/11\/1679653560688.jpg\/_jcr_content\/renditions\/cq5dam.thumbnail.cropped.750.422.jpeg\" data-was-processed=\"true\" \/><\/picture><\/figure>\n<div class=\"photo_embed--Title\">As fam\u00edlias dos mineiros poloneses mortos<\/div>\n<\/div>\n<\/div>\n<h2 style=\"text-align: justify;\">A raiva tamb\u00e9m \u00e9 uma ora\u00e7\u00e3o<\/h2>\n<p style=\"text-align: justify;\">&#8220;Em momentos como estes, parece que Deus n\u00e3o escuta a nossa ora\u00e7\u00e3o&#8221;, disse ainda o Papa, acrescentando:<\/p>\n<p style=\"text-align: justify;\"><i>Existe o sil\u00eancio dos mortos e o sil\u00eancio de Deus, e esse sil\u00eancio \u00e0s vezes nos deixa com raiva. N\u00e3o tenham medo: essa raiva \u00e9 uma ora\u00e7\u00e3o. \u00c9 um dos \u201cporqu\u00eas?\u201d que repetimos continuamente nestas situa\u00e7\u00f5es. E a resposta \u00e9: \u201cNa escurid\u00e3o o Senhor est\u00e1 pr\u00f3ximo. N\u00e3o sabemos como, mas est\u00e1 pr\u00f3ximo.&#8221;<\/i><\/p>\n<h2 style=\"text-align: justify;\">Ora\u00e7\u00e3o e b\u00ean\u00e7\u00e3o, depois a sauda\u00e7\u00e3o pessoal<\/h2>\n<p style=\"text-align: justify;\">O Papa convidou as fam\u00edlias para um momento de ora\u00e7\u00e3o, em sil\u00eancio, ao qual uniu a sua. Em seguida, deu-lhes a b\u00ean\u00e7\u00e3o e saudou pessoalmente cada um dos participantes do encontro.<\/p>\n<div style=\"text-align: justify;\">\n<div class=\"article__embed article__embed--unwrap article__embed--photo\">\n<figure><picture><img decoding=\"async\" class=\"loaded\" src=\"https:\/\/www.vaticannews.va\/content\/dam\/vaticannews\/agenzie\/images\/srv\/2023\/03\/24\/2023-03-24-famiglie-dei-minatori-polacchi-periti-nelle-miniere-d\/1679650848301.JPG\/_jcr_content\/renditions\/cq5dam.thumbnail.cropped.750.422.jpeg\" alt=\"O Papa saudando uma fam\u00edlia dos mineiros poloneses mortos\" data-original=\"\/content\/dam\/vaticannews\/agenzie\/images\/srv\/2023\/03\/24\/2023-03-24-famiglie-dei-minatori-polacchi-periti-nelle-miniere-d\/1679650848301.JPG\/_jcr_content\/renditions\/cq5dam.thumbnail.cropped.750.422.jpeg\" data-was-processed=\"true\" \/><\/picture><\/figure>\n<div class=\"photo_embed--Title\">O Papa saudando uma fam\u00edlia dos mineiros poloneses mortos<\/div>\n<\/div>\n<\/div>\n<h2 style=\"text-align: justify;\">Os acidentes de minera\u00e7\u00e3o de abril de 2022<\/h2>\n<p style=\"text-align: justify;\">As fam\u00edlias recebidas nesta sexta-feira por Francisco lamentam a perda de seus familiares em dois acidentes ocorridos na mesma semana, 20 e 23 de abril passado, em dois locais da Pol\u00f4nia: o primeiro, uma explos\u00e3o, na ind\u00fastria de minera\u00e7\u00e3o de carv\u00e3o de Pniowek, com um balan\u00e7o de cinco mineiros mortos e sete desaparecidos. O segundo, em Zofiowka, no sul do pa\u00eds, onde pelo menos dez trabalhadores continuam desaparecidos. As duas ind\u00fastrias pertencem \u00e0 mesma empresa, a mineradora Jsw.<\/p>\n<\/div>\n<\/div>\n","protected":false},"excerpt":{"rendered":"<p>O Papa com as fam\u00edlias dos mineiros poloneses mortos em abril do ano passado\u00a0 (Vatican Media) O Santo Padre recebeu as fam\u00edlias dos mineiros que perderam a vida, em abril passado, nos dois acidentes ocorridos em Zofiowka e Pniowek, na Pol\u00f4nia. Francisco cumprimentou brevemente os participantes, depois aben\u00e7oou e saudou cada um. &#8220;Na escurid\u00e3o o [&hellip;]<\/p>\n","protected":false},"author":1,"featured_media":80305,"comment_status":"open","ping_status":"closed","sticky":false,"template":"","format":"standard","meta":{"footnotes":""},"categories":[13,3],"tags":[],"class_list":["post-80304","post","type-post","status-publish","format-standard","has-post-thumbnail","hentry","category-featured","category-vaticano"],"_links":{"self":[{"href":"https:\/\/catolicanet.net\/wp-cnet\/wp-json\/wp\/v2\/posts\/80304","targetHints":{"allow":["GET"]}}],"collection":[{"href":"https:\/\/catolicanet.net\/wp-cnet\/wp-json\/wp\/v2\/posts"}],"about":[{"href":"https:\/\/catolicanet.net\/wp-cnet\/wp-json\/wp\/v2\/types\/post"}],"author":[{"embeddable":true,"href":"https:\/\/catolicanet.net\/wp-cnet\/wp-json\/wp\/v2\/users\/1"}],"replies":[{"embeddable":true,"href":"https:\/\/catolicanet.net\/wp-cnet\/wp-json\/wp\/v2\/comments?post=80304"}],"version-history":[{"count":1,"href":"https:\/\/catolicanet.net\/wp-cnet\/wp-json\/wp\/v2\/posts\/80304\/revisions"}],"predecessor-version":[{"id":80306,"href":"https:\/\/catolicanet.net\/wp-cnet\/wp-json\/wp\/v2\/posts\/80304\/revisions\/80306"}],"wp:featuredmedia":[{"embeddable":true,"href":"https:\/\/catolicanet.net\/wp-cnet\/wp-json\/wp\/v2\/media\/80305"}],"wp:attachment":[{"href":"https:\/\/catolicanet.net\/wp-cnet\/wp-json\/wp\/v2\/media?parent=80304"}],"wp:term":[{"taxonomy":"category","embeddable":true,"href":"https:\/\/catolicanet.net\/wp-cnet\/wp-json\/wp\/v2\/categories?post=80304"},{"taxonomy":"post_tag","embeddable":true,"href":"https:\/\/catolicanet.net\/wp-cnet\/wp-json\/wp\/v2\/tags?post=80304"}],"curies":[{"name":"wp","href":"https:\/\/api.w.org\/{rel}","templated":true}]}}