{"id":80279,"date":"2023-03-23T09:55:08","date_gmt":"2023-03-23T12:55:08","guid":{"rendered":"https:\/\/catolicanet.net\/wp-cnet\/?p=80279"},"modified":"2023-03-23T11:56:16","modified_gmt":"2023-03-23T14:56:16","slug":"maos-humanas-nas-boas-acoes","status":"publish","type":"post","link":"https:\/\/catolicanet.net\/wp-cnet\/maos-humanas-nas-boas-acoes\/","title":{"rendered":"M\u00e3os humanas nas boas a\u00e7\u00f5es"},"content":{"rendered":"<p style=\"text-align: justify;\">O mist\u00e9rio de Deus n\u00e3o \u00e9 mist\u00e9rio de solid\u00e3o, mas de conviv\u00eancia, criatividade, conhecimento, amor, comunica\u00e7\u00e3o e recebimento. Por causa disso, somos o que somos. Existir, para o homem, \u00e9 poder participar daquilo que Deus \u00e9, numa palavra: Amor. Em nossa vida do dia a dia, ora tr\u00e1gica, ora t\u00e3o complicada, vida na qual precisamos de toda a aten\u00e7\u00e3o para as in\u00fameras situa\u00e7\u00f5es e coisas que nos reclamam, \u00e0 luz de Deus, na express\u00e3o cheia de maior for\u00e7a: o amor.<\/p>\n<p style=\"text-align: justify;\">Ele \u00e9 o farol luminoso, do qual deriva ou brota toda a luminosidade. Da\u00ed o convite do nosso bom Deus, o do seu constante seguimento, sem nunca perder o cerne da verdadeira luz, no sentido da exist\u00eancia das criaturas de Deus, tendo como fundamento Jesus de Nazar\u00e9: \u201cMeus filhinhos, n\u00e3o amemos com palavras nem com a l\u00edngua, mas por atos e em verdade\u201d (1Jo 3, 18)..<\/p>\n<p style=\"text-align: justify;\">O sentido da exist\u00eancia das criaturas de Deus, consta do instrumento imprescind\u00edvel das m\u00e3os, num obrigado, Senhor, pelas m\u00e3os humanas, que realizam coisas boas e a\u00e7\u00f5es beneficentes. Igualmente, suplicamos, indulgentemente, perd\u00e3o quando essas m\u00e3os ficam cruzadas para n\u00e3o ajudar, para n\u00e3o servir, para n\u00e3o oferecer e nada compartilhar, para n\u00e3o cativar e nem mesmo cumprimentar o irm\u00e3o.<\/p>\n<p style=\"text-align: justify;\">Tamb\u00e9m quando est\u00e3o abertas, mas no sentido de n\u00e3o colaborar, e mesmo desfazer coisas relevantes e edificantes, sinal admir\u00e1vel da presen\u00e7a divina. \u00d3 Deus, favoravelmente bom e af\u00e1vel, que possamos, com nossas m\u00e3os, colaborar para a constru\u00e7\u00e3o do teu reino de amor. Ajudai-nos, dia ap\u00f3s dia, pelo bom uso delas, a contribuir com tua obra redentora. Assim seja!<\/p>\n","protected":false},"excerpt":{"rendered":"<p>O mist\u00e9rio de Deus n\u00e3o \u00e9 mist\u00e9rio de solid\u00e3o, mas de conviv\u00eancia, criatividade, conhecimento, amor, comunica\u00e7\u00e3o e recebimento. Por causa disso, somos o que somos. Existir, para o homem, \u00e9 poder participar daquilo que Deus \u00e9, numa palavra: Amor. Em nossa vida do dia a dia, ora tr\u00e1gica, ora t\u00e3o complicada, vida na qual precisamos [&hellip;]<\/p>\n","protected":false},"author":6,"featured_media":55824,"comment_status":"open","ping_status":"closed","sticky":false,"template":"","format":"standard","meta":{"footnotes":""},"categories":[9],"tags":[],"class_list":["post-80279","post","type-post","status-publish","format-standard","has-post-thumbnail","hentry","category-artigos"],"_links":{"self":[{"href":"https:\/\/catolicanet.net\/wp-cnet\/wp-json\/wp\/v2\/posts\/80279","targetHints":{"allow":["GET"]}}],"collection":[{"href":"https:\/\/catolicanet.net\/wp-cnet\/wp-json\/wp\/v2\/posts"}],"about":[{"href":"https:\/\/catolicanet.net\/wp-cnet\/wp-json\/wp\/v2\/types\/post"}],"author":[{"embeddable":true,"href":"https:\/\/catolicanet.net\/wp-cnet\/wp-json\/wp\/v2\/users\/6"}],"replies":[{"embeddable":true,"href":"https:\/\/catolicanet.net\/wp-cnet\/wp-json\/wp\/v2\/comments?post=80279"}],"version-history":[{"count":1,"href":"https:\/\/catolicanet.net\/wp-cnet\/wp-json\/wp\/v2\/posts\/80279\/revisions"}],"predecessor-version":[{"id":80280,"href":"https:\/\/catolicanet.net\/wp-cnet\/wp-json\/wp\/v2\/posts\/80279\/revisions\/80280"}],"wp:featuredmedia":[{"embeddable":true,"href":"https:\/\/catolicanet.net\/wp-cnet\/wp-json\/wp\/v2\/media\/55824"}],"wp:attachment":[{"href":"https:\/\/catolicanet.net\/wp-cnet\/wp-json\/wp\/v2\/media?parent=80279"}],"wp:term":[{"taxonomy":"category","embeddable":true,"href":"https:\/\/catolicanet.net\/wp-cnet\/wp-json\/wp\/v2\/categories?post=80279"},{"taxonomy":"post_tag","embeddable":true,"href":"https:\/\/catolicanet.net\/wp-cnet\/wp-json\/wp\/v2\/tags?post=80279"}],"curies":[{"name":"wp","href":"https:\/\/api.w.org\/{rel}","templated":true}]}}