{"id":80263,"date":"2023-03-23T09:41:15","date_gmt":"2023-03-23T12:41:15","guid":{"rendered":"https:\/\/catolicanet.net\/wp-cnet\/?p=80263"},"modified":"2023-03-23T11:42:11","modified_gmt":"2023-03-23T14:42:11","slug":"como-o-sim-de-maria-e-renovado-por-cada-santo-e-martir","status":"publish","type":"post","link":"https:\/\/catolicanet.net\/wp-cnet\/como-o-sim-de-maria-e-renovado-por-cada-santo-e-martir\/","title":{"rendered":"Como o \u201csim\u201d de Maria \u00e9 renovado por cada santo e m\u00e1rtir"},"content":{"rendered":"<h2 class=\"subtitle\" style=\"text-align: justify;\">Toda vez que um santo segue o projeto de Deus para a sua vida, ele renova o &#8220;sim&#8221; que Maria disse na Anuncia\u00e7\u00e3o<\/h2>\n<p style=\"text-align: justify;\">Muitas vezes, a resposta de Maria ao anjo Gabriel na Anuncia\u00e7\u00e3o \u00e9 resumida como o seu \u201csim\u201d a Deus. Esta foi, no fim das contas, a sua resposta humilde e obediente a Deus e ao Seu convite para ser a Theotokos.<\/p>\n<p style=\"text-align: justify;\">Embora a resposta de Maria tenha ocorrido num momento espec\u00edfico da hist\u00f3ria, ela se renova toda vez que algu\u00e9m responde generosamente ao projeto de Deus.<\/p>\n<p style=\"text-align: justify;\">O Papa Bento XVI destacou este fato numa alocu\u00e7\u00e3o do\u00a0<a title=\"\" href=\"https:\/\/www.vatican.va\/content\/benedict-xvi\/pt\/angelus\/2007\/documents\/hf_ben-xvi_ang_20070325.html\" target=\"_blank\" rel=\"noopener\">\u00c2ngelus em 2007<\/a>, na festa da Anuncia\u00e7\u00e3o:<\/p>\n<p style=\"text-align: justify;\"><em>\u201cEis a escrava do Senhor, fa\u00e7a-se em mim segundo a tua Palavra\u201d. A resposta de Maria ao Anjo prolonga-se na Igreja, chamada a tornar presente Cristo na hist\u00f3ria, oferecendo a pr\u00f3pria disponibilidade para que Deus possa continuar a visitar a humanidade com a sua miseric\u00f3rdia. O \u201csim\u201d de Jesus e de Maria renova-se assim no \u201csim\u201d dos santos, especialmente dos m\u00e1rtires, que s\u00e3o mortos por causa do Evangelho<\/em>.<\/p>\n<p style=\"text-align: justify;\">Cada um de n\u00f3s \u00e9 desafiado a responder de maneira semelhante \u00e0 voz de Deus. Deus pode n\u00e3o estar agora nos chamando a entregar a vida no mart\u00edrio, mas todos somos chamados a oferecer o nosso dia como um sacrif\u00edcio vivo, escolhendo uma vida de virtude.<\/p>\n<div id=\"aleteia-welcome\" style=\"text-align: justify;\"><\/div>\n<p style=\"text-align: justify;\">N\u00e3o \u00e9 f\u00e1cil responder a Deus um \u201csim\u201d de todo o cora\u00e7\u00e3o, mas podemos faz\u00ea-lo com a sua gra\u00e7a e com a intercess\u00e3o da Sant\u00edssima Virgem Maria.<\/p>\n<p style=\"text-align: justify;\">Bento XVI concluiu a sua reflex\u00e3o pedindo ajuda a Maria para responder ao chamado de Deus:<\/p>\n<p style=\"text-align: justify;\"><em>Neste tempo quaresmal contemplamos com mais frequ\u00eancia Nossa Senhora que, no Calv\u00e1rio, sela o \u201csim\u201d pronunciado em Nazar\u00e9. Unida a Jesus, a Testemunha de amor do Pai, Maria viveu o mart\u00edrio da alma. Invoquemos com confian\u00e7a a sua intercess\u00e3o, para que a Igreja, fiel \u00e0 sua miss\u00e3o, d\u00ea ao mundo inteiro testemunho corajoso do amor de Deus.<\/em><\/p>\n<p style=\"text-align: justify;\">Que todos possamos contemplar o exemplo de Maria e nos esforcemos para imit\u00e1-lo de todas as maneiras que pudermos em nossa pr\u00f3pria vida.<\/p>\n","protected":false},"excerpt":{"rendered":"<p>Toda vez que um santo segue o projeto de Deus para a sua vida, ele renova o &#8220;sim&#8221; que Maria disse na Anuncia\u00e7\u00e3o Muitas vezes, a resposta de Maria ao anjo Gabriel na Anuncia\u00e7\u00e3o \u00e9 resumida como o seu \u201csim\u201d a Deus. Esta foi, no fim das contas, a sua resposta humilde e obediente a [&hellip;]<\/p>\n","protected":false},"author":1,"featured_media":80264,"comment_status":"open","ping_status":"closed","sticky":false,"template":"","format":"standard","meta":{"footnotes":""},"categories":[4],"tags":[],"class_list":["post-80263","post","type-post","status-publish","format-standard","has-post-thumbnail","hentry","category-cotidiano"],"_links":{"self":[{"href":"https:\/\/catolicanet.net\/wp-cnet\/wp-json\/wp\/v2\/posts\/80263","targetHints":{"allow":["GET"]}}],"collection":[{"href":"https:\/\/catolicanet.net\/wp-cnet\/wp-json\/wp\/v2\/posts"}],"about":[{"href":"https:\/\/catolicanet.net\/wp-cnet\/wp-json\/wp\/v2\/types\/post"}],"author":[{"embeddable":true,"href":"https:\/\/catolicanet.net\/wp-cnet\/wp-json\/wp\/v2\/users\/1"}],"replies":[{"embeddable":true,"href":"https:\/\/catolicanet.net\/wp-cnet\/wp-json\/wp\/v2\/comments?post=80263"}],"version-history":[{"count":1,"href":"https:\/\/catolicanet.net\/wp-cnet\/wp-json\/wp\/v2\/posts\/80263\/revisions"}],"predecessor-version":[{"id":80265,"href":"https:\/\/catolicanet.net\/wp-cnet\/wp-json\/wp\/v2\/posts\/80263\/revisions\/80265"}],"wp:featuredmedia":[{"embeddable":true,"href":"https:\/\/catolicanet.net\/wp-cnet\/wp-json\/wp\/v2\/media\/80264"}],"wp:attachment":[{"href":"https:\/\/catolicanet.net\/wp-cnet\/wp-json\/wp\/v2\/media?parent=80263"}],"wp:term":[{"taxonomy":"category","embeddable":true,"href":"https:\/\/catolicanet.net\/wp-cnet\/wp-json\/wp\/v2\/categories?post=80263"},{"taxonomy":"post_tag","embeddable":true,"href":"https:\/\/catolicanet.net\/wp-cnet\/wp-json\/wp\/v2\/tags?post=80263"}],"curies":[{"name":"wp","href":"https:\/\/api.w.org\/{rel}","templated":true}]}}