{"id":80255,"date":"2023-03-23T09:33:26","date_gmt":"2023-03-23T12:33:26","guid":{"rendered":"https:\/\/catolicanet.net\/wp-cnet\/?p=80255"},"modified":"2023-03-23T11:34:33","modified_gmt":"2023-03-23T14:34:33","slug":"rede-caritas-por-meio-do-projeto-orinoco-lanca-webserie-com-historias-de-migrantes-da-venezuela-e-brasileiros-em-situacao-de-rua","status":"publish","type":"post","link":"https:\/\/catolicanet.net\/wp-cnet\/rede-caritas-por-meio-do-projeto-orinoco-lanca-webserie-com-historias-de-migrantes-da-venezuela-e-brasileiros-em-situacao-de-rua\/","title":{"rendered":"REDE C\u00c1RITAS, POR MEIO DO PROJETO ORINOCO, LAN\u00c7A WEBS\u00c9RIE COM HIST\u00d3RIAS DE MIGRANTES DA VENEZUELA E BRASILEIROS EM SITUA\u00c7\u00c3O DE RUA"},"content":{"rendered":"<p style=\"text-align: justify;\">Nesta quarta-feira, 22 de mar\u00e7o, Dia Mundial da \u00c1gua, a C\u00e1ritas Brasileira, por meio do projeto Orinoco: \u00c1guas que Atravessam Fronteiras, estreia webs\u00e9rie que traz hist\u00f3rias de pessoas migrantes e refugiadas da Venezuela e de pessoas brasileiras em situa\u00e7\u00e3o de rua atendidas pela iniciativa no Acre, Par\u00e1, Piau\u00ed, Rond\u00f4nia e Roraima.<\/p>\n<p style=\"text-align: justify;\">Ser\u00e3o lan\u00e7ados cinco epis\u00f3dios que retratam as a\u00e7\u00f5es nos estados e, no m\u00eas de abril, ser\u00e1 disponibilizado o epis\u00f3dio especial, mostrando a articula\u00e7\u00e3o da Rede C\u00e1ritas por meio das inst\u00e2ncias institucionais e parcerias. O material ficar\u00e1 dispon\u00edvel no canal da entidade no\u00a0YouTube \u2013\u00a0<a href=\"https:\/\/www.youtube.com\/c\/CaritasBrasileiraCB\" target=\"_blank\" rel=\"noopener\">CaritasBrasileiraCB<\/a>.<\/p>\n<p style=\"text-align: justify;\">O Orinoco \u00e9 um projeto da C\u00e1ritas Brasileira que, desde 2019, desenvolve a\u00e7\u00f5es de WASH \u2013 acesso \u00e0 \u00e1gua, saneamento e higiene \u2013 ligadas na preven\u00e7\u00e3o contra a Covid-19. A partir de 2021, as a\u00e7\u00f5es de Prote\u00e7\u00e3o integram o escopo da iniciativa, fortalecendo o apoio com regulariza\u00e7\u00e3o migrat\u00f3ria, enfrentamento \u00e0 viol\u00eancia baseada em g\u00eanero e outras associadas<br \/>\n\u00e0 tem\u00e1tica, al\u00e9m de promover garantia de direitos, como sa\u00fade e educa\u00e7\u00e3o, proporcionando aos mais vulner\u00e1veis acesso justo e igualit\u00e1rio a recursos, servi\u00e7os e oportunidades. O projeto est\u00e1 em sua terceira fase de realiza\u00e7\u00e3o e recebe apoio do Escrit\u00f3rio de Popula\u00e7\u00e3o, Refugiados e Migra\u00e7\u00e3o do Governo dos Estados Unidos (PRM).<\/p>\n<p style=\"text-align: justify;\">\u201cNo cen\u00e1rio de intensifica\u00e7\u00e3o dos fluxos migrat\u00f3rios para o Brasil, a Igreja Cat\u00f3lica tem atuado como uma das grandes protagonistas no trabalho junto aos irm\u00e3os e irm\u00e3s que chegam da Venezuela em busca de uma vida digna aqui em nosso pa\u00eds\u201d, declara Dom M\u00e1rio Ant\u00f4nio, arcebispo metropolitano de Cuiab\u00e1 e presidente da entidade. \u201cNesse sentido, a C\u00e1ritas Brasileira, como bra\u00e7o mission\u00e1rio da Igreja, segue as li\u00e7\u00f5es do Papa Francisco de acolher, proteger, promover e integrar migrantes, refugiados e refugiadas, sempre com respeito \u00e0s suas culturas\u201d.<\/p>\n<p style=\"text-align: justify;\">Assim, o projeto Orinoco nasce nesse contexto, como uma resposta da Igreja \u00e0 crise migrat\u00f3ria e \u00e0 pandemia da Covid-19. Durante as tr\u00eas fases de realiza\u00e7\u00e3o, a iniciativa conseguiu atingir mais de 26 mil fam\u00edlias, totalizando cerca de 56 mil pessoas alcan\u00e7adas por suas diversas a\u00e7\u00f5es. Em torno de 85% das fam\u00edlias foram atendidas no estado de Roraima.\u00a0Ao longo do Orinoco 3, com financiamento do PRM, o projeto conseguiu atingir 11.359 fam\u00edlias e 25.013 indiv\u00edduos.<\/p>\n<h3 style=\"text-align: justify;\">Acesso \u00e0 \u00e1gua, saneamento e higiene<\/h3>\n<p style=\"text-align: justify;\">Nas Instala\u00e7\u00f5es WASH constru\u00eddas e adaptadas \u00e0 iniciativa, as pessoas que chegam de longas caminhadas e aquelas que n\u00e3o t\u00eam um lar podem matar a sede, tomar um banho, atender \u00e0s necessidades b\u00e1sicas, amamentar e trocar seus beb\u00eas, lavar e secar roupas, al\u00e9m de participarem de forma\u00e7\u00f5es em promo\u00e7\u00e3o de higiene, com o recebimento de kits contendo produtos de uso pessoal. Hoje, o p\u00fablico tamb\u00e9m encontra apoio para a garantia de seus direitos no Brasil, incluindo orienta\u00e7\u00e3o quanto \u00e0 regulariza\u00e7\u00e3o migrat\u00f3ria.<\/p>\n<blockquote><p>\u201cNo momento em que eu cheguei, todos estavam atentos e me entregaram o kit [de higiene pessoal], me explicaram o uso do \u00e1lcool-gel, como deveria lavar as m\u00e3os, em que momentos deveria lav\u00e1-las, orientaram sobre o uso de m\u00e1scaras e distanciamento\u201d, relata Emily Del Carmo, no Acre h\u00e1 quase um ano. \u201cEnt\u00e3o a C\u00e1ritas \u00e9 um apoio que eu, como venezuelana, necessitei e aqui me orientaram. \u00c9 como uma fam\u00edlia!\u201d.<\/p><\/blockquote>\n<p style=\"text-align: justify;\">Al\u00e9m do acolhimento do p\u00fablico nas Instala\u00e7\u00f5es WASH, que possuem cabines de banheiros e chuveiros, bem como trocadores, salas de amamenta\u00e7\u00e3o e lavanderias, as equipes de agentes C\u00e1ritas tamb\u00e9m atuam em ocupa\u00e7\u00f5es espont\u00e2neas e vilas onde alguns migrantes adquirem ou alugam im\u00f3veis, garantindo o acesso \u00e0 \u00e1gua pot\u00e1vel com a entrega e orienta\u00e7\u00e3o de uso de filtros de barro, por exemplo, e por meio da constru\u00e7\u00e3o de m\u00f3dulos de banheiros e duchas, bem como sistema de saneamento.<\/p>\n<h3 style=\"text-align: justify;\">Acesso a direitos<\/h3>\n<p style=\"text-align: justify;\">Devido \u00e0 conjuntura dos \u00faltimos anos, a popula\u00e7\u00e3o de rua cresceu imensamente nas cidades, o que levou a C\u00e1ritas a incluir o atendimento a esse p\u00fablico por meio do projeto Orinoco nos estados de atua\u00e7\u00e3o. Al\u00e9m de se beneficiarem das a\u00e7\u00f5es em WASH, indiv\u00edduos e fam\u00edlias brasileiras em situa\u00e7\u00e3o de rua tamb\u00e9m contam com atendimentos em Prote\u00e7\u00e3o, que incluem a regulariza\u00e7\u00e3o documental e garantia de acesso a direitos por meio de incid\u00eancia pol\u00edtica junto a inst\u00e2ncias do poder p\u00fablico, como secretarias de sa\u00fade e de justi\u00e7a, defensorias p\u00fablicas, entre outras.<\/p>\n<p style=\"text-align: justify;\">Foi por meio da incid\u00eancia da C\u00e1ritas junto ao poder p\u00fablico que o pedreiro S\u00e9rgio Augusto conseguiu regularizar sua documenta\u00e7\u00e3o e retomar o processo de aposentadoria, que estava parado h\u00e1 anos no INSS e que, com o apoio da entidade, foi conclu\u00eddo com sucesso. \u201cA C\u00e1ritas eu conheci quando veio a Reforma da Previd\u00eancia, principalmente, que nos deixou vulner\u00e1veis. A\u00ed eles foram mostrando o projeto pra n\u00f3s e foi bonito ver o andamento. A\u00ed eu comecei a procurar o rumo certo, da onde eu ia arrumar apoio moral e psicol\u00f3gico que eles deram muito pra n\u00f3s\u201d, conta S\u00e9rgio, que viveu por um tempo em situa\u00e7\u00e3o de rua em Porto Velho, Rond\u00f4nia.<\/p>\n<p style=\"text-align: justify;\">Dentre a popula\u00e7\u00e3o migrante e refugiada venezuelana, h\u00e1 um importante contingente de ind\u00edgenas das etnias Taurepang e Warao. Em virtude disso, tem-se a preocupa\u00e7\u00e3o de adaptar os materiais de Comunica\u00e7\u00e3o aos idiomas desses povos, promovendo assim o acesso \u00e0 informa\u00e7\u00e3o. Al\u00e9m disso, em alguns estados de atua\u00e7\u00e3o, o projeto solicitou aos governos locais que inclu\u00edssem as etnias ind\u00edgenas venezuelanas como grupos priorit\u00e1rios para a vacina\u00e7\u00e3o contra a Covid-19 e outras doen\u00e7as.<\/p>\n","protected":false},"excerpt":{"rendered":"<p>Nesta quarta-feira, 22 de mar\u00e7o, Dia Mundial da \u00c1gua, a C\u00e1ritas Brasileira, por meio do projeto Orinoco: \u00c1guas que Atravessam Fronteiras, estreia webs\u00e9rie que traz hist\u00f3rias de pessoas migrantes e refugiadas da Venezuela e de pessoas brasileiras em situa\u00e7\u00e3o de rua atendidas pela iniciativa no Acre, Par\u00e1, Piau\u00ed, Rond\u00f4nia e Roraima. Ser\u00e3o lan\u00e7ados cinco epis\u00f3dios [&hellip;]<\/p>\n","protected":false},"author":1,"featured_media":80256,"comment_status":"open","ping_status":"closed","sticky":false,"template":"","format":"standard","meta":{"footnotes":""},"categories":[7],"tags":[],"class_list":["post-80255","post","type-post","status-publish","format-standard","has-post-thumbnail","hentry","category-cnbb"],"_links":{"self":[{"href":"https:\/\/catolicanet.net\/wp-cnet\/wp-json\/wp\/v2\/posts\/80255","targetHints":{"allow":["GET"]}}],"collection":[{"href":"https:\/\/catolicanet.net\/wp-cnet\/wp-json\/wp\/v2\/posts"}],"about":[{"href":"https:\/\/catolicanet.net\/wp-cnet\/wp-json\/wp\/v2\/types\/post"}],"author":[{"embeddable":true,"href":"https:\/\/catolicanet.net\/wp-cnet\/wp-json\/wp\/v2\/users\/1"}],"replies":[{"embeddable":true,"href":"https:\/\/catolicanet.net\/wp-cnet\/wp-json\/wp\/v2\/comments?post=80255"}],"version-history":[{"count":1,"href":"https:\/\/catolicanet.net\/wp-cnet\/wp-json\/wp\/v2\/posts\/80255\/revisions"}],"predecessor-version":[{"id":80257,"href":"https:\/\/catolicanet.net\/wp-cnet\/wp-json\/wp\/v2\/posts\/80255\/revisions\/80257"}],"wp:featuredmedia":[{"embeddable":true,"href":"https:\/\/catolicanet.net\/wp-cnet\/wp-json\/wp\/v2\/media\/80256"}],"wp:attachment":[{"href":"https:\/\/catolicanet.net\/wp-cnet\/wp-json\/wp\/v2\/media?parent=80255"}],"wp:term":[{"taxonomy":"category","embeddable":true,"href":"https:\/\/catolicanet.net\/wp-cnet\/wp-json\/wp\/v2\/categories?post=80255"},{"taxonomy":"post_tag","embeddable":true,"href":"https:\/\/catolicanet.net\/wp-cnet\/wp-json\/wp\/v2\/tags?post=80255"}],"curies":[{"name":"wp","href":"https:\/\/api.w.org\/{rel}","templated":true}]}}