{"id":80224,"date":"2023-03-16T10:02:17","date_gmt":"2023-03-16T13:02:17","guid":{"rendered":"https:\/\/catolicanet.net\/wp-cnet\/?p=80224"},"modified":"2023-03-21T12:03:09","modified_gmt":"2023-03-21T15:03:09","slug":"4o-domingo-da-quaresma-19-03-2023-jo-9-1-41","status":"publish","type":"post","link":"https:\/\/catolicanet.net\/wp-cnet\/4o-domingo-da-quaresma-19-03-2023-jo-9-1-41\/","title":{"rendered":"4\u00ba Domingo da quaresma 19\/03\/2023 (Jo 9, 1- 41)"},"content":{"rendered":"<p style=\"text-align: justify;\">Textos inspiradores: Jesus soube que eles o haviam expulsado. Veio ent\u00e3o encontrar-se com ele e lhe disse: \u201cCr\u00eas no filho do homem\u201d? E ele respondeu: \u201cQuem \u00e9 ele Senhor, para que eu creia nele\u201d? Jesus lhe disse: \u201cPois, ent\u00e3o tu j\u00e1 o viste: \u00e9 aquele que te fala\u201d. O homem lhe disse: \u201cCreio Senhor, e se prostou diante dele\u201d. (Jo 9, 35-38).<\/p>\n<p style=\"text-align: justify;\"><strong>1\u00ba <\/strong>A quaresma \u00e9 uma caminhada eclesial, que termina na P\u00e1scoa da ressurei\u00e7\u00e3o. O per\u00edodo quaresmal \u00e9 um tempo de medita\u00e7\u00e3o, convers\u00e3o, de busca da vida e do aprofundamento da miss\u00e3o de Jesus Cristo, bem como, da nossa. Ser crist\u00e3o \u00e9 seguir Cristo, vivenciando Sua miss\u00e3o. Ela (a quaresma), nos mostrou no 1\u00ba domingo, a vit\u00f3ria do Cristo sobre o tentador, no 2\u00ba (domingo), apareceu o texto da transfigura\u00e7\u00e3o: Cristo \u00e9 o Senhor. No 3 \u00ba (domingo) houve o encontro de Jesus, com a samaritana. Ele lhe pede \u00e1gua. Ela estranha. Ele ent\u00e3o lhe oferece \u00e1gua viva, para sua sede de Deus. No presente domingo, Jesus se apresenta, como luz, curando um cego. No entanto, existencialmente falando, todos os seres humanos, pelo pecado, s\u00e3o cegos, total ou ao menos parcialmente. Como Jesus faz falta, tamb\u00e9m hoje.<\/p>\n<p style=\"text-align: justify;\"><strong>2\u00ba<\/strong> Os pais do cego, testemunham que ele era cego, mas temem de mostrar o que s\u00e3o, por causa dos fariseus. Poderiam de fato, ser expulsos do templo, ou da comunidade religiosa. Tinham medo e mostram-no. Foram, at\u00e9 covardes, pois agraciados, pelo milagre da recupera\u00e7\u00e3o da vis\u00e3o do filho, ainda n\u00e3o haviam entendido o sinal de Deus. O filho ficou curado, e os pais n\u00e3o se comprometeram, tornando-se, ent\u00e3o eles, espiritualmente cegos. N\u00e3o souberam enfrentar o mundo e os outros cegos: fariseus, doutores da lei etc&#8230; A situa\u00e7\u00e3o n\u00e3o mudou, muito de l\u00e1, para c\u00e1. Tamb\u00e9m, n\u00f3s somos medrosos e omissos, quando n\u00e3o covardes. Vivemos no intimismo religioso e n\u00e3o assumimos nosso batismo. (miss\u00e3o) Fugimos da aut\u00eantica viv\u00eancia de nossa f\u00e9, ou seja, de sermos disc\u00edpulos ou discipulas. Assim, as seitas aumentam, vivaldinos crescem, oportunistas surgem e ateus despontam. Falamos muito em \u201csinodalidade\u201d, mas n\u00e3o valorizamos irm\u00e3os(\u00e3s), nem assumimos nossos carismas. Somos omissos. Covardes? A resposta fica para os leitores&#8230;<\/p>\n<p style=\"text-align: justify;\"><strong>3\u00ba<\/strong> O cego mudou: N\u00e3o s\u00f3, porque come\u00e7ou a ver, mas principalmente, porque assumiu sua miss\u00e3o. Deu testemunho expl\u00edcito e p\u00fablico. N\u00e3o s\u00f3 discutiu com os fariseus e outros cegos, (Espiritualmente) mas tornou-se, aut\u00eantico disc\u00edpulo. Acreditou em Jesus Cristo e prostando-se, adorou-O.\u00a0 Belo progresso, em t\u00e3o pouco tempo: viu em Jesus o profeta, o Senhor: o Cristo. Deu uma guinada na sua vida. N\u00e3o teve medo. N\u00e3o foi covarde. Nossos tempos s\u00e3o dif\u00edceis. Por isso, precisamos de homens e mulheres determinados: que amem a Jesus Cristo e O sigam alegres, felizes e sem medo. Isto, n\u00e3o nos est\u00e1 faltando?<\/p>\n","protected":false},"excerpt":{"rendered":"<p>Textos inspiradores: Jesus soube que eles o haviam expulsado. Veio ent\u00e3o encontrar-se com ele e lhe disse: \u201cCr\u00eas no filho do homem\u201d? E ele respondeu: \u201cQuem \u00e9 ele Senhor, para que eu creia nele\u201d? Jesus lhe disse: \u201cPois, ent\u00e3o tu j\u00e1 o viste: \u00e9 aquele que te fala\u201d. O homem lhe disse: \u201cCreio Senhor, e [&hellip;]<\/p>\n","protected":false},"author":119,"featured_media":77698,"comment_status":"open","ping_status":"closed","sticky":false,"template":"","format":"standard","meta":{"footnotes":""},"categories":[9],"tags":[],"class_list":["post-80224","post","type-post","status-publish","format-standard","has-post-thumbnail","hentry","category-artigos"],"_links":{"self":[{"href":"https:\/\/catolicanet.net\/wp-cnet\/wp-json\/wp\/v2\/posts\/80224","targetHints":{"allow":["GET"]}}],"collection":[{"href":"https:\/\/catolicanet.net\/wp-cnet\/wp-json\/wp\/v2\/posts"}],"about":[{"href":"https:\/\/catolicanet.net\/wp-cnet\/wp-json\/wp\/v2\/types\/post"}],"author":[{"embeddable":true,"href":"https:\/\/catolicanet.net\/wp-cnet\/wp-json\/wp\/v2\/users\/119"}],"replies":[{"embeddable":true,"href":"https:\/\/catolicanet.net\/wp-cnet\/wp-json\/wp\/v2\/comments?post=80224"}],"version-history":[{"count":1,"href":"https:\/\/catolicanet.net\/wp-cnet\/wp-json\/wp\/v2\/posts\/80224\/revisions"}],"predecessor-version":[{"id":80225,"href":"https:\/\/catolicanet.net\/wp-cnet\/wp-json\/wp\/v2\/posts\/80224\/revisions\/80225"}],"wp:featuredmedia":[{"embeddable":true,"href":"https:\/\/catolicanet.net\/wp-cnet\/wp-json\/wp\/v2\/media\/77698"}],"wp:attachment":[{"href":"https:\/\/catolicanet.net\/wp-cnet\/wp-json\/wp\/v2\/media?parent=80224"}],"wp:term":[{"taxonomy":"category","embeddable":true,"href":"https:\/\/catolicanet.net\/wp-cnet\/wp-json\/wp\/v2\/categories?post=80224"},{"taxonomy":"post_tag","embeddable":true,"href":"https:\/\/catolicanet.net\/wp-cnet\/wp-json\/wp\/v2\/tags?post=80224"}],"curies":[{"name":"wp","href":"https:\/\/api.w.org\/{rel}","templated":true}]}}