{"id":80210,"date":"2023-03-21T11:56:08","date_gmt":"2023-03-21T14:56:08","guid":{"rendered":"https:\/\/catolicanet.net\/wp-cnet\/?p=80210"},"modified":"2023-03-21T11:56:08","modified_gmt":"2023-03-21T14:56:08","slug":"anunciacao-do-senhor","status":"publish","type":"post","link":"https:\/\/catolicanet.net\/wp-cnet\/anunciacao-do-senhor\/","title":{"rendered":"Anuncia\u00e7\u00e3o do Senhor"},"content":{"rendered":"<p>Deus desce, passa a viver entre n\u00f3s!<\/p>\n<p>No seio de Maria, o Emanuel,<\/p>\n<p>As criaturas vivem, n\u00e3o mais a s\u00f3s,<\/p>\n<p>Ele veio morar aqui, na terra o c\u00e9u!<\/p>\n<p>&nbsp;<\/p>\n<p>A voz do anjo, na jubilosa ocasi\u00e3o,<\/p>\n<p>Mensagem fecunda, de esperan\u00e7a,<\/p>\n<p>Alegria pela reden\u00e7\u00e3o, numa crian\u00e7a!<\/p>\n<p>Maria contraria: vida sem decep\u00e7\u00e3o!<\/p>\n<p>&nbsp;<\/p>\n<p>Palavras divinas, chuvas de gra\u00e7as,<\/p>\n<p>Mist\u00e9rio de amor, vida no compasso,<\/p>\n<p>Sublime sinal, numa palavra sem ilus\u00e3o!<\/p>\n<p>&nbsp;<\/p>\n<p>A vida com raz\u00e3o, no mundo de irm\u00e3os!<\/p>\n<p>Conc\u00f3rdia e paz, um eco, num s\u00f3 cora\u00e7\u00e3o,<\/p>\n<p>Das alturas do c\u00e9u o recado: Na Sauda\u00e7\u00e3o!<\/p>\n","protected":false},"excerpt":{"rendered":"<p>Deus desce, passa a viver entre n\u00f3s! No seio de Maria, o Emanuel, As criaturas vivem, n\u00e3o mais a s\u00f3s, Ele veio morar aqui, na terra o c\u00e9u! &nbsp; A voz do anjo, na jubilosa ocasi\u00e3o, Mensagem fecunda, de esperan\u00e7a, Alegria pela reden\u00e7\u00e3o, numa crian\u00e7a! Maria contraria: vida sem decep\u00e7\u00e3o! &nbsp; Palavras divinas, chuvas de [&hellip;]<\/p>\n","protected":false},"author":6,"featured_media":55824,"comment_status":"open","ping_status":"closed","sticky":false,"template":"","format":"standard","meta":{"footnotes":""},"categories":[9],"tags":[],"class_list":["post-80210","post","type-post","status-publish","format-standard","has-post-thumbnail","hentry","category-artigos"],"_links":{"self":[{"href":"https:\/\/catolicanet.net\/wp-cnet\/wp-json\/wp\/v2\/posts\/80210","targetHints":{"allow":["GET"]}}],"collection":[{"href":"https:\/\/catolicanet.net\/wp-cnet\/wp-json\/wp\/v2\/posts"}],"about":[{"href":"https:\/\/catolicanet.net\/wp-cnet\/wp-json\/wp\/v2\/types\/post"}],"author":[{"embeddable":true,"href":"https:\/\/catolicanet.net\/wp-cnet\/wp-json\/wp\/v2\/users\/6"}],"replies":[{"embeddable":true,"href":"https:\/\/catolicanet.net\/wp-cnet\/wp-json\/wp\/v2\/comments?post=80210"}],"version-history":[{"count":1,"href":"https:\/\/catolicanet.net\/wp-cnet\/wp-json\/wp\/v2\/posts\/80210\/revisions"}],"predecessor-version":[{"id":80211,"href":"https:\/\/catolicanet.net\/wp-cnet\/wp-json\/wp\/v2\/posts\/80210\/revisions\/80211"}],"wp:featuredmedia":[{"embeddable":true,"href":"https:\/\/catolicanet.net\/wp-cnet\/wp-json\/wp\/v2\/media\/55824"}],"wp:attachment":[{"href":"https:\/\/catolicanet.net\/wp-cnet\/wp-json\/wp\/v2\/media?parent=80210"}],"wp:term":[{"taxonomy":"category","embeddable":true,"href":"https:\/\/catolicanet.net\/wp-cnet\/wp-json\/wp\/v2\/categories?post=80210"},{"taxonomy":"post_tag","embeddable":true,"href":"https:\/\/catolicanet.net\/wp-cnet\/wp-json\/wp\/v2\/tags?post=80210"}],"curies":[{"name":"wp","href":"https:\/\/api.w.org\/{rel}","templated":true}]}}