{"id":80165,"date":"2023-03-21T09:23:18","date_gmt":"2023-03-21T12:23:18","guid":{"rendered":"https:\/\/catolicanet.net\/wp-cnet\/?p=80165"},"modified":"2023-03-21T11:24:42","modified_gmt":"2023-03-21T14:24:42","slug":"gallagher-conclui-visita-a-albania-viagem-marcada-pela-fraternidade","status":"publish","type":"post","link":"https:\/\/catolicanet.net\/wp-cnet\/gallagher-conclui-visita-a-albania-viagem-marcada-pela-fraternidade\/","title":{"rendered":"Gallagher conclui visita \u00e0 Alb\u00e2nia: viagem marcada pela fraternidade"},"content":{"rendered":"<div class=\"mediaContent__inner \">\n<figure class=\"article__image\"><span class=\"didascalia_img\">Dom Paul Richard Gallagher na Alb\u00e2nia (Vatican Media)<\/span><\/figure>\n<\/div>\n<article class=\"article \">\n<div class=\"article__meta \" data-mediatype=\"foto\">\n<div class=\"article__subTitle\" style=\"text-align: justify;\">O secret\u00e1rio das Rela\u00e7\u00f5es com os Estados e Organiza\u00e7\u00f5es Internacionais encontrou-se estes dias com os bispos e autoridades civis e pol\u00edticas do pa\u00eds. O presidente do episcopado local, dom Angelo Massafra: &#8220;Para nossa Igreja \u00e9 um sinal de estima e de est\u00edmulo. Desta visita tomamos coragem e for\u00e7a para poder viver em paz entre as religi\u00f5es, tendo em mente que somos todos filhos do \u00fanico Deus criador&#8221;<\/div>\n<div class=\"title__separator\" style=\"text-align: justify;\"><\/div>\n<div class=\"article__text\">\n<p style=\"text-align: justify;\"><b>Salvatore Cernuzio \u2013 Vatican News<\/b><\/p>\n<p style=\"text-align: justify;\">Uma Igreja &#8220;viva&#8221;, &#8220;empobrecida&#8221; pelas migra\u00e7\u00f5es dos \u00faltimos anos, mas, no entanto, &#8220;vital&#8221; e &#8220;fiel&#8221; para dar testemunho de Cristo e viver juntos em &#8220;fraternidade&#8221;. Esta \u00e9 a Igreja da Alb\u00e2nia que o secret\u00e1rio vaticano das Rela\u00e7\u00f5es com os Estados e as Organiza\u00e7\u00f5es Internacionais, o arcebispo Paul Richard Gallagher, encontrou durante sua visita de quatro dias a Tirana e outras cidades. A visita concluiu-se esta ter\u00e7a-feira e permitiu ao arcebispo abra\u00e7ar as diferentes realidades pol\u00edticas e eclesiais do pa\u00eds.<\/p>\n<h2 style=\"text-align: justify;\">A mem\u00f3ria dos m\u00e1rtires<\/h2>\n<p style=\"text-align: justify;\">A convite do ministro Alban\u00eas para Europa e Rela\u00e7\u00f5es Exteriores, Olta Xha\u00e7ka, e da Confer\u00eancia Episcopal Albanesa, dom Gallagher chegou em 18 de mar\u00e7o a esta terra onde a mem\u00f3ria da visita do Papa Francisco em 21 de setembro de 2014 e a viagem &#8211; &#8220;hist\u00f3rica&#8221;, como os albaneses gostam de cham\u00e1-la &#8211; de Jo\u00e3o Paulo II em 25 de abril de 1993 ainda est\u00e1 viva. Ambas as viagens foram marcadas pela mem\u00f3ria dos m\u00e1rtires do comunismo: Gallagher tamb\u00e9m recordou o testemunho deles na Missa celebrada na Catedral de Escodra.<\/p>\n<p style=\"text-align: justify;\">&#8220;A presen\u00e7a de dom Gallagher para a Igreja cat\u00f3lica \u00e9 um sinal de estima e encorajamento&#8221;, disse o presidente dos bispos, dom Angelo Massafra, \u00e0 reda\u00e7\u00e3o albanesa do Vatican News. &#8220;Em Escodra ele celebrou a Missa na Catedral e reconheceu a import\u00e2ncia que o testemunho de nossos m\u00e1rtires ainda tem hoje, lembrando que a pr\u00f3pria Catedral foi profanada, transformada em um pal\u00e1cio de esportes. Foi depois com a visita de S\u00e3o Jo\u00e3o Paulo II em 1993 que ela foi restaurada e voltou a ser catedral&#8221;.<\/p>\n<h2 style=\"text-align: justify;\">Uma Igreja viva<\/h2>\n<p style=\"text-align: justify;\">Naquela Eucaristia, &#8220;celebrada na presen\u00e7a de sacerdotes e fi\u00e9is&#8221;, Gallagher &#8211; disse Massafra &#8211; &#8220;viu uma Igreja vital mesmo que empobrecida nos \u00faltimos anos pelas migra\u00e7\u00f5es que continuam at\u00e9 hoje&#8221;. Uma Igreja, no entanto, viva, fiel, que quer dar testemunho de Cristo nos tempos de hoje e valorizar a conviv\u00eancia, a rela\u00e7\u00e3o fraterna entre todos os albaneses, independentemente da f\u00e9 professada&#8221;.<\/p>\n<h2 style=\"text-align: justify;\">O encontro com a presidente Nikolla<\/h2>\n<p style=\"text-align: justify;\">A fraternidade foi o tema central da viagem do secret\u00e1rio das Rela\u00e7\u00f5es com os Estados, que tamb\u00e9m surgiu no encontro com a presidente da Assembleia da Alb\u00e2nia, Lindita Nikolla, durante o qual &#8211; noticiou a imprensa local -, elogiando a colabora\u00e7\u00e3o entre a Alb\u00e2nia e a Santa S\u00e9 nas \u00e1reas de educa\u00e7\u00e3o, patrim\u00f4nio cultural, sa\u00fade, servi\u00e7os sociais, foi avaliada tamb\u00e9m &#8220;a coopera\u00e7\u00e3o&#8221; para a paz na regi\u00e3o, no continente, e para acabar com a guerra na Ucr\u00e2nia, e, por fim, a contribui\u00e7\u00e3o para a coexist\u00eancia inter-religiosa e a fraternidade.<\/p>\n<h2 style=\"text-align: justify;\">Fraternidade<\/h2>\n<p style=\"text-align: justify;\">Fraternidade que \u00e9 muito mais do que &#8220;toler\u00e2ncia&#8221;, um conceito que tamb\u00e9m pode ter acep\u00e7\u00f5es negativas, como o pr\u00f3prio Gallagher disse no encontro desta segunda-feira com o Conselho Inter-religioso em Tirana. &#8220;Fomos \u00e0 sede da comunidade mu\u00e7ulmana da Alb\u00e2nia, que est\u00e1 celebrando seu centen\u00e1rio este ano, e fomos recebidos pelo pr\u00f3prio mufti&#8221;, disse Massafra. &#8220;Foi uma bela experi\u00eancia de fraternidade, todos n\u00f3s nos alegramos&#8221;. Dom Gallagher ouviu os discursos dos cinco l\u00edderes das comunidades tradicionais presentes no pa\u00eds e insistiu no fato de que n\u00e3o devemos falar apenas de toler\u00e2ncia, que \u00e9 um termo tamb\u00e9m negativo, mas de fraternidade, como o Papa sempre repete&#8221;. O convite foi, portanto, a &#8220;tomar coragem e for\u00e7a para poder viver em paz entre as religi\u00f5es, tendo em mente que somos todos filhos do \u00fanico Deus criador&#8221;, explicou o prelado.<\/p>\n<h2 style=\"text-align: justify;\">Desafios e esperan\u00e7as<\/h2>\n<p style=\"text-align: justify;\">Entre os momentos importantes &#8211; &#8220;momento alto para a Igreja cat\u00f3lica&#8221; &#8211; ele citou o encontro de domingo 19 de mar\u00e7o em Rr\u00ebzhen com todos os bispos. &#8220;Foi um encontro de tr\u00eas horas, invocamos a prote\u00e7\u00e3o de S\u00e3o Jos\u00e9 para ter um di\u00e1logo franco, sincero e cordial&#8221;. Cada bispo apresentou sua vida, sua diocese, as alegrias e dificuldades, eles percorreram uma hist\u00f3ria de trinta anos de positividade e desafios. Os bispos expressaram seu desejo de continuar evangelizando o povo, dando confian\u00e7a e esperan\u00e7a de que a Alb\u00e2nia cumprir\u00e1 o papel que a Provid\u00eancia e a hist\u00f3ria exigem, ap\u00f3s tantos anos de escurid\u00e3o do comunismo. N\u00f3s &#8211; disse Massafra -, bispos, sacerdotes e religiosos s\u00e3o chamados a ser sal da terra para poder estimular e pressionar os fi\u00e9is a n\u00e3o perder a esperan\u00e7a, a avan\u00e7ar com confian\u00e7a e coragem seguindo o exemplo de nossos m\u00e1rtires e de Santa Madre Teresa de Calcut\u00e1&#8221;.<\/p>\n<div>\n<div class=\"article__embed article__embed--unwrap article__embed--photo\">\n<figure><picture><img decoding=\"async\" class=\"loaded\" src=\"https:\/\/www.vaticannews.va\/content\/dam\/vaticannews\/multimedia\/2023\/03\/20\/1-Rreshen.jpeg\/_jcr_content\/renditions\/cq5dam.thumbnail.cropped.750.422.jpeg\" alt=\"Gallagher em Rr\u00ebshen (Vatican Media)\" data-original=\"\/content\/dam\/vaticannews\/multimedia\/2023\/03\/20\/1-Rreshen.jpeg\/_jcr_content\/renditions\/cq5dam.thumbnail.cropped.750.422.jpeg\" data-was-processed=\"true\" \/><\/picture><\/figure>\n<div class=\"photo_embed--Title\">Gallagher em Rr\u00ebshen (Vatican Media)<\/div>\n<\/div>\n<\/div>\n<\/div>\n<\/div>\n<\/article>\n","protected":false},"excerpt":{"rendered":"<p>Dom Paul Richard Gallagher na Alb\u00e2nia (Vatican Media) O secret\u00e1rio das Rela\u00e7\u00f5es com os Estados e Organiza\u00e7\u00f5es Internacionais encontrou-se estes dias com os bispos e autoridades civis e pol\u00edticas do pa\u00eds. O presidente do episcopado local, dom Angelo Massafra: &#8220;Para nossa Igreja \u00e9 um sinal de estima e de est\u00edmulo. Desta visita tomamos coragem e [&hellip;]<\/p>\n","protected":false},"author":1,"featured_media":80166,"comment_status":"open","ping_status":"closed","sticky":false,"template":"","format":"standard","meta":{"footnotes":""},"categories":[3],"tags":[],"class_list":["post-80165","post","type-post","status-publish","format-standard","has-post-thumbnail","hentry","category-vaticano"],"_links":{"self":[{"href":"https:\/\/catolicanet.net\/wp-cnet\/wp-json\/wp\/v2\/posts\/80165","targetHints":{"allow":["GET"]}}],"collection":[{"href":"https:\/\/catolicanet.net\/wp-cnet\/wp-json\/wp\/v2\/posts"}],"about":[{"href":"https:\/\/catolicanet.net\/wp-cnet\/wp-json\/wp\/v2\/types\/post"}],"author":[{"embeddable":true,"href":"https:\/\/catolicanet.net\/wp-cnet\/wp-json\/wp\/v2\/users\/1"}],"replies":[{"embeddable":true,"href":"https:\/\/catolicanet.net\/wp-cnet\/wp-json\/wp\/v2\/comments?post=80165"}],"version-history":[{"count":1,"href":"https:\/\/catolicanet.net\/wp-cnet\/wp-json\/wp\/v2\/posts\/80165\/revisions"}],"predecessor-version":[{"id":80167,"href":"https:\/\/catolicanet.net\/wp-cnet\/wp-json\/wp\/v2\/posts\/80165\/revisions\/80167"}],"wp:featuredmedia":[{"embeddable":true,"href":"https:\/\/catolicanet.net\/wp-cnet\/wp-json\/wp\/v2\/media\/80166"}],"wp:attachment":[{"href":"https:\/\/catolicanet.net\/wp-cnet\/wp-json\/wp\/v2\/media?parent=80165"}],"wp:term":[{"taxonomy":"category","embeddable":true,"href":"https:\/\/catolicanet.net\/wp-cnet\/wp-json\/wp\/v2\/categories?post=80165"},{"taxonomy":"post_tag","embeddable":true,"href":"https:\/\/catolicanet.net\/wp-cnet\/wp-json\/wp\/v2\/tags?post=80165"}],"curies":[{"name":"wp","href":"https:\/\/api.w.org\/{rel}","templated":true}]}}