{"id":80161,"date":"2023-03-21T09:20:48","date_gmt":"2023-03-21T12:20:48","guid":{"rendered":"https:\/\/catolicanet.net\/wp-cnet\/?p=80161"},"modified":"2023-03-21T11:22:54","modified_gmt":"2023-03-21T14:22:54","slug":"migrantes-livres-de-escolher-se-migrar-ou-permanecer","status":"publish","type":"post","link":"https:\/\/catolicanet.net\/wp-cnet\/migrantes-livres-de-escolher-se-migrar-ou-permanecer\/","title":{"rendered":"Migrantes, &#8220;Livres de escolher se migrar ou permanecer&#8221;"},"content":{"rendered":"<figure class=\"article__image\" style=\"text-align: justify;\"><span class=\"didascalia_img\">O Papa sa\u00fada uma refugiada durante sua visita ao centro de Mitilene, na Gr\u00e9cia (2021)\u00a0 (Vatican Media)<\/span><\/figure>\n<div class=\"article__meta \" data-mediatype=\"\">\n<div class=\"article__subTitle\" style=\"text-align: justify;\">O Dicast\u00e9rio para o Servi\u00e7o do Desenvolvimento Humano Integral divulgou o tema do pr\u00f3ximo Dia do Migrante e Refugiado, que ser\u00e1 celebrado em 24 de setembro.<\/div>\n<div class=\"title__separator\" style=\"text-align: justify;\"><\/div>\n<div class=\"article__text\">\n<p style=\"text-align: justify;\"><b>Vatican News<\/b><\/p>\n<p style=\"text-align: justify;\">Foi divulgado, nesta ter\u00e7a-feira (21\/03), o tema do 109\u00ba Dia Mundial do Migrante e do Refugiado que ser\u00e1 celebrado no domingo, 24 de setembro pr\u00f3ximo.<\/p>\n<p style=\"text-align: justify;\">O Santo Padre escolheu como tema para a sua tradicional mensagem &#8220;Livres de escolher se migrar ou permanecer&#8221;, com o intuito de promover uma renovada reflex\u00e3o sobre um direito ainda n\u00e3o codificado a n\u00edvel internacional: o direito a n\u00e3o ter que emigrar ou, por outras palavras, o direito a poder permanecer na pr\u00f3pria terra.<\/p>\n<p style=\"text-align: justify;\">A natureza for\u00e7ada de muitos fluxos migrat\u00f3rios atuais imp\u00f5e uma atenta considera\u00e7\u00e3o das causas das migra\u00e7\u00f5es contempor\u00e2neas. O direito a permanecer \u00e9 anterior, mais profundo e mais amplo do que o direito a emigrar. Inclui a possibilidade de participar no bem comum, o direito a viver com dignidade e o acesso a um desenvolvimento sustent\u00e1vel, direitos esses que deveriam estar efetivamente garantidos nas na\u00e7\u00f5es de proveni\u00eancia atrav\u00e9s dum real exerc\u00edcio de corresponsabilidade por parte da comunidade internacional.<\/p>\n<p style=\"text-align: justify;\">Para favorecer uma adequada prepara\u00e7\u00e3o para a celebra\u00e7\u00e3o do referido Dia, o Dicast\u00e9rio para o Servi\u00e7o do Desenvolvimento Humano Integral lan\u00e7ar\u00e1 no mundo da comunica\u00e7\u00e3o uma campanha destinada a favorecer uma compreens\u00e3o profunda do tema da mensagem atrav\u00e9s de subs\u00eddios multim\u00eddia, material informativo e reflex\u00f5es teol\u00f3gicas.<\/p>\n<\/div>\n<\/div>\n","protected":false},"excerpt":{"rendered":"<p>O Papa sa\u00fada uma refugiada durante sua visita ao centro de Mitilene, na Gr\u00e9cia (2021)\u00a0 (Vatican Media) O Dicast\u00e9rio para o Servi\u00e7o do Desenvolvimento Humano Integral divulgou o tema do pr\u00f3ximo Dia do Migrante e Refugiado, que ser\u00e1 celebrado em 24 de setembro. Vatican News Foi divulgado, nesta ter\u00e7a-feira (21\/03), o tema do 109\u00ba Dia [&hellip;]<\/p>\n","protected":false},"author":1,"featured_media":80162,"comment_status":"open","ping_status":"closed","sticky":false,"template":"","format":"standard","meta":{"footnotes":""},"categories":[13,3],"tags":[],"class_list":["post-80161","post","type-post","status-publish","format-standard","has-post-thumbnail","hentry","category-featured","category-vaticano"],"_links":{"self":[{"href":"https:\/\/catolicanet.net\/wp-cnet\/wp-json\/wp\/v2\/posts\/80161","targetHints":{"allow":["GET"]}}],"collection":[{"href":"https:\/\/catolicanet.net\/wp-cnet\/wp-json\/wp\/v2\/posts"}],"about":[{"href":"https:\/\/catolicanet.net\/wp-cnet\/wp-json\/wp\/v2\/types\/post"}],"author":[{"embeddable":true,"href":"https:\/\/catolicanet.net\/wp-cnet\/wp-json\/wp\/v2\/users\/1"}],"replies":[{"embeddable":true,"href":"https:\/\/catolicanet.net\/wp-cnet\/wp-json\/wp\/v2\/comments?post=80161"}],"version-history":[{"count":1,"href":"https:\/\/catolicanet.net\/wp-cnet\/wp-json\/wp\/v2\/posts\/80161\/revisions"}],"predecessor-version":[{"id":80163,"href":"https:\/\/catolicanet.net\/wp-cnet\/wp-json\/wp\/v2\/posts\/80161\/revisions\/80163"}],"wp:featuredmedia":[{"embeddable":true,"href":"https:\/\/catolicanet.net\/wp-cnet\/wp-json\/wp\/v2\/media\/80162"}],"wp:attachment":[{"href":"https:\/\/catolicanet.net\/wp-cnet\/wp-json\/wp\/v2\/media?parent=80161"}],"wp:term":[{"taxonomy":"category","embeddable":true,"href":"https:\/\/catolicanet.net\/wp-cnet\/wp-json\/wp\/v2\/categories?post=80161"},{"taxonomy":"post_tag","embeddable":true,"href":"https:\/\/catolicanet.net\/wp-cnet\/wp-json\/wp\/v2\/tags?post=80161"}],"curies":[{"name":"wp","href":"https:\/\/api.w.org\/{rel}","templated":true}]}}