{"id":80136,"date":"2023-03-20T10:14:04","date_gmt":"2023-03-20T13:14:04","guid":{"rendered":"https:\/\/catolicanet.net\/wp-cnet\/?p=80136"},"modified":"2023-03-20T13:15:12","modified_gmt":"2023-03-20T16:15:12","slug":"secretario-geral-da-cnbb-convida-catequistas-a-participarem-de-evento-que-celebra-os-40-anos-do-catequese-renovada","status":"publish","type":"post","link":"https:\/\/catolicanet.net\/wp-cnet\/secretario-geral-da-cnbb-convida-catequistas-a-participarem-de-evento-que-celebra-os-40-anos-do-catequese-renovada\/","title":{"rendered":"SECRET\u00c1RIO-GERAL DA CNBB CONVIDA CATEQUISTAS A PARTICIPAREM DE EVENTO QUE CELEBRA OS 40 ANOS DO \u201cCATEQUESE RENOVADA\u201d"},"content":{"rendered":"<p style=\"text-align: justify;\">De 1\u00ba a 3 de setembro, a Comiss\u00e3o para a Anima\u00e7\u00e3o B\u00edblico-Catequ\u00e9tica da Confer\u00eancia Nacional dos Bispos do Brasil (CNBB) promove um encontro para celebrar os 40 anos do Documento\u00a0<a href=\"https:\/\/www.catequesedobrasil.org.br\/noticia\/o-documento-catequese-renovada-da-cnbb-1983-\" target=\"_blank\" rel=\"noopener\">\u201cCatequese Renovada\u201d<\/a>, no Santu\u00e1rio Nacional de Nossa Senhora Aparecida, em S\u00e3o Paulo. As\u00a0<a href=\"http:\/\/www.cnbb.org.br\/catequeserenovada\/\">inscri\u00e7\u00f5es para participar da iniciativa encontram-se abertas<\/a>\u00a0e, com o evento, a Comiss\u00e3o\u00a0 pretende reunir catequistas de todo o Brasil.<\/p>\n<p style=\"text-align: justify;\">Dando in\u00edcio a uma sequ\u00eancia de v\u00eddeos que abordar\u00e3o a import\u00e2ncia do Documento, inclusive no aperfei\u00e7oamento de uma catequese a servi\u00e7o da inicia\u00e7\u00e3o \u00e0 vida crist\u00e3 (IVC), o bispo auxiliar do Rio de Janeiro e secret\u00e1rio-geral da CNBB, dom Joel Portella Amado, reconheceu que o texto representou um novo impulso para a catequese no Brasil<\/p>\n<blockquote><p>\u201cEle foi fundamental para a caminhada em diversos aspectos como o aprimoramento da identidade vocacional do catequista, o estreitamento das rela\u00e7\u00f5es entre B\u00edblia e catequese e a renova\u00e7\u00e3o da metodologia\u201d.<\/p><\/blockquote>\n<p style=\"text-align: justify;\"><strong>Veja o v\u00eddeo completo:<\/strong><\/p>\n<div class=\"ast-oembed-container\" style=\"text-align: justify;\"><iframe loading=\"lazy\" title=\"Catequese Renovada 40 anos - Convite de Dom Joel Portella Amado\" src=\"https:\/\/www.youtube.com\/embed\/6MBAqjUaII0?feature=oembed\" width=\"1200\" height=\"675\" frameborder=\"0\" allowfullscreen=\"allowfullscreen\" data-mce-fragment=\"1\"><\/iframe><\/div>\n<h3 style=\"text-align: justify;\">Como se inscrever?<\/h3>\n<p style=\"text-align: justify;\">Com tr\u00eas dias de forma\u00e7\u00e3o, conviv\u00eancia, partilha e ora\u00e7\u00e3o no Santu\u00e1rio de Nossa Senhora Aparecida, o encontro nacional, promovido pela Comiss\u00e3o para a Anima\u00e7\u00e3o B\u00edblico-Catequ\u00e9tica, revisitar\u00e1 o\u00a0<a href=\"https:\/\/www.catequesedobrasil.org.br\/noticia\/o-documento-catequese-renovada-da-cnbb-1983-\" target=\"_blank\" rel=\"noopener\">\u201cCatequese Renovada\u201d<\/a>,\u00a0documento mais importante para a Igreja do Brasil em termos de catequese, at\u00e9 a publica\u00e7\u00e3o do novo\u00a0<a href=\"https:\/\/www.edicoescnbb.com.br\/documentos-da-cnbb-084-diretorio-nacional-de-catequese?gclid=EAIaIQobChMIrOrm4rvj_QIVBGGRCh0OrA9NEAQYASABEgJzXfD_BwE\" target=\"_blank\" rel=\"noopener\">Diret\u00f3rio Nacional de Catequese\u00a0(DNC)<\/a><em>.<\/em><\/p>\n<p style=\"text-align: justify;\">Os interessados poder\u00e3o fazer a inscri\u00e7\u00e3o at\u00e9 o dia 10 de agosto no site oficial do evento, com condi\u00e7\u00f5es especiais. A inscri\u00e7\u00e3o garante a\u00a0participa\u00e7\u00e3o no evento, os lanches entre as atividades do dia e o kit do evento, que ser\u00e1 entregue no credenciamento do primeiro dia.<\/p>\n<blockquote><p>\u201cConvido voc\u00ea catequista a participar. Fa\u00e7o tamb\u00e9m um apelo aos bispos a apoiarem a participa\u00e7\u00e3o dos catequistas para, juntos, darmos um novo impulso \u00e0 caminhada catequ\u00e9tica do Brasil. Participe conosco!, exorta dom Joel Portella\u201d.<\/p><\/blockquote>\n<p style=\"text-align: justify;\"><strong>Mais informa\u00e7\u00f5es:<br \/>\n<\/strong>Baixe (<a href=\"https:\/\/www.cnbb.org.br\/wp-content\/uploads\/2023\/03\/Cartaz-1.pdf\">aqui<\/a>) o cartaz oficial.<br \/>\nConhe\u00e7a a programa\u00e7\u00e3o (<a href=\"https:\/\/www.cnbb.org.br\/wp-content\/uploads\/2023\/02\/Programacao-Geral.pdf\">aqui<\/a>).<\/p>\n","protected":false},"excerpt":{"rendered":"<p>De 1\u00ba a 3 de setembro, a Comiss\u00e3o para a Anima\u00e7\u00e3o B\u00edblico-Catequ\u00e9tica da Confer\u00eancia Nacional dos Bispos do Brasil (CNBB) promove um encontro para celebrar os 40 anos do Documento\u00a0\u201cCatequese Renovada\u201d, no Santu\u00e1rio Nacional de Nossa Senhora Aparecida, em S\u00e3o Paulo. As\u00a0inscri\u00e7\u00f5es para participar da iniciativa encontram-se abertas\u00a0e, com o evento, a Comiss\u00e3o\u00a0 pretende reunir [&hellip;]<\/p>\n","protected":false},"author":1,"featured_media":80137,"comment_status":"open","ping_status":"closed","sticky":false,"template":"","format":"standard","meta":{"footnotes":""},"categories":[7],"tags":[],"class_list":["post-80136","post","type-post","status-publish","format-standard","has-post-thumbnail","hentry","category-cnbb"],"_links":{"self":[{"href":"https:\/\/catolicanet.net\/wp-cnet\/wp-json\/wp\/v2\/posts\/80136","targetHints":{"allow":["GET"]}}],"collection":[{"href":"https:\/\/catolicanet.net\/wp-cnet\/wp-json\/wp\/v2\/posts"}],"about":[{"href":"https:\/\/catolicanet.net\/wp-cnet\/wp-json\/wp\/v2\/types\/post"}],"author":[{"embeddable":true,"href":"https:\/\/catolicanet.net\/wp-cnet\/wp-json\/wp\/v2\/users\/1"}],"replies":[{"embeddable":true,"href":"https:\/\/catolicanet.net\/wp-cnet\/wp-json\/wp\/v2\/comments?post=80136"}],"version-history":[{"count":2,"href":"https:\/\/catolicanet.net\/wp-cnet\/wp-json\/wp\/v2\/posts\/80136\/revisions"}],"predecessor-version":[{"id":80140,"href":"https:\/\/catolicanet.net\/wp-cnet\/wp-json\/wp\/v2\/posts\/80136\/revisions\/80140"}],"wp:featuredmedia":[{"embeddable":true,"href":"https:\/\/catolicanet.net\/wp-cnet\/wp-json\/wp\/v2\/media\/80137"}],"wp:attachment":[{"href":"https:\/\/catolicanet.net\/wp-cnet\/wp-json\/wp\/v2\/media?parent=80136"}],"wp:term":[{"taxonomy":"category","embeddable":true,"href":"https:\/\/catolicanet.net\/wp-cnet\/wp-json\/wp\/v2\/categories?post=80136"},{"taxonomy":"post_tag","embeddable":true,"href":"https:\/\/catolicanet.net\/wp-cnet\/wp-json\/wp\/v2\/tags?post=80136"}],"curies":[{"name":"wp","href":"https:\/\/api.w.org\/{rel}","templated":true}]}}