{"id":80101,"date":"2023-03-16T09:20:36","date_gmt":"2023-03-16T12:20:36","guid":{"rendered":"https:\/\/catolicanet.net\/wp-cnet\/?p=80101"},"modified":"2023-03-16T14:21:30","modified_gmt":"2023-03-16T17:21:30","slug":"por-que-francisco-nunca-visitou-a-argentina-como-papa","status":"publish","type":"post","link":"https:\/\/catolicanet.net\/wp-cnet\/por-que-francisco-nunca-visitou-a-argentina-como-papa\/","title":{"rendered":"Por que Francisco nunca visitou a Argentina como Papa?"},"content":{"rendered":"<h2 class=\"subtitle\" style=\"text-align: justify;\">Nunca faltaram na m\u00eddia mundial as especula\u00e7\u00f5es sobre o motivo dessa n\u00e3o-visita<\/h2>\n<p style=\"text-align: justify;\">OPapa Francisco, que \u00e9 argentino, ainda n\u00e3o visitou como pont\u00edfice a sua Argentina natal, em dez anos de pontificado.<\/p>\n<p style=\"text-align: justify;\">Nunca faltaram na m\u00eddia mundial as especula\u00e7\u00f5es sobre o motivo dessa n\u00e3o-visita, considerando-se que Francisco j\u00e1 esteve em diversos outros pa\u00edses latino-americanos, entre os quais o Brasil, o Chile, o Paraguai e a Bol\u00edvia, todos vizinhos da Argentina.<\/p>\n<p style=\"text-align: justify;\">Ao entrevistar o Papa justamente por ocasi\u00e3o da sua primeira d\u00e9cada como pont\u00edfice, completada neste dia 13 de mar\u00e7o, o portal\u00a0<a href=\"https:\/\/www.infobae.com\/america\/mundo\/2023\/03\/10\/el-papa-francisco-opino-sobre-nicaragua-es-como-las-dictaduras-comunistas-o-hitlerianas-grosera\/\" target=\"_blank\" rel=\"noreferrer noopener\">Infobae<\/a>, que \u00e9 argentino, perguntou a Francisco se \u201cteremos essa possibilidade\u201d da viagem apost\u00f3lica ao pa\u00eds.<\/p>\n<p style=\"text-align: justify;\">Francisco respondeu:<\/p>\n<p style=\"text-align: justify;\"><em>\u201cPensei sobre isso. Estava planejado para dezembro de 2017. E se iria primeiro ao Chile, depois \u00e0 Argentina e ao Uruguai. Esse era o plano, mas o que aconteceu? Que [Michelle] Bachelet estava terminando seu governo e as elei\u00e7\u00f5es estavam precisamente em torno dessa \u00e9poca. Ent\u00e3o tivemos que mudar o Chile para dezembro e depois ir para a Argentina e o Uruguai em janeiro. Em janeiro voc\u00ea n\u00e3o consegue encontrar nem o gato, viu?<\/em><\/p>\n<p style=\"text-align: justify;\"><em>Ent\u00e3o, o programa foi mudado e fizemos o Chile e o Peru. E a Argentina e o Uruguai foram deixados para depois. E esse depois \u00e9 o que estamos esperando, conjuntura. N\u00e3o h\u00e1 recusa de ir. N\u00e3o, de forma alguma. A viagem esteve planejada. Estou aberto a essa oportunidade\u201d.<\/em><\/p>\n<p style=\"text-align: justify;\">O jornalista quis saber do que dependeria a esperada visita do Papa Francisco \u00e0 Argentina. Ele resumiu: \u201cMilhares de fatores\u201d \u2013 entre os quais, mencionou:<\/p>\n<p style=\"text-align: justify;\"><em>\u201cPrimeiro, a vontade de eu ir. Creio que ela existe. Em segundo lugar, a conjuntura sociopol\u00edtica. \u00c0s vezes, a visita de um Papa pode ser usada, em todos os lugares. Ela n\u00e3o deve ser usada nem para um lado nem para o outro.<\/em><\/p>\n<p style=\"text-align: justify;\"><em>(\u2026) Depois de uma elei\u00e7\u00e3o, certamente sim [poderia ocorrer a visita]. \u00c9 por isso que, em tempo de elei\u00e7\u00e3o, n\u00e3o se fazem viagens a pa\u00edses, para evitar que a presen\u00e7a seja usada pelo partido no poder para reelei\u00e7\u00e3o ou algo parecido. Eu quero ir \u00e0 Argentina. Quero. Por\u00e9m\u2026\u201d.<\/em><\/p>\n","protected":false},"excerpt":{"rendered":"<p>Nunca faltaram na m\u00eddia mundial as especula\u00e7\u00f5es sobre o motivo dessa n\u00e3o-visita OPapa Francisco, que \u00e9 argentino, ainda n\u00e3o visitou como pont\u00edfice a sua Argentina natal, em dez anos de pontificado. Nunca faltaram na m\u00eddia mundial as especula\u00e7\u00f5es sobre o motivo dessa n\u00e3o-visita, considerando-se que Francisco j\u00e1 esteve em diversos outros pa\u00edses latino-americanos, entre os [&hellip;]<\/p>\n","protected":false},"author":1,"featured_media":80102,"comment_status":"open","ping_status":"closed","sticky":false,"template":"","format":"standard","meta":{"footnotes":""},"categories":[4],"tags":[],"class_list":["post-80101","post","type-post","status-publish","format-standard","has-post-thumbnail","hentry","category-cotidiano"],"_links":{"self":[{"href":"https:\/\/catolicanet.net\/wp-cnet\/wp-json\/wp\/v2\/posts\/80101","targetHints":{"allow":["GET"]}}],"collection":[{"href":"https:\/\/catolicanet.net\/wp-cnet\/wp-json\/wp\/v2\/posts"}],"about":[{"href":"https:\/\/catolicanet.net\/wp-cnet\/wp-json\/wp\/v2\/types\/post"}],"author":[{"embeddable":true,"href":"https:\/\/catolicanet.net\/wp-cnet\/wp-json\/wp\/v2\/users\/1"}],"replies":[{"embeddable":true,"href":"https:\/\/catolicanet.net\/wp-cnet\/wp-json\/wp\/v2\/comments?post=80101"}],"version-history":[{"count":1,"href":"https:\/\/catolicanet.net\/wp-cnet\/wp-json\/wp\/v2\/posts\/80101\/revisions"}],"predecessor-version":[{"id":80103,"href":"https:\/\/catolicanet.net\/wp-cnet\/wp-json\/wp\/v2\/posts\/80101\/revisions\/80103"}],"wp:featuredmedia":[{"embeddable":true,"href":"https:\/\/catolicanet.net\/wp-cnet\/wp-json\/wp\/v2\/media\/80102"}],"wp:attachment":[{"href":"https:\/\/catolicanet.net\/wp-cnet\/wp-json\/wp\/v2\/media?parent=80101"}],"wp:term":[{"taxonomy":"category","embeddable":true,"href":"https:\/\/catolicanet.net\/wp-cnet\/wp-json\/wp\/v2\/categories?post=80101"},{"taxonomy":"post_tag","embeddable":true,"href":"https:\/\/catolicanet.net\/wp-cnet\/wp-json\/wp\/v2\/tags?post=80101"}],"curies":[{"name":"wp","href":"https:\/\/api.w.org\/{rel}","templated":true}]}}