{"id":80097,"date":"2023-03-16T09:19:29","date_gmt":"2023-03-16T12:19:29","guid":{"rendered":"https:\/\/catolicanet.net\/wp-cnet\/?p=80097"},"modified":"2023-03-16T14:20:16","modified_gmt":"2023-03-16T17:20:16","slug":"milhares-de-pessoas-se-tornarao-catolicas-nesta-vigilia-pascal","status":"publish","type":"post","link":"https:\/\/catolicanet.net\/wp-cnet\/milhares-de-pessoas-se-tornarao-catolicas-nesta-vigilia-pascal\/","title":{"rendered":"Milhares de pessoas se tornar\u00e3o cat\u00f3licas nesta Vig\u00edlia Pascal"},"content":{"rendered":"<h2 class=\"subtitle\" style=\"text-align: justify;\">Tradicionalmente, \u00e9 uma das datas mais emblem\u00e1ticas para que a Igreja Cat\u00f3lica abrace novos filhos<\/h2>\n<p style=\"text-align: justify;\">Milhares de pessoas se tornar\u00e3o cat\u00f3licas nesta Vig\u00edlia Pascal, tradicionalmente uma das mais emblem\u00e1ticas datas para que a Igreja Cat\u00f3lica abrace novos filhos.<\/p>\n<p style=\"text-align: justify;\">De fato, a liturgia dessa t\u00e3o especial celebra\u00e7\u00e3o prev\u00ea o extraordin\u00e1rio momento em que os catec\u00famenos, ap\u00f3s a devida prepara\u00e7\u00e3o, participam dos ritos de\u00a0<a href=\"https:\/\/pt.aleteia.org\/2020\/06\/16\/o-que-e-o-rica-rito-da-iniciacao-crista-de-adultos\/\" target=\"_blank\" rel=\"noreferrer noopener\">Inicia\u00e7\u00e3o Crist\u00e3 de Adultos<\/a>\u00a0e se tornam parte, oficialmente, do Corpo M\u00edstico de Cristo. Catec\u00fameno \u00e9 o termo com que a tradi\u00e7\u00e3o cat\u00f3lica descreve as pessoas que est\u00e3o se preparando para receber o sacramento do Batismo.<\/p>\n<p style=\"text-align: justify;\">Nesta mesma celebra\u00e7\u00e3o, tamb\u00e9m \u00e9 tradicional que cat\u00f3licos j\u00e1 batizados recebam outros dois sacramentos: o da Confirma\u00e7\u00e3o ou Crisma, que os torna \u201csoldados de Cristo\u201d, e o da Primeira Comunh\u00e3o, que lhes concede a gra\u00e7a de receber Nosso Senhor Jesus Cristo em Corpo, Sangue, Alma e Divindade, nas esp\u00e9cies consagradas do p\u00e3o e do vinho.<\/p>\n<div class=\"wp-block-aleteia-heading3\" style=\"text-align: justify;\">\n<h3>Quantos s\u00e3o?<\/h3>\n<\/div>\n<p style=\"text-align: justify;\">N\u00e3o h\u00e1 um levantamento oficial centralizado que registre a quantidade de catec\u00famenos que, no mundo inteiro, devem receber o sacramento do Batismo na Igreja Cat\u00f3lica durante a Vig\u00edlia Pascal.<\/p>\n<p style=\"text-align: justify;\">Entretanto, diversas dioceses mundo afora compartilham com anteced\u00eancia a alegria pela chegada desses novos fi\u00e9is. A ag\u00eancia\u00a0<a href=\"https:\/\/gaudiumpress.org\/content\/igreja-catolica-recebera-milhares-de-novos-catolicos-durante-a-vigilia-pascal\/\" target=\"_blank\" rel=\"noreferrer noopener\">Gaudium Press<\/a> informou alguns casos:<\/p>\n<p style=\"text-align: justify;\">Nos Estados Unidos, por exemplo, a diocese de Fort Worth anunciou que 749 pessoas receber\u00e3o o Batismo nessa noite. Na da Filad\u00e9lfia ser\u00e3o outras 535, enquanto a de Saint Petersburg (Fl\u00f3rida) receber\u00e1 mais 350 e a de Grand Rapids outros 306.<\/p>\n<p style=\"text-align: justify;\">Na Austr\u00e1lia, ser\u00e3o 140 pessoas na arquidiocese de Brisbane e cerca de 200 na de Sydney.<\/p>\n<div id=\"article-desk-content-p6-ad_2023_03_16_milhares-de-pessoas-se-tornarao-catolicas-nesta-vigilia-pascal\" class=\"css-cfwtta\" style=\"text-align: justify;\" data-google-query-id=\"CNuQj8v64P0CFVBJuAQddOMCFw\">\n<div id=\"google_ads_iframe_64500793\/PT_DESK_ARTICLE_WELCOME_1X1_0__container__\"><\/div>\n<\/div>\n<p style=\"text-align: justify;\">No Reino Unido, a diocese de Westminster dever\u00e1 receber 350 novos cat\u00f3licos.<\/p>\n","protected":false},"excerpt":{"rendered":"<p>Tradicionalmente, \u00e9 uma das datas mais emblem\u00e1ticas para que a Igreja Cat\u00f3lica abrace novos filhos Milhares de pessoas se tornar\u00e3o cat\u00f3licas nesta Vig\u00edlia Pascal, tradicionalmente uma das mais emblem\u00e1ticas datas para que a Igreja Cat\u00f3lica abrace novos filhos. De fato, a liturgia dessa t\u00e3o especial celebra\u00e7\u00e3o prev\u00ea o extraordin\u00e1rio momento em que os catec\u00famenos, ap\u00f3s [&hellip;]<\/p>\n","protected":false},"author":1,"featured_media":80098,"comment_status":"open","ping_status":"closed","sticky":false,"template":"","format":"standard","meta":{"footnotes":""},"categories":[4,13],"tags":[],"class_list":["post-80097","post","type-post","status-publish","format-standard","has-post-thumbnail","hentry","category-cotidiano","category-featured"],"_links":{"self":[{"href":"https:\/\/catolicanet.net\/wp-cnet\/wp-json\/wp\/v2\/posts\/80097","targetHints":{"allow":["GET"]}}],"collection":[{"href":"https:\/\/catolicanet.net\/wp-cnet\/wp-json\/wp\/v2\/posts"}],"about":[{"href":"https:\/\/catolicanet.net\/wp-cnet\/wp-json\/wp\/v2\/types\/post"}],"author":[{"embeddable":true,"href":"https:\/\/catolicanet.net\/wp-cnet\/wp-json\/wp\/v2\/users\/1"}],"replies":[{"embeddable":true,"href":"https:\/\/catolicanet.net\/wp-cnet\/wp-json\/wp\/v2\/comments?post=80097"}],"version-history":[{"count":1,"href":"https:\/\/catolicanet.net\/wp-cnet\/wp-json\/wp\/v2\/posts\/80097\/revisions"}],"predecessor-version":[{"id":80099,"href":"https:\/\/catolicanet.net\/wp-cnet\/wp-json\/wp\/v2\/posts\/80097\/revisions\/80099"}],"wp:featuredmedia":[{"embeddable":true,"href":"https:\/\/catolicanet.net\/wp-cnet\/wp-json\/wp\/v2\/media\/80098"}],"wp:attachment":[{"href":"https:\/\/catolicanet.net\/wp-cnet\/wp-json\/wp\/v2\/media?parent=80097"}],"wp:term":[{"taxonomy":"category","embeddable":true,"href":"https:\/\/catolicanet.net\/wp-cnet\/wp-json\/wp\/v2\/categories?post=80097"},{"taxonomy":"post_tag","embeddable":true,"href":"https:\/\/catolicanet.net\/wp-cnet\/wp-json\/wp\/v2\/tags?post=80097"}],"curies":[{"name":"wp","href":"https:\/\/api.w.org\/{rel}","templated":true}]}}