{"id":80073,"date":"2023-03-16T09:02:54","date_gmt":"2023-03-16T12:02:54","guid":{"rendered":"https:\/\/catolicanet.net\/wp-cnet\/?p=80073"},"modified":"2023-03-16T14:05:39","modified_gmt":"2023-03-16T17:05:39","slug":"o-papa-a-cultura-do-encontro-constroi-pontes-derruba-os-muros-que-dividem-as-pessoas","status":"publish","type":"post","link":"https:\/\/catolicanet.net\/wp-cnet\/o-papa-a-cultura-do-encontro-constroi-pontes-derruba-os-muros-que-dividem-as-pessoas\/","title":{"rendered":"O Papa: a cultura do encontro constr\u00f3i pontes, derruba os muros que dividem as pessoas"},"content":{"rendered":"<p>O Papa Francisco com a delega\u00e7\u00e3o da Associa\u00e7\u00e3o Unida do Budismo Humanista de Taiwan<\/p>\n<div class=\"article__subTitle\" style=\"text-align: justify;\">Francisco recebeu, no Vaticano, uma delega\u00e7\u00e3o de monges budistas de Taiwan que est\u00e1 fazendo &#8220;uma peregrina\u00e7\u00e3o educativa inter-religiosa&#8221; que &#8220;pode ser fonte de grande enriquecimento, oferecendo v\u00e1rias oportunidades de encontro, aprendizagem rec\u00edproca e valoriza\u00e7\u00e3o das nossas diversas experi\u00eancias&#8221;. O Papa destacou que &#8220;as religi\u00f5es sempre tiveram uma rela\u00e7\u00e3o estreita com a educa\u00e7\u00e3o&#8221;.<\/div>\n<div class=\"title__separator\" style=\"text-align: justify;\"><\/div>\n<div class=\"article__text\">\n<p style=\"text-align: justify;\"><b>Mariangela Jaguraba &#8211; Vatican News<\/b><\/p>\n<p style=\"text-align: justify;\">O Papa Francisco recebeu em audi\u00eancia, nesta quinta-feira (16\/03), na Sala Clementina, no Vaticano, uma delega\u00e7\u00e3o de monges budistas de Taiwan, representante da Associa\u00e7\u00e3o Unida do Budismo Humanista.<\/p>\n<div style=\"text-align: justify;\">\n<div class=\"article__embed article__embed--unwrap article__embed--dark\">\n<div class=\"article__innerTitle\">Ou\u00e7a e compartilhe<\/div>\n<div>\n<!--[if lt IE 9]><script>document.createElement('audio');<\/script><![endif]-->\n<audio class=\"wp-audio-shortcode\" id=\"audio-80073-1\" preload=\"none\" style=\"width: 100%;\" controls=\"controls\"><source type=\"audio\/mpeg\" src=\"https:\/\/media.vaticannews.va\/media\/audio\/s1\/2023\/03\/16\/14\/136981137_F136981137.mp3?_=1\" \/><a href=\"https:\/\/media.vaticannews.va\/media\/audio\/s1\/2023\/03\/16\/14\/136981137_F136981137.mp3\">https:\/\/media.vaticannews.va\/media\/audio\/s1\/2023\/03\/16\/14\/136981137_F136981137.mp3<\/a><\/audio>\n<\/div>\n<\/div>\n<\/div>\n<p style=\"text-align: justify;\">Em seu discurso, o Pont\u00edfice lembrou o Vener\u00e1vel Mestre Hsing Yun, patriarca fundador do Mosteiro Fo Guang Shan, falecido em fevereiro passado, conhecido mundialmente por sua contribui\u00e7\u00e3o ao Budismo Humanista. Ele tamb\u00e9m foi um mestre da hospitalidade inter-religiosa.<\/p>\n<h2 style=\"text-align: justify;\">Promover\u00a0a cultura do encontro<\/h2>\n<p style=\"text-align: justify;\">Esta visita, &#8220;definida por voc\u00eas como uma peregrina\u00e7\u00e3o educativa, \u00e9 uma oportunidade privilegiada para promover\u00a0<i>a cultura do encontro<\/i>, na qual corremos o risco de nos abrir aos outros, esperando descobrir neles amigos, irm\u00e3os e irm\u00e3s, e desta forma aprendemos e descobrimos mais sobre n\u00f3s mesmos. De fato, ao vivenciarmos os outros em sua diversidade, somos encorajados a sair de n\u00f3s mesmos e a aceitar e abra\u00e7ar nossas diferen\u00e7as&#8221;.<\/p>\n<p style=\"text-align: justify;\"><i>Uma peregrina\u00e7\u00e3o educativa inter-religiosa pode ser fonte de grande enriquecimento, oferecendo v\u00e1rias oportunidades de encontro, aprendizagem rec\u00edproca e valoriza\u00e7\u00e3o das nossas diversas experi\u00eancias.<\/i><\/p>\n<div style=\"text-align: justify;\">\n<div class=\"article__embed article__embed--border embed_style\">\n<blockquote><p>\u201cA cultura do encontro constr\u00f3i pontes e abre janelas para os valores e princ\u00edpios sagrados que inspiram os outros. Derruba os muros que dividem as pessoas e as mant\u00eam prisioneiras do preconceito, da exclus\u00e3o ou da indiferen\u00e7a.\u201d<\/p><\/blockquote>\n<\/div>\n<\/div>\n<p style=\"text-align: justify;\">&#8220;Uma peregrina\u00e7\u00e3o educacional aos lugares sagrados de uma religi\u00e3o \u2013 como a que voc\u00eas est\u00e3o fazendo \u2013 pode tamb\u00e9m enriquecer o nosso apre\u00e7o pela peculiaridade de sua abordagem ao divino&#8221;, disse o Papa, ressaltando que &#8220;as obras de arte sacra no Vaticano e em toda a Roma refletem a convic\u00e7\u00e3o de que, em Jesus Cristo, o pr\u00f3prio Deus se fez &#8220;peregrino&#8221; neste mundo por amor \u00e0 nossa fam\u00edlia humana&#8221;. &#8220;Para os crist\u00e3os, Deus que se fez um de n\u00f3s na humanidade de Jesus continua nos conduzindo numa peregrina\u00e7\u00e3o de santidade, gra\u00e7as \u00e0 qual recuperamos e crescemos na nossa semelhan\u00e7a a Ele e assim nos tornamos, nas palavras de S\u00e3o Pedro, \u00abparticipantes da natureza divina\u00bb&#8221;, disse ainda Francisco.<\/p>\n<h2 style=\"text-align: justify;\">O\u00e1sis de encontro necess\u00e1rios no nosso tempo<\/h2>\n<p style=\"text-align: justify;\">A seguir, o Pont\u00edfice disse que &#8220;ao longo da hist\u00f3ria, os fi\u00e9is criaram templos e espa\u00e7os sagrados como o\u00e1sis de encontro, onde homens e mulheres podem encontrar a inspira\u00e7\u00e3o necess\u00e1ria para viver bem e com sabedoria. Desta forma, contribuem para uma educa\u00e7\u00e3o integral da pessoa humana, envolvendo \u201ca cabe\u00e7a, as m\u00e3os, o cora\u00e7\u00e3o e a alma\u201d e levando-a assim a experimentar \u201ca harmonia da integridade humana, ou seja, toda a beleza desta harmonia\u201d&#8221;.<\/p>\n<p style=\"text-align: justify;\"><i>Tais o\u00e1sis de encontro s\u00e3o ainda mais necess\u00e1rios no nosso tempo, em que \u00aba acelera\u00e7\u00e3o cont\u00ednua das mudan\u00e7as na humanidade e no planeta se une hoje \u00e0 intensifica\u00e7\u00e3o dos ritmos da vida e do trabalho\u00bb. Esta realidade se repercute tamb\u00e9m na vida e na cultura religiosa e exige uma adequada forma\u00e7\u00e3o e educa\u00e7\u00e3o dos jovens para a verdade sem tempo e a m\u00e9todos comprovados de ora\u00e7\u00e3o e constru\u00e7\u00e3o da paz. Aqui \u00e9 importante notar mais uma vez que\u00a0<\/i>\u00ab<i>as religi\u00f5es sempre tiveram uma rela\u00e7\u00e3o estreita com a educa\u00e7\u00e3o, acompanhando as atividades religiosas com as educacionais, escolares e acad\u00eamicas. Como no passado, tamb\u00e9m hoje, com a sabedoria e a humanidade de nossas tradi\u00e7\u00f5es religiosas, queremos ser est\u00edmulo para uma renovada a\u00e7\u00e3o educativa que fa\u00e7a crescer no mundo a fraternidade universal<\/i>\u00bb<i>&#8220;.<\/i><\/p>\n<p style=\"text-align: justify;\">Por fim, o Papa desejou que essa peregrina\u00e7\u00e3o educativa leve os monges budistas de Taiwan, &#8220;guiados pelo pensamento de seu mestre espiritual Buda, a um encontro mais profundo consigo mesmos e com os outros, com a tradi\u00e7\u00e3o crist\u00e3 e com a beleza da terra, que \u00e9 a nossa Casa comum. Que a sua visita a Roma seja repleta de momentos de encontro aut\u00eantico, que se tornem ocasi\u00f5es preciosas de crescimento no conhecimento, na sabedoria, no di\u00e1logo e na compreens\u00e3o&#8221;.<\/p>\n<\/div>\n","protected":false},"excerpt":{"rendered":"<p>O Papa Francisco com a delega\u00e7\u00e3o da Associa\u00e7\u00e3o Unida do Budismo Humanista de Taiwan Francisco recebeu, no Vaticano, uma delega\u00e7\u00e3o de monges budistas de Taiwan que est\u00e1 fazendo &#8220;uma peregrina\u00e7\u00e3o educativa inter-religiosa&#8221; que &#8220;pode ser fonte de grande enriquecimento, oferecendo v\u00e1rias oportunidades de encontro, aprendizagem rec\u00edproca e valoriza\u00e7\u00e3o das nossas diversas experi\u00eancias&#8221;. O Papa destacou [&hellip;]<\/p>\n","protected":false},"author":1,"featured_media":80074,"comment_status":"open","ping_status":"closed","sticky":false,"template":"","format":"standard","meta":{"footnotes":""},"categories":[13,3],"tags":[],"class_list":["post-80073","post","type-post","status-publish","format-standard","has-post-thumbnail","hentry","category-featured","category-vaticano"],"_links":{"self":[{"href":"https:\/\/catolicanet.net\/wp-cnet\/wp-json\/wp\/v2\/posts\/80073","targetHints":{"allow":["GET"]}}],"collection":[{"href":"https:\/\/catolicanet.net\/wp-cnet\/wp-json\/wp\/v2\/posts"}],"about":[{"href":"https:\/\/catolicanet.net\/wp-cnet\/wp-json\/wp\/v2\/types\/post"}],"author":[{"embeddable":true,"href":"https:\/\/catolicanet.net\/wp-cnet\/wp-json\/wp\/v2\/users\/1"}],"replies":[{"embeddable":true,"href":"https:\/\/catolicanet.net\/wp-cnet\/wp-json\/wp\/v2\/comments?post=80073"}],"version-history":[{"count":1,"href":"https:\/\/catolicanet.net\/wp-cnet\/wp-json\/wp\/v2\/posts\/80073\/revisions"}],"predecessor-version":[{"id":80075,"href":"https:\/\/catolicanet.net\/wp-cnet\/wp-json\/wp\/v2\/posts\/80073\/revisions\/80075"}],"wp:featuredmedia":[{"embeddable":true,"href":"https:\/\/catolicanet.net\/wp-cnet\/wp-json\/wp\/v2\/media\/80074"}],"wp:attachment":[{"href":"https:\/\/catolicanet.net\/wp-cnet\/wp-json\/wp\/v2\/media?parent=80073"}],"wp:term":[{"taxonomy":"category","embeddable":true,"href":"https:\/\/catolicanet.net\/wp-cnet\/wp-json\/wp\/v2\/categories?post=80073"},{"taxonomy":"post_tag","embeddable":true,"href":"https:\/\/catolicanet.net\/wp-cnet\/wp-json\/wp\/v2\/tags?post=80073"}],"curies":[{"name":"wp","href":"https:\/\/api.w.org\/{rel}","templated":true}]}}