{"id":80028,"date":"2023-03-15T09:31:35","date_gmt":"2023-03-15T12:31:35","guid":{"rendered":"https:\/\/catolicanet.net\/wp-cnet\/?p=80028"},"modified":"2023-03-15T14:32:32","modified_gmt":"2023-03-15T17:32:32","slug":"iam-divulga-ganhadores-do-concurso-de-desenhos","status":"publish","type":"post","link":"https:\/\/catolicanet.net\/wp-cnet\/iam-divulga-ganhadores-do-concurso-de-desenhos\/","title":{"rendered":"IAM DIVULGA GANHADORES DO CONCURSO DE DESENHOS"},"content":{"rendered":"<p style=\"text-align: justify;\">Neste s\u00e1bado, 11 de mar\u00e7o, foram revelados os vencedores do Concurso de Desenhos da Inf\u00e2ncia e Adolesc\u00eancia Mission\u00e1ria \u2013 IAM. A\u00a0live\u00a0apresentada por Ir. Antonia Vania de Sousa, secret\u00e1ria da IAM, apresentou os desenhos escolhidos na etapa nacional ser\u00e3o enviados para a Secretaria Internacional da IAM, em Roma. Participam desta atividade crian\u00e7as e adolescentes da IAM de todo o mundo.<\/p>\n<p style=\"text-align: justify;\">O objetivo do concurso \u00e9 celebrar os 100 anos em que o Papa Pio XI concedeu \u00e0 Obra um car\u00e1ter Pontif\u00edcio. A atividades buscou motivar as crian\u00e7as e adolescentes da IAM a usarem da arte para comemorar essa bonita hist\u00f3ria. A frase motivadora para a cria\u00e7\u00e3o dos desenhos foi \u201cEst\u00e1 fazendo 100 anos que a IAM \u00e9 uma obra do Papa. O que isso significa para mim?\u201d.<\/p>\n<p style=\"text-align: justify;\"><strong><a title=\"\" href=\"https:\/\/www.pom.org.br\/wp-content\/uploads\/2023\/03\/04-scaled.jpg\" target=\"_blank\" rel=\"noopener\" data-rel=\"lightbox-image-0\" data-rl_title=\"\" data-rl_caption=\"\"><img loading=\"lazy\" decoding=\"async\" class=\"alignright wp-image-25792\" src=\"https:\/\/www.pom.org.br\/wp-content\/uploads\/2023\/03\/04-300x200.jpg\" sizes=\"auto, (max-width: 350px) 100vw, 350px\" srcset=\"https:\/\/www.pom.org.br\/wp-content\/uploads\/2023\/03\/04-300x200.jpg 300w, https:\/\/www.pom.org.br\/wp-content\/uploads\/2023\/03\/04-1024x683.jpg 1024w, https:\/\/www.pom.org.br\/wp-content\/uploads\/2023\/03\/04-768x512.jpg 768w, https:\/\/www.pom.org.br\/wp-content\/uploads\/2023\/03\/04-1536x1024.jpg 1536w, https:\/\/www.pom.org.br\/wp-content\/uploads\/2023\/03\/04-2048x1365.jpg 2048w\" alt=\"\" width=\"350\" height=\"233\" \/><\/a>Comiss\u00e3o julgadora avaliou desenhos<\/strong><br \/>\nNo dia 8 de mar\u00e7o, uma comiss\u00e3o julgadora pode avaliar os desenhos enviados pelas dioceses e escolher os que melhor retrataram o tema proposto pelo concurso. Participaram da comiss\u00e3o: Pe. Genilson Sousa, secret\u00e1rio da Pontif\u00edcia Obra da Propaga\u00e7\u00e3o da F\u00e9, Wesley T. Gomes, criador dos mascotes da IAM, Ant\u00f4nia Resende, administradora das POM, e Jana\u00edna Menezes de Almeida, Professora de Arte na ABEC \u2013 Marista.<\/p>\n<p style=\"text-align: justify;\">Realizado em tr\u00eas etapas (paroquial, diocesana e nacional), o concurso pode envolver crian\u00e7as e adolescentes divididos por faixas et\u00e1rias, a fim de que se possa avaliar os desenhos de acordo com as possibilidades de desenvolvimento das idades. Os participantes foram agrupados por idades de 4 a 6 anos, 7 a 11 anos e 12 a 16 anos.<\/p>\n<p style=\"text-align: justify;\">Participaram do concurso as dioceses de Iguatu (CE), Caxias (MA), Palmas e Francisco Beltr\u00e3o (PR), S\u00e3o Jo\u00e3o da Boa Vista (SP), Rio do Sul (SC), Jundia\u00ed (SP), Jacarezinho (PR), Teresina (PI), S\u00e3o Raimundo Nonato (PI), Guarulhos (SP), Mar\u00edlia (SP), Franca (SP), Rio Branco (AC), Belo Horizonte (MG), Para\u00edba (PB), Salvador (BA), Colatina (ES), Humait\u00e1 (AM), Presidente Prudente (SP), Aracaj\u00fa (SE), Campinas (SP), Cajazeiras (PB), Limeira (SP), Caic\u00f3 (RN), Santos (SP), Almenara (SP), Porto Velho (RO), Niter\u00f3i (RJ), Bragan\u00e7a (PA), Joa\u00e7aba (SC), Lages (SC), Joinville (SC), Bragan\u00e7a Paulista (SP), Londrina (PR), Barra do Gar\u00e7as (MT), Parintins (AM), Sinop (MT) e Rondon\u00f3polis-Guiratinga (MT).<\/p>\n<p style=\"text-align: justify;\"><strong>Conhe\u00e7a os vencedores:<\/strong><\/p>\n<figure id=\"attachment_25827\" class=\"wp-caption alignleft\" style=\"text-align: justify;\" aria-describedby=\"caption-attachment-25827\"><a title=\"\" href=\"https:\/\/www.pom.org.br\/wp-content\/uploads\/2023\/03\/IMG-20230315-WA0002.jpg\" target=\"_blank\" rel=\"noopener\" data-rel=\"lightbox-image-1\" data-rl_title=\"\" data-rl_caption=\"\"><img loading=\"lazy\" decoding=\"async\" class=\"wp-image-25827\" src=\"https:\/\/www.pom.org.br\/wp-content\/uploads\/2023\/03\/IMG-20230315-WA0002-224x300.jpg\" sizes=\"auto, (max-width: 250px) 100vw, 250px\" srcset=\"https:\/\/www.pom.org.br\/wp-content\/uploads\/2023\/03\/IMG-20230315-WA0002-224x300.jpg 224w, https:\/\/www.pom.org.br\/wp-content\/uploads\/2023\/03\/IMG-20230315-WA0002-766x1024.jpg 766w, https:\/\/www.pom.org.br\/wp-content\/uploads\/2023\/03\/IMG-20230315-WA0002-768x1027.jpg 768w, https:\/\/www.pom.org.br\/wp-content\/uploads\/2023\/03\/IMG-20230315-WA0002-1149x1536.jpg 1149w, https:\/\/www.pom.org.br\/wp-content\/uploads\/2023\/03\/IMG-20230315-WA0002.jpg 1197w\" alt=\"\" width=\"250\" height=\"334\" \/><\/a><figcaption id=\"caption-attachment-25827\" class=\"wp-caption-text\">Iris Xavier de Miranda, 5 anos<\/figcaption><\/figure>\n<p style=\"text-align: justify;\"><strong>Iris Xavier Freitas de Miranda, 5 anos<\/strong><br \/>\nDiocese: S\u00e3o Jo\u00e3o da Boa Vista \u2013 S\u00e3o Paulo<br \/>\n\u201cEu estou muito feliz por meu desenho ser escolhido, representar o Brasil e ser enviado at\u00e9 o Papa. \u00c9 uma alegria para o meu cora\u00e7\u00e3o\u201d. Em seu desenho, Iris buscou representar a alian\u00e7a da IAM com Deus atrav\u00e9s do Arco-\u00edris, os 100 anos da IAM, o ter\u00e7o, representando a ora\u00e7\u00e3o das crian\u00e7as para crian\u00e7as, a l\u00e2mpada como s\u00edmbolo de onde nasceu a IAM, o mapa, presentando a abrang\u00eancia da IAM nos 5 continentes atrav\u00e9s das 5 cores, a pomba como a mensagem da palavra de Deus, o megafone sendo o an\u00fancio e a evangeliza\u00e7\u00e3o, o cofre como s\u00edmbolo das crian\u00e7as ajudando as crian\u00e7as e a Igreja como a casa do administrador de todo o projeto da IAM.<\/p>\n<figure id=\"attachment_25780\" class=\"wp-caption alignright\" style=\"text-align: justify;\" aria-describedby=\"caption-attachment-25780\"><a title=\"\" href=\"https:\/\/www.pom.org.br\/wp-content\/uploads\/2023\/03\/IMG-20230313-WA0058.jpg\" target=\"_blank\" rel=\"noopener\" data-rel=\"lightbox-image-2\" data-rl_title=\"\" data-rl_caption=\"\"><img loading=\"lazy\" decoding=\"async\" class=\"wp-image-25780\" src=\"https:\/\/www.pom.org.br\/wp-content\/uploads\/2023\/03\/IMG-20230313-WA0058-300x216.jpg\" sizes=\"auto, (max-width: 350px) 100vw, 350px\" srcset=\"https:\/\/www.pom.org.br\/wp-content\/uploads\/2023\/03\/IMG-20230313-WA0058-300x216.jpg 300w, https:\/\/www.pom.org.br\/wp-content\/uploads\/2023\/03\/IMG-20230313-WA0058-1024x739.jpg 1024w, https:\/\/www.pom.org.br\/wp-content\/uploads\/2023\/03\/IMG-20230313-WA0058-768x554.jpg 768w, https:\/\/www.pom.org.br\/wp-content\/uploads\/2023\/03\/IMG-20230313-WA0058.jpg 1460w\" alt=\"\" width=\"350\" height=\"252\" \/><\/a><figcaption id=\"caption-attachment-25780\" class=\"wp-caption-text\">Alicia Maria Pires Costa, 11 anos, e sua fam\u00edlia<\/figcaption><\/figure>\n<p style=\"text-align: justify;\"><strong>Alicia Maria Pires Costa, 11 anos<\/strong><br \/>\nArquidiocese de Teresina (PI)<br \/>\n\u201cEu, sinceramente, n\u00e3o tinha inten\u00e7\u00e3o, em ganhar, mas eu participei e ganhei, e estou muito feliz. Mas o que importa \u00e9 a participa\u00e7\u00e3o de todos. Eu fiquei maravilhada e muito feliz, por tantas etapas que passei e finalmente cheguei \u00e0 final para representar o Brasil. O meu sonho se realizou, meu desenho ser\u00e1 apresentado ao Papa Francisco. Agrade\u00e7o pelo incentivo de minha m\u00e3e e a Jesus Cristo por ter indo t\u00e3o longe.\u201d Em seu desenho, Alicia representou as crian\u00e7as evangelizando outras crian\u00e7as, n\u00e3o importando sua religi\u00e3o, a igreja que frequenta, a cor da pele, influenciadas pelo Papa Francisco na miss\u00e3o de evangelizar a todos. Representou o Papa Francisco com a Igreja.<\/p>\n<figure id=\"attachment_25781\" class=\"wp-caption alignleft\" style=\"text-align: justify;\" aria-describedby=\"caption-attachment-25781\"><a title=\"\" href=\"https:\/\/www.pom.org.br\/wp-content\/uploads\/2023\/03\/IMG_8426.jpg\" target=\"_blank\" rel=\"noopener\" data-rel=\"lightbox-image-3\" data-rl_title=\"\" data-rl_caption=\"\"><img loading=\"lazy\" decoding=\"async\" class=\"wp-image-25781\" src=\"https:\/\/www.pom.org.br\/wp-content\/uploads\/2023\/03\/IMG_8426-210x300.jpg\" sizes=\"auto, (max-width: 250px) 100vw, 250px\" srcset=\"https:\/\/www.pom.org.br\/wp-content\/uploads\/2023\/03\/IMG_8426-210x300.jpg 210w, https:\/\/www.pom.org.br\/wp-content\/uploads\/2023\/03\/IMG_8426-716x1024.jpg 716w, https:\/\/www.pom.org.br\/wp-content\/uploads\/2023\/03\/IMG_8426-768x1099.jpg 768w, https:\/\/www.pom.org.br\/wp-content\/uploads\/2023\/03\/IMG_8426-1073x1536.jpg 1073w, https:\/\/www.pom.org.br\/wp-content\/uploads\/2023\/03\/IMG_8426-1431x2048.jpg 1431w, https:\/\/www.pom.org.br\/wp-content\/uploads\/2023\/03\/IMG_8426.jpg 1520w\" alt=\"\" width=\"240\" height=\"344\" \/><\/a><figcaption id=\"caption-attachment-25781\" class=\"wp-caption-text\">Thiago Vasconcelos, 15 anos<\/figcaption><\/figure>\n<p style=\"text-align: justify;\"><strong>Thiago Rangel Ara\u00fajo Vasconcelos, 15 anos<\/strong><br \/>\nDiocese de Santos (SP)<br \/>\n\u201cA palavra que descreve esse momento \u00e9 gratid\u00e3o! Primeiramente a Deus, gratid\u00e3o a minha fam\u00edlia e gratid\u00e3o tamb\u00e9m a minha assessora por ter me incentivado a participar desse concurso. Estou me sentindo muito, mas muito feliz! Mas n\u00e3o h\u00e1 palavras para descrever esse momento de tantas emo\u00e7\u00f5es. Na hora da live eu estava muito nervoso e com um misto de emo\u00e7\u00f5es. E Na hora que foi divulgado o resultado eu fiquei muito feliz por ter conseguido levar o nome da minha par\u00f3quia e da minha diocese para um concurso nacional da IAM! E ainda n\u00e3o caiu minha ficha que o meu desenho ir\u00e1 chegar ao Papa Francisco\u2026 E de todas as crian\u00e7as e adolescentes do mundo, sempre amigos.\u201d<\/p>\n<pre><a href=\"https:\/\/www.pom.org.br\/iam-divulga-ganhadores-do-concurso-de-desenhos\/\" target=\"_blank\" rel=\"noopener\"><strong><em>Com informa\u00e7\u00f5es das POM<\/em><\/strong><\/a><\/pre>\n","protected":false},"excerpt":{"rendered":"<p>Neste s\u00e1bado, 11 de mar\u00e7o, foram revelados os vencedores do Concurso de Desenhos da Inf\u00e2ncia e Adolesc\u00eancia Mission\u00e1ria \u2013 IAM. A\u00a0live\u00a0apresentada por Ir. Antonia Vania de Sousa, secret\u00e1ria da IAM, apresentou os desenhos escolhidos na etapa nacional ser\u00e3o enviados para a Secretaria Internacional da IAM, em Roma. Participam desta atividade crian\u00e7as e adolescentes da IAM [&hellip;]<\/p>\n","protected":false},"author":1,"featured_media":80029,"comment_status":"open","ping_status":"closed","sticky":false,"template":"","format":"standard","meta":{"footnotes":""},"categories":[7,13],"tags":[],"class_list":["post-80028","post","type-post","status-publish","format-standard","has-post-thumbnail","hentry","category-cnbb","category-featured"],"_links":{"self":[{"href":"https:\/\/catolicanet.net\/wp-cnet\/wp-json\/wp\/v2\/posts\/80028","targetHints":{"allow":["GET"]}}],"collection":[{"href":"https:\/\/catolicanet.net\/wp-cnet\/wp-json\/wp\/v2\/posts"}],"about":[{"href":"https:\/\/catolicanet.net\/wp-cnet\/wp-json\/wp\/v2\/types\/post"}],"author":[{"embeddable":true,"href":"https:\/\/catolicanet.net\/wp-cnet\/wp-json\/wp\/v2\/users\/1"}],"replies":[{"embeddable":true,"href":"https:\/\/catolicanet.net\/wp-cnet\/wp-json\/wp\/v2\/comments?post=80028"}],"version-history":[{"count":1,"href":"https:\/\/catolicanet.net\/wp-cnet\/wp-json\/wp\/v2\/posts\/80028\/revisions"}],"predecessor-version":[{"id":80030,"href":"https:\/\/catolicanet.net\/wp-cnet\/wp-json\/wp\/v2\/posts\/80028\/revisions\/80030"}],"wp:featuredmedia":[{"embeddable":true,"href":"https:\/\/catolicanet.net\/wp-cnet\/wp-json\/wp\/v2\/media\/80029"}],"wp:attachment":[{"href":"https:\/\/catolicanet.net\/wp-cnet\/wp-json\/wp\/v2\/media?parent=80028"}],"wp:term":[{"taxonomy":"category","embeddable":true,"href":"https:\/\/catolicanet.net\/wp-cnet\/wp-json\/wp\/v2\/categories?post=80028"},{"taxonomy":"post_tag","embeddable":true,"href":"https:\/\/catolicanet.net\/wp-cnet\/wp-json\/wp\/v2\/tags?post=80028"}],"curies":[{"name":"wp","href":"https:\/\/api.w.org\/{rel}","templated":true}]}}