{"id":80024,"date":"2023-03-15T09:29:06","date_gmt":"2023-03-15T12:29:06","guid":{"rendered":"https:\/\/catolicanet.net\/wp-cnet\/?p=80024"},"modified":"2023-03-15T14:30:07","modified_gmt":"2023-03-15T17:30:07","slug":"vaticano-papa-francisco-recebe-barco-de-sao-pedro","status":"publish","type":"post","link":"https:\/\/catolicanet.net\/wp-cnet\/vaticano-papa-francisco-recebe-barco-de-sao-pedro\/","title":{"rendered":"Vaticano: Papa Francisco recebe &#8220;barco de S\u00e3o Pedro&#8221;"},"content":{"rendered":"<figure class=\"article__image\"><span class=\"didascalia_img\">Apresenta\u00e7\u00e3o da &#8220;Barca de S\u00e3o Pedro&#8221;\u00a0 (Vatican Media)<\/span><\/figure>\n<div class=\"article__meta \" data-mediatype=\"\">\n<div class=\"article__subTitle\" style=\"text-align: justify;\">Pouco antes de entrar na Pra\u00e7a de S\u00e3o Pedro, Francisco recebeu de presente um barco \u2014 chamado &#8220;barco de Pedro&#8221; \u2014 que segue fielmente em tamanho aquele encontrado em 1986 nas profundezas do &#8220;Mar de Galil\u00e9ia&#8221;<\/div>\n<div class=\"title__separator\" style=\"text-align: justify;\"><\/div>\n<div class=\"article__text\">\n<p style=\"text-align: justify;\">Vatican News<\/p>\n<p style=\"text-align: justify;\">A Igreja Cat\u00f3lica \u00e9 tamb\u00e9m conhecida como a &#8220;Barca de Pedro&#8221;, considerando que quem a guia e est\u00e1 a frente para orientar seus rumos \u00e9 o ap\u00f3stolo escolhido por Jesus como seu representante. E nesta manh\u00e3, antes da Audi\u00eancia Geral com as esperadas catequeses do Papa Francisco, o pontifice foi surpreendido com um presente: uma r\u00e9plica de uma barca encontrada em 1986 nas profundezas do Mar da Galil\u00e9ia.<\/p>\n<div style=\"text-align: justify;\">\n<div class=\"article__embed article__embed--unwrap article__embed--photo\">\n<figure><picture><img decoding=\"async\" class=\"loaded\" src=\"https:\/\/www.vaticannews.va\/content\/dam\/vaticannews\/agenzie\/images\/srv\/2023\/03\/15\/2023-03-15-presentazione-della--barca-di-san-pietro-\/1678869931258.JPG\/_jcr_content\/renditions\/cq5dam.thumbnail.cropped.750.422.jpeg\" alt=\"Papa Francisco agradece a r\u00e9plica da embarca\u00e7\u00e3o recebida\" data-original=\"\/content\/dam\/vaticannews\/agenzie\/images\/srv\/2023\/03\/15\/2023-03-15-presentazione-della--barca-di-san-pietro-\/1678869931258.JPG\/_jcr_content\/renditions\/cq5dam.thumbnail.cropped.750.422.jpeg\" data-was-processed=\"true\" \/><\/picture><\/figure>\n<div class=\"photo_embed--Title\">Papa Francisco agradece a r\u00e9plica da embarca\u00e7\u00e3o recebida<\/div>\n<\/div>\n<\/div>\n<p style=\"text-align: justify;\">Estudos arqueol\u00f3gicos de data\u00e7\u00e3o por carbono 14, al\u00e9m de algumas moedas recuperadas no local levaram os especialistas a concluir que a descoberta datava do primeiro s\u00e9culo a.C. O barco, na \u00e9poca, foi apelidado de &#8220;Barco de Jesus&#8221;, mesmo sendo claramente imposs\u00edvel afirmar que o mesmo tenha sido utilizado por ele ou por algum de seus ap\u00f3stolos. Atualmente o achado est\u00e1 em exposi\u00e7\u00e3o no Museu Ygal Allon de Ginosar, em Israel. Assim como o que o Papa recebeu, o barco encontrado na regi\u00e3o galil\u00e9ia media cerca de 8\u00a0metros de comprimento e 2,3 metros de largura.<\/p>\n<p style=\"text-align: justify;\">A embarca\u00e7\u00e3o est\u00e1 situada no exterior da Sala Paulo VI, onde \u00e9 poss\u00edvel verificar que a sua reprodu\u00e7\u00e3o foi realizada inteiramente \u00e0 m\u00e3o com a t\u00e9cnica de &#8220;madeira articulada&#8221;. Quem o realizou foram os armadores do Antico Cantiere del Legno Aprea, por iniciativa da empresa Navega\u00e7\u00e3o livre do Golfo (Navigazione libera del Golfo) da fam\u00edlia Aponte e em colabora\u00e7\u00e3o com o Instituto Diplom\u00e1tico Internacional.<\/p>\n<\/div>\n<\/div>\n","protected":false},"excerpt":{"rendered":"<p>Apresenta\u00e7\u00e3o da &#8220;Barca de S\u00e3o Pedro&#8221;\u00a0 (Vatican Media) Pouco antes de entrar na Pra\u00e7a de S\u00e3o Pedro, Francisco recebeu de presente um barco \u2014 chamado &#8220;barco de Pedro&#8221; \u2014 que segue fielmente em tamanho aquele encontrado em 1986 nas profundezas do &#8220;Mar de Galil\u00e9ia&#8221; Vatican News A Igreja Cat\u00f3lica \u00e9 tamb\u00e9m conhecida como a &#8220;Barca [&hellip;]<\/p>\n","protected":false},"author":1,"featured_media":80025,"comment_status":"open","ping_status":"closed","sticky":false,"template":"","format":"standard","meta":{"footnotes":""},"categories":[3],"tags":[],"class_list":["post-80024","post","type-post","status-publish","format-standard","has-post-thumbnail","hentry","category-vaticano"],"_links":{"self":[{"href":"https:\/\/catolicanet.net\/wp-cnet\/wp-json\/wp\/v2\/posts\/80024","targetHints":{"allow":["GET"]}}],"collection":[{"href":"https:\/\/catolicanet.net\/wp-cnet\/wp-json\/wp\/v2\/posts"}],"about":[{"href":"https:\/\/catolicanet.net\/wp-cnet\/wp-json\/wp\/v2\/types\/post"}],"author":[{"embeddable":true,"href":"https:\/\/catolicanet.net\/wp-cnet\/wp-json\/wp\/v2\/users\/1"}],"replies":[{"embeddable":true,"href":"https:\/\/catolicanet.net\/wp-cnet\/wp-json\/wp\/v2\/comments?post=80024"}],"version-history":[{"count":1,"href":"https:\/\/catolicanet.net\/wp-cnet\/wp-json\/wp\/v2\/posts\/80024\/revisions"}],"predecessor-version":[{"id":80026,"href":"https:\/\/catolicanet.net\/wp-cnet\/wp-json\/wp\/v2\/posts\/80024\/revisions\/80026"}],"wp:featuredmedia":[{"embeddable":true,"href":"https:\/\/catolicanet.net\/wp-cnet\/wp-json\/wp\/v2\/media\/80025"}],"wp:attachment":[{"href":"https:\/\/catolicanet.net\/wp-cnet\/wp-json\/wp\/v2\/media?parent=80024"}],"wp:term":[{"taxonomy":"category","embeddable":true,"href":"https:\/\/catolicanet.net\/wp-cnet\/wp-json\/wp\/v2\/categories?post=80024"},{"taxonomy":"post_tag","embeddable":true,"href":"https:\/\/catolicanet.net\/wp-cnet\/wp-json\/wp\/v2\/tags?post=80024"}],"curies":[{"name":"wp","href":"https:\/\/api.w.org\/{rel}","templated":true}]}}