{"id":80020,"date":"2023-03-15T09:26:08","date_gmt":"2023-03-15T12:26:08","guid":{"rendered":"https:\/\/catolicanet.net\/wp-cnet\/?p=80020"},"modified":"2023-03-15T14:27:57","modified_gmt":"2023-03-15T17:27:57","slug":"papa-reza-pelas-vitimas-de-violento-ciclone-no-sul-da-africa","status":"publish","type":"post","link":"https:\/\/catolicanet.net\/wp-cnet\/papa-reza-pelas-vitimas-de-violento-ciclone-no-sul-da-africa\/","title":{"rendered":"Papa reza pelas v\u00edtimas de violento ciclone no sul da \u00c1frica"},"content":{"rendered":"<p style=\"text-align: justify;\">\u00a0 \u00a0 \u00a0 \u00a0O Ciclone Freddy ao atingir o Malaui, lembrado pelo Papa<\/p>\n<div class=\"article__subTitle\" style=\"text-align: justify;\">J\u00e1 chega a 200 o n\u00famero de pessoas mortas pelo ciclone Freddy, classificado pelos meteorologistas como o mais longo j\u00e1 registrado por estar em a\u00e7\u00e3o desde fevereiro. &#8220;Rezo pelos mortos, pelos feridos, pelos deslocados. Que o Senhor ampare as fam\u00edlias e as comunidades mais provadas por essa calamidade&#8221;, disse Francisco ao final da Audi\u00eancia Geral desta quarta-feira (15).<\/div>\n<div class=\"title__separator\" style=\"text-align: justify;\"><\/div>\n<div class=\"article__text\">\n<p style=\"text-align: justify;\"><b>Andressa Collet &#8211; Vatican News<\/b><\/p>\n<p style=\"text-align: justify;\">Na manh\u00e3 desta quarta-feira (15), o balan\u00e7o das v\u00edtimas do ciclone Freddy no sudeste da \u00c1frica j\u00e1 chegava a 200 pessoas mortas. Tanto o sul do Malaui como parte de Mo\u00e7ambique foram inundados pelas chuvas torrenciais e fortes ventos daquele que as autoridades definiram na segunda-feira (13) como um caminho incomum do ciclone.<\/p>\n<p style=\"text-align: justify;\">A cat\u00e1strofe foi lembrada pelo Papa Francisco ao final da Audi\u00eancia Geral desta quarta (15), quando demonstrou solidariedade e disse rezar por quem sofreu e continua enfrentando as consequ\u00eancias do violento ciclone que causou luto e destrui\u00e7\u00e3o:<\/p>\n<div style=\"text-align: justify;\">\n<div class=\"article__embed article__embed--border embed_style\">\n<blockquote><p>\u201cEstou pr\u00f3ximo das popula\u00e7\u00f5es do Malaui atingidas nos \u00faltimos dias por um ciclone muito forte. Rezo pelos mortos, pelos feridos, pelos deslocados. Que o Senhor ampare as fam\u00edlias e as comunidades mais provadas por essa calamidade.\u201d<\/p><\/blockquote>\n<\/div>\n<\/div>\n<p style=\"text-align: justify;\">De acordo com as autoridades de Mo\u00e7ambique, o n\u00famero de mortos \u00e9 20 e de feridos 24, enquanto para o Departamento de Gest\u00e3o de Desastres do Malaui (DoDMA), o n\u00famero de mortos \u00e9 190, o\u00a0de feridos 584 e o de desaparecidos 37. Essa \u00e9 uma verdadeira calamidade para v\u00e1rios departamentos do sul do pa\u00eds, incluindo o da capital econ\u00f4mica Blantyre, tanto que as autoridades declararam estado de cat\u00e1strofe.<\/p>\n<\/div>\n","protected":false},"excerpt":{"rendered":"<p>\u00a0 \u00a0 \u00a0 \u00a0O Ciclone Freddy ao atingir o Malaui, lembrado pelo Papa J\u00e1 chega a 200 o n\u00famero de pessoas mortas pelo ciclone Freddy, classificado pelos meteorologistas como o mais longo j\u00e1 registrado por estar em a\u00e7\u00e3o desde fevereiro. &#8220;Rezo pelos mortos, pelos feridos, pelos deslocados. Que o Senhor ampare as fam\u00edlias e as [&hellip;]<\/p>\n","protected":false},"author":1,"featured_media":80021,"comment_status":"open","ping_status":"closed","sticky":false,"template":"","format":"standard","meta":{"footnotes":""},"categories":[3],"tags":[],"class_list":["post-80020","post","type-post","status-publish","format-standard","has-post-thumbnail","hentry","category-vaticano"],"_links":{"self":[{"href":"https:\/\/catolicanet.net\/wp-cnet\/wp-json\/wp\/v2\/posts\/80020","targetHints":{"allow":["GET"]}}],"collection":[{"href":"https:\/\/catolicanet.net\/wp-cnet\/wp-json\/wp\/v2\/posts"}],"about":[{"href":"https:\/\/catolicanet.net\/wp-cnet\/wp-json\/wp\/v2\/types\/post"}],"author":[{"embeddable":true,"href":"https:\/\/catolicanet.net\/wp-cnet\/wp-json\/wp\/v2\/users\/1"}],"replies":[{"embeddable":true,"href":"https:\/\/catolicanet.net\/wp-cnet\/wp-json\/wp\/v2\/comments?post=80020"}],"version-history":[{"count":1,"href":"https:\/\/catolicanet.net\/wp-cnet\/wp-json\/wp\/v2\/posts\/80020\/revisions"}],"predecessor-version":[{"id":80022,"href":"https:\/\/catolicanet.net\/wp-cnet\/wp-json\/wp\/v2\/posts\/80020\/revisions\/80022"}],"wp:featuredmedia":[{"embeddable":true,"href":"https:\/\/catolicanet.net\/wp-cnet\/wp-json\/wp\/v2\/media\/80021"}],"wp:attachment":[{"href":"https:\/\/catolicanet.net\/wp-cnet\/wp-json\/wp\/v2\/media?parent=80020"}],"wp:term":[{"taxonomy":"category","embeddable":true,"href":"https:\/\/catolicanet.net\/wp-cnet\/wp-json\/wp\/v2\/categories?post=80020"},{"taxonomy":"post_tag","embeddable":true,"href":"https:\/\/catolicanet.net\/wp-cnet\/wp-json\/wp\/v2\/tags?post=80020"}],"curies":[{"name":"wp","href":"https:\/\/api.w.org\/{rel}","templated":true}]}}