{"id":80008,"date":"2023-03-14T13:08:59","date_gmt":"2023-03-14T16:08:59","guid":{"rendered":"https:\/\/catolicanet.net\/wp-cnet\/?p=80008"},"modified":"2023-03-14T13:08:59","modified_gmt":"2023-03-14T16:08:59","slug":"sao-jose-exemplo-de-ousadia","status":"publish","type":"post","link":"https:\/\/catolicanet.net\/wp-cnet\/sao-jose-exemplo-de-ousadia\/","title":{"rendered":"S\u00c3O JOS\u00c9, EXEMPLO DE OUSADIA"},"content":{"rendered":"<p style=\"text-align: justify;\">A ousadia \u00e9 uma virtude que impulsiona as pessoas que acreditam na for\u00e7a da vida. Ousadas s\u00e3o aquelas pessoas que n\u00e3o admitem viver como \u00e1gua estagnada e contaminada: vivem numa constante intranquilidade, sempre na busca do el\u00e3 vital que move e conduz o ser humano\u00a0 \u00e0 felicidade plena. Entendem que parar \u00e9 entrar em processo de decomposi\u00e7\u00e3o e estado vegetativo, \u00e9 viver na terra dos mortos vivos.<\/p>\n<p style=\"text-align: justify;\">O \u201centregar os pontos\u201d, \u00a0como se diz no ditado popular, nada mais \u00e9 que, viver dentro de um prazo de validade imagin\u00e1rio, diante da realidade do enfraquecimento da corporeidade. \u00c9 o inc\u00f4modo de conviver com os ais e <em>guais <\/em>das dores, o aumento das queixas e murmura\u00e7\u00f5es. Lembran\u00e7as nost\u00e1lgicas do passado, o angustiar-se diante das rugas e dos cabelos brancos, da calv\u00edcie&#8230; A depend\u00eancia dos \u00f3culos e dos implantes&#8230; Tudo contribui para um sentimento de des\u00e2nimo e o auto abandono. Tudo em conson\u00e2ncia, em letra e m\u00fasica, com a par\u00f3dia da can\u00e7\u00e3o: \u201cDeixa a morte me levar&#8230;. Leva eu&#8230;\u201d<\/p>\n<p style=\"text-align: justify;\">Contemplando a vida de S\u00e3o Jos\u00e9, percebemos o quanto as suas atitudes ousadas e corajosas o ajudaram a enfrentar os desafios da miss\u00e3o que lhe fora confiada. \u00a0A coragem de crer no apelo do anjo, em diferentes situa\u00e7\u00f5es na vida de Jesus e de Maria. A ousadia da fuga para o Egito, quando abandonou tudo para aventurar-se por terras estranhas. O retorno ap\u00f3s a morte de Herodes e o recome\u00e7o \u00a0\u00a0do cotidiano de sua vida. Ousadia \u00e9 ter a coragem de dizer \u201csim\u201d \u00a0ao Plano de Deus, em nome da salva\u00e7\u00e3o da humanidade.<\/p>\n<p style=\"text-align: justify;\">A obedi\u00eancia de Jos\u00e9 \u00e9 algo fascinante que conquista os cora\u00e7\u00f5es de todos os que passaram a conhec\u00ea-lo\u00a0 ao entrar em contato com\u00a0 sua vida e miss\u00e3o. Outro dado marcante de sua personalidade que nos encanta a todos \u00e9 o seu sil\u00eancio, que \u00a0ficou como uma marca registrada no mundo dos m\u00edsticos e dos sedentos pela santidade.<\/p>\n<p style=\"text-align: justify;\">O sil\u00eancio \u00e9 fruto da arte de saber escutar. \u00c9 a atitude de aten\u00e7\u00e3o e respeito \u00e0 voz de Deus, num mundo abarrotado de ru\u00eddos, que sufocam o cora\u00e7\u00e3o humano impedindo-o de respirar e de sentir o amor e a ternura divina. \u00c9 sentir-se tocado pela gra\u00e7a de ser amado e escolhido a fazer parte do projeto do Reino de Deus.<\/p>\n<p style=\"text-align: justify;\">Jos\u00e9 foi um cooperador na prodigiosa obra da salva\u00e7\u00e3o da humanidade. Seu jeito simples de ser, seu amor e respeito pelas Escrituras Sagradas, cativaram o cora\u00e7\u00e3o de Maria e de Jesus.<\/p>\n<p style=\"text-align: justify;\">A ousadia \u00e9 um dom que capacita os seres humanos a enfrentar a vida com f\u00e9 e coragem e a n\u00e3o esmorecer frente aos desafios e vicissitudes do cotidiano. \u00c9 uma arma poderosa dos que procuram alinhar a sua vontade e sonhos \u00e0 vontade de Deus. Jos\u00e9 com a sua pedagogia de artes\u00e3o, acompanhou resolutamente o adolescente e jovem Jesus de Nazar\u00e9, transmitindo-lhe os valores da dignidade humana e da santidade, e ajudando-o a forjar sua personalidade e car\u00e1ter.<\/p>\n<p style=\"text-align: justify;\">Jesus deixou-se impregnar pela m\u00edstica do \u201cjamais esmorecer, aconte\u00e7a o que acontecer\u201d de seu pai adotivo.\u00a0 A ordem era prosseguir sempre com os olhos voltados para o alto e os p\u00e9s postos a caminho. Com sua ousadia, S\u00e3o Jos\u00e9 continua a provocar seus escolhidos e admiradores. Uma vez conquistados por este Santo de Deus, aprendemos a jamais perder a ternura de viver, buscando sempre e em tudo cumprir a Vontade de Deus.<\/p>\n<p style=\"text-align: justify;\">S\u00e3o Jos\u00e9 n\u00e3o falha! Esse santo \u00e9 aclamado como o \u201cSanto dos Imposs\u00edveis!\u201d Sua atitude de perene sil\u00eancio \u00e9 um exemplo que continua arrastando milhares de devotos no mundo, como verdadeiros disc\u00edpulos e mission\u00e1rios de Jesus Cristo. Incont\u00e1veis s\u00e3o os fi\u00e9is e ardorosos devotos, defensores da vida, alicer\u00e7ados na espiritualidade de comunh\u00e3o que clamam:<\/p>\n<p style=\"text-align: justify;\"><em>Salve Jos\u00e9!, agraciado por Deus, o Senhor \u00e9 convosco. Bendito sois v\u00f3s \u00a0entre os homens, e bendito \u00e9 o fruto do vosso piedoso cora\u00e7\u00e3o, Jesus. S\u00e3o Jose, pai adotivo de Jesus, olhai e cuidai de n\u00f3s agora e na hora de nossa morte santa. Am\u00e9m.<\/em><\/p>\n<p style=\"text-align: justify;\">\n<p style=\"text-align: justify;\">Pe. Luiz Roberto Teixeira Di Lascio<\/p>\n<p style=\"text-align: justify;\">Arquidiocese de Campinas\u2013SP<\/p>\n","protected":false},"excerpt":{"rendered":"<p>A ousadia \u00e9 uma virtude que impulsiona as pessoas que acreditam na for\u00e7a da vida. Ousadas s\u00e3o aquelas pessoas que n\u00e3o admitem viver como \u00e1gua estagnada e contaminada: vivem numa constante intranquilidade, sempre na busca do el\u00e3 vital que move e conduz o ser humano\u00a0 \u00e0 felicidade plena. Entendem que parar \u00e9 entrar em processo [&hellip;]<\/p>\n","protected":false},"author":1,"featured_media":70151,"comment_status":"open","ping_status":"closed","sticky":false,"template":"","format":"standard","meta":{"footnotes":""},"categories":[4],"tags":[],"class_list":["post-80008","post","type-post","status-publish","format-standard","has-post-thumbnail","hentry","category-cotidiano"],"_links":{"self":[{"href":"https:\/\/catolicanet.net\/wp-cnet\/wp-json\/wp\/v2\/posts\/80008","targetHints":{"allow":["GET"]}}],"collection":[{"href":"https:\/\/catolicanet.net\/wp-cnet\/wp-json\/wp\/v2\/posts"}],"about":[{"href":"https:\/\/catolicanet.net\/wp-cnet\/wp-json\/wp\/v2\/types\/post"}],"author":[{"embeddable":true,"href":"https:\/\/catolicanet.net\/wp-cnet\/wp-json\/wp\/v2\/users\/1"}],"replies":[{"embeddable":true,"href":"https:\/\/catolicanet.net\/wp-cnet\/wp-json\/wp\/v2\/comments?post=80008"}],"version-history":[{"count":1,"href":"https:\/\/catolicanet.net\/wp-cnet\/wp-json\/wp\/v2\/posts\/80008\/revisions"}],"predecessor-version":[{"id":80009,"href":"https:\/\/catolicanet.net\/wp-cnet\/wp-json\/wp\/v2\/posts\/80008\/revisions\/80009"}],"wp:featuredmedia":[{"embeddable":true,"href":"https:\/\/catolicanet.net\/wp-cnet\/wp-json\/wp\/v2\/media\/70151"}],"wp:attachment":[{"href":"https:\/\/catolicanet.net\/wp-cnet\/wp-json\/wp\/v2\/media?parent=80008"}],"wp:term":[{"taxonomy":"category","embeddable":true,"href":"https:\/\/catolicanet.net\/wp-cnet\/wp-json\/wp\/v2\/categories?post=80008"},{"taxonomy":"post_tag","embeddable":true,"href":"https:\/\/catolicanet.net\/wp-cnet\/wp-json\/wp\/v2\/tags?post=80008"}],"curies":[{"name":"wp","href":"https:\/\/api.w.org\/{rel}","templated":true}]}}