{"id":79966,"date":"2023-03-14T12:35:09","date_gmt":"2023-03-14T15:35:09","guid":{"rendered":"https:\/\/catolicanet.net\/wp-cnet\/?p=79966"},"modified":"2023-03-14T12:35:09","modified_gmt":"2023-03-14T15:35:09","slug":"os-adolescentes-e-o-transtorno-mental","status":"publish","type":"post","link":"https:\/\/catolicanet.net\/wp-cnet\/os-adolescentes-e-o-transtorno-mental\/","title":{"rendered":"Os adolescentes e o transtorno mental"},"content":{"rendered":"<p style=\"text-align: justify;\">Os pais, respons\u00e1veis e amigos precisam ficar atentos \u00e0s mudan\u00e7as de comportamento dos adolescentes, e sempre que tiverem d\u00favidas devem procurar ajuda profissional de um especialista em sa\u00fade mental. \u201cA ideia de suic\u00eddio est\u00e1 fortemente associada aos\u00a0<strong>transtornos mentais<\/strong><strong>.<\/strong> Cerca de 90% das pessoas que tentam se suicidar t\u00eam um transtorno mental\u201d, afirma o Dr. Jos\u00e9 Gallucci Neto, m\u00e9dico psiquiatra e diretor da Unidade de ECT e v\u00eddeo EEG do Instituto de Psiquiatria do Hospital das Cl\u00ednicas da Faculdade de Medicina da Universidade de S\u00e3o Paulo-HCFMUSP.<\/p>\n<p style=\"text-align: justify;\">Quanto antes \u00e9 identificado um transtorno mental no adolescente, melhor \u00e9 a evolu\u00e7\u00e3o do tratamento e o progn\u00f3stico. Para isso, \u00e9 feito um plano para o problema que est\u00e1 gerando o risco de suic\u00eddio. \u201cPrimeiramente, diagnosticamos qual \u00e9 o transtorno e desenvolvemos um plano de tratamento espec\u00edfico para ele\u201d, explica o especialista. O diagn\u00f3stico do risco do suic\u00eddio \u00e9 feito durante a entrevista cl\u00ednica psiqui\u00e1trica e h\u00e1 t\u00e9cnicas espec\u00edficas para abordar essa quest\u00e3o.<\/p>\n<p style=\"text-align: justify;\">Os adolescentes s\u00e3o mais vulner\u00e1veis para desencadear transtornos mentais, pois eles est\u00e3o passando por uma fase de desenvolvimento, integra\u00e7\u00e3o entre os colegas e com o meio social. \u201cCerca de 70% dos transtornos mentais aparecem at\u00e9 os 20 anos de idade. Ou seja, boa parte das condi\u00e7\u00f5es mentais v\u00e3o aparecer durante o desenvolvimento para a vida adulta\u201d, conta Dr. Jos\u00e9 Gallucci.<\/p>\n<p style=\"text-align: justify;\">V\u00e1rios fatores est\u00e3o relacionados com os casos de transtorno mental entre os mais jovens: redu\u00e7\u00e3o da socializa\u00e7\u00e3o, aumento do uso das redes sociais e o bullying. \u201cA detec\u00e7\u00e3o da condi\u00e7\u00e3o entre os adolescentes pode n\u00e3o ser t\u00e3o f\u00e1cil, porque temos dificuldade de separar um sintoma de uma doen\u00e7a mental com o comportamento da adolesc\u00eancia. O melhor elemento para prestar aten\u00e7\u00e3o s\u00e3o os rendimentos: mudan\u00e7as dr\u00e1sticas de comportamento, perda de rendimento escolar, social e emocional\u201d, orienta Dr. Jos\u00e9 Gallucci.<\/p>\n<p style=\"text-align: justify;\">\u201cNa adolesc\u00eancia, o indiv\u00edduo est\u00e1 sofrendo in\u00fameras transforma\u00e7\u00f5es. Desde quest\u00f5es f\u00edsicas e hormonais, como altera\u00e7\u00f5es no corpo, a emocionais e socioculturais\u201d. \u201cA import\u00e2ncia da ajuda psicol\u00f3gica e psiqui\u00e1trica, ao surgirem sintomas de depress\u00e3o. \u201cOs pais precisam estar atentos para identificar se o adolescente precisa de aux\u00edlio e se precisa recorrer \u00e0 procura m\u00e9dica ou psicol\u00f3gica\u201d, explica a psic\u00f3loga especialista em sa\u00fade mental de crian\u00e7as e adolescentes, a Dra. Mariana Harumi.<\/p>\n<p style=\"text-align: justify;\">Lidar com os adolescentes, requer, muita aten\u00e7\u00e3o, escuta, amor, afetividade, conhecimento, aplicar a sabedoria com o esmero da assertividade e buscar ajuda de especialistas.<\/p>\n<p style=\"text-align: justify;\">As campanhas que acontecem em prol da sa\u00fade mental e na preven\u00e7\u00e3o do suic\u00eddio s\u00e3o importantes para alertar o p\u00fablico de que os transtornos mentais s\u00e3o prevalentes na sociedade e ajudam a reduzir o estigma entre a popula\u00e7\u00e3o. \u201cAs campanhas s\u00e3o muito importantes para reduzir o preconceito entre a sociedade. As informa\u00e7\u00f5es s\u00e3o relevantes para o conhecimento da sociedade em prol da posse de tratamento, via: a terapia e a farmacologia. Com o tratamento se adquire qualidade de vida, ou seja, sa\u00fade f\u00edsica, emocional e mental. Dentro desse contexto, a plenitude do sentido da vida. A dimens\u00e3o da felicidade e progressivas realiza\u00e7\u00f5es.<\/p>\n<p>Prof. Dr. In\u00e1cio Jos\u00e9 do Vale, Psicanalista Cl\u00ednico, PhD.<\/p>\n<p>Trabalha Clinicando na Comunidade de A\u00e7\u00e3o Pastoral &#8211; CAP<\/p>\n<p>Especialista em Psicologia Cl\u00ednica pela Faculdade Dom Alberto-RS.<\/p>\n<p>Especialista em Psicologia da Sa\u00fade pela Faculdade de Administra\u00e7\u00e3o, Ci\u00eancias e Educa\u00e7\u00e3o-MG.<\/p>\n<p>Doutorado em Psican\u00e1lise Cl\u00ednica pela Escola de Psican\u00e1lise da Sociedade Brasileira de Psican\u00e1lise Contempor\u00e2nea. Rio de Janeiro-RJ. Cadastrada na Organiza\u00e7\u00e3o das Na\u00e7\u00f5es Unidas \u2013 (ONU).<\/p>\n<p><strong>Autor do livro Terapia Psicanal\u00edtica: Demolindo a Ansiedade, a Depress\u00e3o e a Posse da Sa\u00fade F\u00edsica e Psicol\u00f3gica\u00a0\u00a0\u00a0 <\/strong><\/p>\n<p>Fontes:<\/p>\n<p><a href=\"https:\/\/eephcfmusp.org.br\/portal\/online\/transtornos-mentais-entre-adolescentes\/#:~:text=Depress%C3%A3o%2C%20ansiedade%2C%20compuls%C3%B5es%20alimentares%2C,covid%2D19%20entre%20os%20adolescentes\">https:\/\/eephcfmusp.org.br\/portal\/online\/transtornos-mentais-entre-adolescentes\/#:~:text=Depress%C3%A3o%2C%20ansiedade%2C%20compuls%C3%B5es%20alimentares%2C,covid%2D19%20entre%20os%20adolescentes<\/a><\/p>\n<p><a href=\"https:\/\/g1.globo.com\/sp\/itapetininga-regiao\/noticia\/2022\/10\/10\/dia-mundial-da-saude-mental-especialista-alerta-sobre-perigo-da-depressao-entre-adolescentes.ghtml\">https:\/\/g1.globo.com\/sp\/itapetininga-regiao\/noticia\/2022\/10\/10\/dia-mundial-da-saude-mental-especialista-alerta-sobre-perigo-da-depressao-entre-adolescentes.ghtml<\/a><\/p>\n","protected":false},"excerpt":{"rendered":"<p>Os pais, respons\u00e1veis e amigos precisam ficar atentos \u00e0s mudan\u00e7as de comportamento dos adolescentes, e sempre que tiverem d\u00favidas devem procurar ajuda profissional de um especialista em sa\u00fade mental. \u201cA ideia de suic\u00eddio est\u00e1 fortemente associada aos\u00a0transtornos mentais. Cerca de 90% das pessoas que tentam se suicidar t\u00eam um transtorno mental\u201d, afirma o Dr. Jos\u00e9 [&hellip;]<\/p>\n","protected":false},"author":16,"featured_media":55822,"comment_status":"open","ping_status":"closed","sticky":false,"template":"","format":"standard","meta":{"footnotes":""},"categories":[9],"tags":[],"class_list":["post-79966","post","type-post","status-publish","format-standard","has-post-thumbnail","hentry","category-artigos"],"_links":{"self":[{"href":"https:\/\/catolicanet.net\/wp-cnet\/wp-json\/wp\/v2\/posts\/79966","targetHints":{"allow":["GET"]}}],"collection":[{"href":"https:\/\/catolicanet.net\/wp-cnet\/wp-json\/wp\/v2\/posts"}],"about":[{"href":"https:\/\/catolicanet.net\/wp-cnet\/wp-json\/wp\/v2\/types\/post"}],"author":[{"embeddable":true,"href":"https:\/\/catolicanet.net\/wp-cnet\/wp-json\/wp\/v2\/users\/16"}],"replies":[{"embeddable":true,"href":"https:\/\/catolicanet.net\/wp-cnet\/wp-json\/wp\/v2\/comments?post=79966"}],"version-history":[{"count":1,"href":"https:\/\/catolicanet.net\/wp-cnet\/wp-json\/wp\/v2\/posts\/79966\/revisions"}],"predecessor-version":[{"id":79967,"href":"https:\/\/catolicanet.net\/wp-cnet\/wp-json\/wp\/v2\/posts\/79966\/revisions\/79967"}],"wp:featuredmedia":[{"embeddable":true,"href":"https:\/\/catolicanet.net\/wp-cnet\/wp-json\/wp\/v2\/media\/55822"}],"wp:attachment":[{"href":"https:\/\/catolicanet.net\/wp-cnet\/wp-json\/wp\/v2\/media?parent=79966"}],"wp:term":[{"taxonomy":"category","embeddable":true,"href":"https:\/\/catolicanet.net\/wp-cnet\/wp-json\/wp\/v2\/categories?post=79966"},{"taxonomy":"post_tag","embeddable":true,"href":"https:\/\/catolicanet.net\/wp-cnet\/wp-json\/wp\/v2\/tags?post=79966"}],"curies":[{"name":"wp","href":"https:\/\/api.w.org\/{rel}","templated":true}]}}