{"id":79947,"date":"2023-03-14T10:19:26","date_gmt":"2023-03-14T13:19:26","guid":{"rendered":"https:\/\/catolicanet.net\/wp-cnet\/?p=79947"},"modified":"2023-03-14T12:21:16","modified_gmt":"2023-03-14T15:21:16","slug":"hoje-a-igreja-celebra-santa-matilde-rainha-da-alemanha","status":"publish","type":"post","link":"https:\/\/catolicanet.net\/wp-cnet\/hoje-a-igreja-celebra-santa-matilde-rainha-da-alemanha\/","title":{"rendered":"Hoje a Igreja celebra santa Matilde, rainha da Alemanha"},"content":{"rendered":"<p style=\"text-align: justify;\">Santa Matilde foi a primeira rainha da Alemanha (s\u00e9culo X) e se caracterizou por ser humilde, piedosa e caritativa com os oprimidos. Apoiou e mandou construir muitas igrejas e mosteiros como os de Quedlinburg, Nordhausen, Engern e Poehlden, e sua festa \u00e9 celebrada hoje (14).<\/p>\n<p style=\"text-align: justify;\">Al\u00e9m disso, foi descendente do famoso guerreiro Widukind, capit\u00e3o dos sax\u00f5es que batalharam contra Carlos Magno (s\u00e9culo XIII), e filha de Dietrich, duque de Westphalia e Reinhild (hoje Alemanha).<\/p>\n<p style=\"text-align: justify;\">Desde crian\u00e7a, foi educada pelas monjas do convento de Erfurt e adquiriu in\u00fameras virtudes crist\u00e3s. Casou-se muito jovem com Henrique I, que no ano 912 se tornaria duque da Sax\u00f4nia, e tiveram um matrim\u00f4nio excepcionalmente feliz.<\/p>\n<p style=\"text-align: justify;\">Em 918, seu esposo foi escolhido para suceder o rei da Francia Orientalis, Conrado I. Foi assim que Henrique I se tornou o primeiro rei alem\u00e3o da dinastia sax\u00f4nica e, por isso, \u00e9 considerado o fundador e primeiro rei do estado alem\u00e3o medieval.<\/p>\n<p style=\"text-align: justify;\">Matilde se tornou rainha, mas nunca deixou seus modos humildes e piedosos de viver, como dar esmolas aos pobres. No pal\u00e1cio real, atendia a todos e nenhuma pessoa em busca de ajuda ia embora sem ser atendida.<\/p>\n<p style=\"text-align: justify;\">Depois de 23 anos de matrim\u00f4nio, ficou vi\u00fava e ofereceu se desprender de todas as suas joias e brilhantes pela alma de seu esposo falecido.<\/p>\n<p style=\"text-align: justify;\">Passou os seus \u00faltimos anos dedicada a fundar conventos e a dar esmolas aos pobres. Quando completou 70 anos, disp\u00f4s-se a passar para a eternidade e distribuiu entre os mais necessitados tudo o que tinha.<\/p>\n<p style=\"text-align: justify;\">Morreu em 968, no convento de S\u00e3o Serv\u00e1cio e S\u00e3o Dion\u00edsio em Quedlinburg e foi sepultada ao lado de seu esposo. Foi venerada como santa imediatamente depois de sua morte.<\/p>\n","protected":false},"excerpt":{"rendered":"<p>Santa Matilde foi a primeira rainha da Alemanha (s\u00e9culo X) e se caracterizou por ser humilde, piedosa e caritativa com os oprimidos. Apoiou e mandou construir muitas igrejas e mosteiros como os de Quedlinburg, Nordhausen, Engern e Poehlden, e sua festa \u00e9 celebrada hoje (14). Al\u00e9m disso, foi descendente do famoso guerreiro Widukind, capit\u00e3o dos [&hellip;]<\/p>\n","protected":false},"author":1,"featured_media":79948,"comment_status":"open","ping_status":"closed","sticky":false,"template":"","format":"standard","meta":{"footnotes":""},"categories":[4,13],"tags":[],"class_list":["post-79947","post","type-post","status-publish","format-standard","has-post-thumbnail","hentry","category-cotidiano","category-featured"],"_links":{"self":[{"href":"https:\/\/catolicanet.net\/wp-cnet\/wp-json\/wp\/v2\/posts\/79947","targetHints":{"allow":["GET"]}}],"collection":[{"href":"https:\/\/catolicanet.net\/wp-cnet\/wp-json\/wp\/v2\/posts"}],"about":[{"href":"https:\/\/catolicanet.net\/wp-cnet\/wp-json\/wp\/v2\/types\/post"}],"author":[{"embeddable":true,"href":"https:\/\/catolicanet.net\/wp-cnet\/wp-json\/wp\/v2\/users\/1"}],"replies":[{"embeddable":true,"href":"https:\/\/catolicanet.net\/wp-cnet\/wp-json\/wp\/v2\/comments?post=79947"}],"version-history":[{"count":1,"href":"https:\/\/catolicanet.net\/wp-cnet\/wp-json\/wp\/v2\/posts\/79947\/revisions"}],"predecessor-version":[{"id":79949,"href":"https:\/\/catolicanet.net\/wp-cnet\/wp-json\/wp\/v2\/posts\/79947\/revisions\/79949"}],"wp:featuredmedia":[{"embeddable":true,"href":"https:\/\/catolicanet.net\/wp-cnet\/wp-json\/wp\/v2\/media\/79948"}],"wp:attachment":[{"href":"https:\/\/catolicanet.net\/wp-cnet\/wp-json\/wp\/v2\/media?parent=79947"}],"wp:term":[{"taxonomy":"category","embeddable":true,"href":"https:\/\/catolicanet.net\/wp-cnet\/wp-json\/wp\/v2\/categories?post=79947"},{"taxonomy":"post_tag","embeddable":true,"href":"https:\/\/catolicanet.net\/wp-cnet\/wp-json\/wp\/v2\/tags?post=79947"}],"curies":[{"name":"wp","href":"https:\/\/api.w.org\/{rel}","templated":true}]}}