{"id":79931,"date":"2023-03-14T10:08:43","date_gmt":"2023-03-14T13:08:43","guid":{"rendered":"https:\/\/catolicanet.net\/wp-cnet\/?p=79931"},"modified":"2023-03-14T12:10:36","modified_gmt":"2023-03-14T15:10:36","slug":"inscricoes-para-o-encontro-nacional-para-bispos-referenciais-e-assessores-regionais-e-diocesanos","status":"publish","type":"post","link":"https:\/\/catolicanet.net\/wp-cnet\/inscricoes-para-o-encontro-nacional-para-bispos-referenciais-e-assessores-regionais-e-diocesanos\/","title":{"rendered":"INSCRI\u00c7\u00d5ES PARA O ENCONTRO NACIONAL PARA BISPOS REFERENCIAIS E ASSESSORES REGIONAIS E DIOCESANOS"},"content":{"rendered":"<p style=\"text-align: justify;\">A Comiss\u00e3o Nacional da Pastoral Familiar (CNPF) abriu, nesta sexta-feira (9), as inscri\u00e7\u00f5es para o Encontro Nacional dos Bispos Referenciais e Assessores Regionais e diocesanos. O evento ser\u00e1 realizado entre os dias 23 e 26 de maio de 2023, em Aparecida (SP). O objetivo \u00e9 aprimorar a atua\u00e7\u00e3o conjunta e transversal em prol das fam\u00edlias como servi\u00e7o eclesial. O encontro ser\u00e1 uma oportunidade para aprofundar temas como: Itiner\u00e1rios catecumenais para a vida Matrimonial; Servi\u00e7o \u00e0 Vida; e Princ\u00edpio da Gradualidade (processos de discernimento).<\/p>\n<p style=\"text-align: justify;\">\u201cA Pastoral Familiar \u00e9 um servi\u00e7o necess\u00e1rio e urgente para a forma\u00e7\u00e3o, cuidado, defesa e promo\u00e7\u00e3o da Fam\u00edlia e da Vida. N\u00e3o h\u00e1 sociedade justa, fraterna e frutuosa se a fam\u00edlia n\u00e3o for forte e valorizada. O Papa Francisco disse no encerramento do X Encontro Mundial das fam\u00edlias, junho 2022, que \u00e9 \u201cjustamente enquanto afirmamos a beleza da fam\u00edlia, que sentimos mais do que nunca que devemos defend\u00ea-la. N\u00e3o deixemos que seja polu\u00edda pelos venenos do ego\u00edsmo, do individualismo, da cultura da indiferen\u00e7a e do descarte, perdendo assim o seu DNA que \u00e9 o acolhimento e o esp\u00edrito de servi\u00e7o\u201d, destacou o bispo de Rio Grande (RS) e presidente da Comiss\u00e3o Episcopal Pastoral para a Vida e a Fam\u00edlia da CNBB, dom Ricardo Hoepers.<\/p>\n<p style=\"text-align: justify;\">Dentro da programa\u00e7\u00e3o, nos dias 25 e 26, ser\u00e1 discutido o tema \u201cA alegria e a fraternidade como novos \u201clugares teol\u00f3gicos\u201d, a partir dos 10 anos do Pontificado de Francisco e Evangelii Gaudium, bem como da Fratelli tutti\u201d. A iniciativa \u00e9 resultado de uma parceria com a Pontif\u00edcia Universidade Cat\u00f3lica do Rio de Janeiro (PUC-Rio), a Confer\u00eancia das Institui\u00e7\u00f5es Cat\u00f3licas de Teologia (COCTI), o Conselho Episcopal Latino-Americano (CELAM) e o Instituto Jo\u00e3o Paulo II (Roma).<\/p>\n<p style=\"text-align: justify;\">O Encontro antecede o 13\u00ba Simp\u00f3sio Nacional das Fam\u00edlias, que ter\u00e1 como tema \u201cFam\u00edlia, fonte de voca\u00e7\u00f5es\u201d e Lema: \u201cCora\u00e7\u00f5es ardentes, p\u00e9s a caminho\u201d (cf. Lc 24,32-33). J\u00e1 no dia 28 de maio ser\u00e1 a vez da Peregrina\u00e7\u00e3o Nacional das Fam\u00edlias ao Santu\u00e1rio Nacional da M\u00e3e Aparecida.<\/p>\n<h2 style=\"text-align: justify;\">Investimento<\/h2>\n<p style=\"text-align: justify;\">O valor cobrado para a participa\u00e7\u00e3o dos assessores regionais, diocesanos e bispos referenciais ser\u00e1 de R$ 1,2 mil, incluindo a inscri\u00e7\u00e3o, alimenta\u00e7\u00e3o e hospedagem no hotel Rainha dos Ap\u00f3stolos. Para aqueles que n\u00e3o forem se hospedar no local indicado, ser\u00e1 cobrado um valor de R$ 300,00 para custear lanches, loca\u00e7\u00e3o do sal\u00e3o, entre outros custos. A inscri\u00e7\u00e3o n\u00e3o contempla o transporte at\u00e9 Aparecida (SP).<\/p>\n<p style=\"text-align: justify;\"><em>\u201c\u00c9 importante que as coordena\u00e7\u00f5es locais e regionais mobilizem e convidem seus assessores e bispos referenciais e, na medida do poss\u00edvel, os apoiem na viagem e na inscri\u00e7\u00e3o. Ser\u00e1 um momento especial para a Pastoral Familiar no Brasil\u201d<\/em>, ressaltou Pe. Crispim Guimar\u00e3es, assessor eclesi\u00e1stico Nacional da Pastoral Familiar.<\/p>\n<p style=\"text-align: justify;\">Os detalhes e as inscri\u00e7\u00f5es no\u00a0<a href=\"https:\/\/www.cnbb.org.br\/inscricoes-para-o-encontro-nacional-para-bispos-referenciais-e-assessores-regionais-e-diocesanos\/\">vidaefamilia.org.br<\/a><\/p>\n","protected":false},"excerpt":{"rendered":"<p>A Comiss\u00e3o Nacional da Pastoral Familiar (CNPF) abriu, nesta sexta-feira (9), as inscri\u00e7\u00f5es para o Encontro Nacional dos Bispos Referenciais e Assessores Regionais e diocesanos. O evento ser\u00e1 realizado entre os dias 23 e 26 de maio de 2023, em Aparecida (SP). O objetivo \u00e9 aprimorar a atua\u00e7\u00e3o conjunta e transversal em prol das fam\u00edlias [&hellip;]<\/p>\n","protected":false},"author":1,"featured_media":79932,"comment_status":"open","ping_status":"closed","sticky":false,"template":"","format":"standard","meta":{"footnotes":""},"categories":[7,13],"tags":[],"class_list":["post-79931","post","type-post","status-publish","format-standard","has-post-thumbnail","hentry","category-cnbb","category-featured"],"_links":{"self":[{"href":"https:\/\/catolicanet.net\/wp-cnet\/wp-json\/wp\/v2\/posts\/79931","targetHints":{"allow":["GET"]}}],"collection":[{"href":"https:\/\/catolicanet.net\/wp-cnet\/wp-json\/wp\/v2\/posts"}],"about":[{"href":"https:\/\/catolicanet.net\/wp-cnet\/wp-json\/wp\/v2\/types\/post"}],"author":[{"embeddable":true,"href":"https:\/\/catolicanet.net\/wp-cnet\/wp-json\/wp\/v2\/users\/1"}],"replies":[{"embeddable":true,"href":"https:\/\/catolicanet.net\/wp-cnet\/wp-json\/wp\/v2\/comments?post=79931"}],"version-history":[{"count":1,"href":"https:\/\/catolicanet.net\/wp-cnet\/wp-json\/wp\/v2\/posts\/79931\/revisions"}],"predecessor-version":[{"id":79933,"href":"https:\/\/catolicanet.net\/wp-cnet\/wp-json\/wp\/v2\/posts\/79931\/revisions\/79933"}],"wp:featuredmedia":[{"embeddable":true,"href":"https:\/\/catolicanet.net\/wp-cnet\/wp-json\/wp\/v2\/media\/79932"}],"wp:attachment":[{"href":"https:\/\/catolicanet.net\/wp-cnet\/wp-json\/wp\/v2\/media?parent=79931"}],"wp:term":[{"taxonomy":"category","embeddable":true,"href":"https:\/\/catolicanet.net\/wp-cnet\/wp-json\/wp\/v2\/categories?post=79931"},{"taxonomy":"post_tag","embeddable":true,"href":"https:\/\/catolicanet.net\/wp-cnet\/wp-json\/wp\/v2\/tags?post=79931"}],"curies":[{"name":"wp","href":"https:\/\/api.w.org\/{rel}","templated":true}]}}