{"id":79891,"date":"2023-03-10T09:21:09","date_gmt":"2023-03-10T12:21:09","guid":{"rendered":"https:\/\/catolicanet.net\/wp-cnet\/?p=79891"},"modified":"2023-03-10T13:25:58","modified_gmt":"2023-03-10T16:25:58","slug":"diocese-de-barra-ba-realizou-encontro-com-agentes-de-pastorais","status":"publish","type":"post","link":"https:\/\/catolicanet.net\/wp-cnet\/diocese-de-barra-ba-realizou-encontro-com-agentes-de-pastorais\/","title":{"rendered":"DIOCESE DE BARRA (BA) REALIZOU ENCONTRO COM AGENTES DE PASTORAIS"},"content":{"rendered":"<p style=\"text-align: justify;\">\u00c0 luz dos temas do Ano Vocacional e da Campanha da Fraternidade, a Diocese de Barra, na Bahia, realizou um encontro com os agentes de pastorais, nos dias 1, 2 e 3 de mar\u00e7o. Na ocasi\u00e3o tamb\u00e9m foram destacados os C\u00edrculos B\u00edblicos e o Ano Diocesano da Juventude.<\/p>\n<p style=\"text-align: justify;\"><a href=\"https:\/\/cnbbne3.org.br\/diocese-de-barra-realizou-encontro-com-agentes-de-pastorais\/\" target=\"_blank\" rel=\"noopener\"><strong>A mat\u00e9ria completa no site do Regional Nordeste 3 da CNBB<\/strong><\/a><\/p>\n","protected":false},"excerpt":{"rendered":"<p>\u00c0 luz dos temas do Ano Vocacional e da Campanha da Fraternidade, a Diocese de Barra, na Bahia, realizou um encontro com os agentes de pastorais, nos dias 1, 2 e 3 de mar\u00e7o. Na ocasi\u00e3o tamb\u00e9m foram destacados os C\u00edrculos B\u00edblicos e o Ano Diocesano da Juventude. A mat\u00e9ria completa no site do Regional [&hellip;]<\/p>\n","protected":false},"author":1,"featured_media":79892,"comment_status":"open","ping_status":"closed","sticky":false,"template":"","format":"standard","meta":{"footnotes":""},"categories":[7,13],"tags":[],"class_list":["post-79891","post","type-post","status-publish","format-standard","has-post-thumbnail","hentry","category-cnbb","category-featured"],"_links":{"self":[{"href":"https:\/\/catolicanet.net\/wp-cnet\/wp-json\/wp\/v2\/posts\/79891","targetHints":{"allow":["GET"]}}],"collection":[{"href":"https:\/\/catolicanet.net\/wp-cnet\/wp-json\/wp\/v2\/posts"}],"about":[{"href":"https:\/\/catolicanet.net\/wp-cnet\/wp-json\/wp\/v2\/types\/post"}],"author":[{"embeddable":true,"href":"https:\/\/catolicanet.net\/wp-cnet\/wp-json\/wp\/v2\/users\/1"}],"replies":[{"embeddable":true,"href":"https:\/\/catolicanet.net\/wp-cnet\/wp-json\/wp\/v2\/comments?post=79891"}],"version-history":[{"count":1,"href":"https:\/\/catolicanet.net\/wp-cnet\/wp-json\/wp\/v2\/posts\/79891\/revisions"}],"predecessor-version":[{"id":79893,"href":"https:\/\/catolicanet.net\/wp-cnet\/wp-json\/wp\/v2\/posts\/79891\/revisions\/79893"}],"wp:featuredmedia":[{"embeddable":true,"href":"https:\/\/catolicanet.net\/wp-cnet\/wp-json\/wp\/v2\/media\/79892"}],"wp:attachment":[{"href":"https:\/\/catolicanet.net\/wp-cnet\/wp-json\/wp\/v2\/media?parent=79891"}],"wp:term":[{"taxonomy":"category","embeddable":true,"href":"https:\/\/catolicanet.net\/wp-cnet\/wp-json\/wp\/v2\/categories?post=79891"},{"taxonomy":"post_tag","embeddable":true,"href":"https:\/\/catolicanet.net\/wp-cnet\/wp-json\/wp\/v2\/tags?post=79891"}],"curies":[{"name":"wp","href":"https:\/\/api.w.org\/{rel}","templated":true}]}}