{"id":79863,"date":"2023-03-09T10:32:00","date_gmt":"2023-03-09T13:32:00","guid":{"rendered":"https:\/\/catolicanet.net\/wp-cnet\/?p=79863"},"modified":"2023-03-09T18:32:46","modified_gmt":"2023-03-09T21:32:46","slug":"a-espiritualidade-do-sinodo-baseada-na-tenda-e-a-espiritualidade-do-abraco-e-da-itinerancia-afirma-presidente-da-crb","status":"publish","type":"post","link":"https:\/\/catolicanet.net\/wp-cnet\/a-espiritualidade-do-sinodo-baseada-na-tenda-e-a-espiritualidade-do-abraco-e-da-itinerancia-afirma-presidente-da-crb\/","title":{"rendered":"\u201cA ESPIRITUALIDADE DO S\u00cdNODO, BASEADA NA TENDA, \u00c9 A ESPIRITUALIDADE DO ABRA\u00c7O E DA ITINER\u00c2NCIA\u201d, AFIRMA PRESIDENTE DA CRB"},"content":{"rendered":"<div class=\"elementor-element elementor-element-3a087bd2 elementor-widget elementor-widget-theme-post-content\" data-id=\"3a087bd2\" data-element_type=\"widget\" data-widget_type=\"theme-post-content.default\">\n<div class=\"elementor-widget-container\">\n<p style=\"text-align: justify;\">A etapa continental do S\u00ednodo dos Bispos 2021-2024 est\u00e1 sendo animada pela exorta\u00e7\u00e3o b\u00edblica extra\u00edda do livro de Isa\u00edas, 54,2:\u00a0<em>\u201cAlarga o espa\u00e7o da tua tenda\u201d<\/em>. Para a presidente da Confer\u00eancia dos Religiosos do Brasil (CRB), irm\u00e3 Eliane Cordeiro, a imagem da tenda \u00e9 sinal de abra\u00e7o. \u201cQuando a gente alarga, como nos pede o profeta Isa\u00edas, a gente alarga para abra\u00e7ar para que todos caibam nesta tenda\u201d, afirmou a religiosa.<\/p>\n<p style=\"text-align: justify;\">Alargar a tenda para a irm\u00e3, como uma met\u00e1fora que se aplica \u00e0 Igreja, \u00e9 buscar uma experi\u00eancia eclesial que acolha a todos: mulheres, padres casados, popula\u00e7\u00e3o LGBTQIA+, popula\u00e7\u00e3o em situa\u00e7\u00e3o de rua, povos origin\u00e1rios. \u201cO mais contr\u00e1rio ao projeto de Jesus \u00e9 o fechamento em uma Igreja hier\u00e1rquica e clerical. Quando a gente fala alargar a tenda estamos dizendo que na Igreja de Jesus \u00e9 necess\u00e1rio ter espa\u00e7o para todos\u201d, refor\u00e7ou.<\/p>\n<h3 style=\"text-align: justify;\">Itiner\u00e2ncia e miss\u00e3o<\/h3>\n<p style=\"text-align: justify;\">A tenda tamb\u00e9m, segundo a religiosa, simboliza a itiner\u00e2ncia da Igreja. \u201cN\u00f3s n\u00e3o estamos fixos, estamos dispostos, dispon\u00edveis e despojados para desarmar a tenda e arm\u00e1-la em outro lugar onde h\u00e1 os clamores dos mais vulner\u00e1veis e de nossos irm\u00e3os em tantas situa\u00e7\u00f5es de sofrimento\u201d, disse.<\/p>\n<p style=\"text-align: justify;\">A espiritualidade da tenda, refor\u00e7ou irm\u00e3 Eliane, \u00e9 a espiritualidade do abra\u00e7o e da itiner\u00e2ncia onde cabem todos e todas. \u201cA imagem da Tenda, da Igreja como lugar que ao mesmo tempo abra\u00e7a e caminha aponta para um momento muito bonito que est\u00e1 sendo vivido com o S\u00ednodo sobre a Sinodalidade\u201d, disse.<\/p>\n<p style=\"text-align: justify;\">Sobre a espiritualidade sinodal, a religiosa, disse que trata-se de uma nova forma de viver o projeto de Jesus, que \u00e9 sua Igreja aberta a todos, participativa e que escuta. Ela recorda que no primeiro dia da Assembleia Regional do Cone Sul foram foram tratadas duas dimens\u00f5es da Igreja \u2018como povo de Deus\u2019 e a \u2018pneumatol\u00f3gica\u2019.<\/p>\n<p style=\"text-align: justify;\">\u201cO Espirito Santo, a Divina Ruah, \u00e9 o que move, ilumina e nos encoraja para avan\u00e7ar. S\u00e3o Paulo recorda na Carta aos Romanos 5, 5, que o amor de Deus foi derramado em nossos cora\u00e7\u00f5es pelo Esp\u00edrito Santo que nos foi dado. Por isso, acreditamos que o Esp\u00edrito Santo conduz a sua Igreja para ser mais evang\u00e9lica, mais aut\u00eantica, comprometida e mais parecida com a Igreja de Jesus. O Esp\u00edrito \u00e9 a alma da Igreja e o que nos move a caminhar, avan\u00e7ar, a nos converter para sermos mais irm\u00e3os e filhos desse Deus que \u00e9 Pai e M\u00e3e\u201d, apontou.<\/p>\n<p><img loading=\"lazy\" decoding=\"async\" class=\"aligncenter wp-image-939893 size-full\" src=\"https:\/\/eadn-wc02-718006.nxedge.io\/cdn\/wp-content\/uploads\/2023\/03\/Tenda-Cone-Sul.jpg\" sizes=\"auto, (max-width: 800px) 100vw, 800px\" srcset=\"https:\/\/eadn-wc02-718006.nxedge.io\/cdn\/wp-content\/uploads\/2023\/03\/Tenda-Cone-Sul.jpg 800w, https:\/\/eadn-wc02-718006.nxedge.io\/cdn\/wp-content\/uploads\/2023\/03\/Tenda-Cone-Sul-300x200.jpg 300w, https:\/\/eadn-wc02-718006.nxedge.io\/cdn\/wp-content\/uploads\/2023\/03\/Tenda-Cone-Sul-768x512.jpg 768w, https:\/\/eadn-wc02-718006.nxedge.io\/cdn\/wp-content\/uploads\/2023\/03\/Tenda-Cone-Sul-500x333.jpg 500w\" alt=\"\" width=\"800\" height=\"533\" \/><\/p>\n<\/div>\n<\/div>\n","protected":false},"excerpt":{"rendered":"<p>A etapa continental do S\u00ednodo dos Bispos 2021-2024 est\u00e1 sendo animada pela exorta\u00e7\u00e3o b\u00edblica extra\u00edda do livro de Isa\u00edas, 54,2:\u00a0\u201cAlarga o espa\u00e7o da tua tenda\u201d. Para a presidente da Confer\u00eancia dos Religiosos do Brasil (CRB), irm\u00e3 Eliane Cordeiro, a imagem da tenda \u00e9 sinal de abra\u00e7o. \u201cQuando a gente alarga, como nos pede o profeta [&hellip;]<\/p>\n","protected":false},"author":1,"featured_media":79864,"comment_status":"open","ping_status":"closed","sticky":false,"template":"","format":"standard","meta":{"footnotes":""},"categories":[7,13],"tags":[],"class_list":["post-79863","post","type-post","status-publish","format-standard","has-post-thumbnail","hentry","category-cnbb","category-featured"],"_links":{"self":[{"href":"https:\/\/catolicanet.net\/wp-cnet\/wp-json\/wp\/v2\/posts\/79863","targetHints":{"allow":["GET"]}}],"collection":[{"href":"https:\/\/catolicanet.net\/wp-cnet\/wp-json\/wp\/v2\/posts"}],"about":[{"href":"https:\/\/catolicanet.net\/wp-cnet\/wp-json\/wp\/v2\/types\/post"}],"author":[{"embeddable":true,"href":"https:\/\/catolicanet.net\/wp-cnet\/wp-json\/wp\/v2\/users\/1"}],"replies":[{"embeddable":true,"href":"https:\/\/catolicanet.net\/wp-cnet\/wp-json\/wp\/v2\/comments?post=79863"}],"version-history":[{"count":1,"href":"https:\/\/catolicanet.net\/wp-cnet\/wp-json\/wp\/v2\/posts\/79863\/revisions"}],"predecessor-version":[{"id":79865,"href":"https:\/\/catolicanet.net\/wp-cnet\/wp-json\/wp\/v2\/posts\/79863\/revisions\/79865"}],"wp:featuredmedia":[{"embeddable":true,"href":"https:\/\/catolicanet.net\/wp-cnet\/wp-json\/wp\/v2\/media\/79864"}],"wp:attachment":[{"href":"https:\/\/catolicanet.net\/wp-cnet\/wp-json\/wp\/v2\/media?parent=79863"}],"wp:term":[{"taxonomy":"category","embeddable":true,"href":"https:\/\/catolicanet.net\/wp-cnet\/wp-json\/wp\/v2\/categories?post=79863"},{"taxonomy":"post_tag","embeddable":true,"href":"https:\/\/catolicanet.net\/wp-cnet\/wp-json\/wp\/v2\/tags?post=79863"}],"curies":[{"name":"wp","href":"https:\/\/api.w.org\/{rel}","templated":true}]}}