{"id":79734,"date":"2023-02-24T09:48:49","date_gmt":"2023-02-24T12:48:49","guid":{"rendered":"https:\/\/catolicanet.net\/wp-cnet\/?p=79734"},"modified":"2023-03-03T17:49:37","modified_gmt":"2023-03-03T20:49:37","slug":"sentido-da-quaresma","status":"publish","type":"post","link":"https:\/\/catolicanet.net\/wp-cnet\/sentido-da-quaresma\/","title":{"rendered":"Sentido da Quaresma."},"content":{"rendered":"<p style=\"text-align: justify;\">Texto inspirante: \u201cChegou o tempo de penit\u00eancia, de convers\u00e3o e salva\u00e7\u00e3o\u201d (Ant\u00edfona da liturgia das horas). \u201cAgora, diz o Senhor, voltai para mim com todo o vosso cora\u00e7\u00e3o, com jejuns, lagrimas e gemidos&#8230;\u201d (Joel 2,12).<\/p>\n<p style=\"text-align: justify;\"><strong>1\u00ba<\/strong> Jesus, nos deixou um modo de ser e agir: ser filhos, diante de Deus, irm\u00e3os uns dos outros, admiradores e administradores da natureza: dom divino. De fato, Ele afirmou: \u201cv\u00f3s todos sois irm\u00e3os\u201d, \u201ce olhai os l\u00edrios do campo&#8230;\u201d (Lc 12,27). Jesus apreciava as realidades, a n\u00f3s deixadas, por Seu e nosso Pai. Soube tratar bem os ap\u00f3stolos, que eram um tanto rudes&#8230; F\u00ea-los superar o esp\u00edrito de mesquinhez e de inveja. Amou sua terra, sem ater-se \u00e0s atitudes tacanhas dos fariseus, ess\u00eanios, ou doutores da lei etc.<\/p>\n<p style=\"text-align: justify;\"><strong>2\u00ba<\/strong> Jesus esteve bem atento, aos sinais dos tempos, mas nunca, pediu que nos lembr\u00e1ssemos da data do seu nascimento, ou de sua morte na cruz. Foi a Igreja que instituiu um dia para o Natal (25\/12), e o advento, como tempo de prepara\u00e7\u00e3o. Mostrou que a P\u00e1scoa \u00e9 o maior acontecimento para os crist\u00e3os: sua vit\u00f3ria sobre o mal e o pecado. Bem cedo, pediu aos seus filhos, que fizessem preceder a P\u00e1scoa, pela quaresma. Nela, dever\u00edamos lembrar e celebrar os mist\u00e9rios de sua vida, por n\u00f3s oferecida. Lembramos nossos her\u00f3is nacionais, n\u00e3o vamos, ent\u00e3o, lembrar-nos do Salvador, de sua evangeliza\u00e7\u00e3o, dedica\u00e7\u00e3o aos mais pobres, \u00e0s crian\u00e7as, \u00e0s mulheres e at\u00e9 aos pecadores? Lembramo-Lo, como o bom pastor, sumo sacerdote e o celebramos na Eucaristia, obedecendo ao que mandou: \u201cfazei isto em mem\u00f3ria de mim\u201d (Lc 22.19; 1Co 11.24).<\/p>\n<p style=\"text-align: justify;\"><strong>3\u00ba<\/strong> Portanto o sentido da quaresma \u00e9 de prepara\u00e7\u00e3o para a P\u00e1scoa, vivenciando o mist\u00e9rio, do seu sofrimento e morte na cruz. De certo modo, como Maria acompanhou Jesus para o calv\u00e1rio, assim n\u00f3s, queremos acompanh\u00e1-Lo, em nossa vida. Jesus n\u00e3o pagou um resgate em dinheiro, pela nossa salva\u00e7\u00e3o, mas deu Seu sangue, Sua vida por n\u00f3s. Isso deve ser recordado, e vivido intensamente e para sempre. De nada, teria adiantado, Jesus ter se encarnado, se morrendo, n\u00e3o ressuscitasse. Jesus n\u00e3o nos deixou um catecismo: mas sua vida como exemplo.<\/p>\n<p style=\"text-align: justify;\"><strong>4\u00ba<\/strong> Por isso, a quaresma deve ser vivida, de modo todo particular. A Evangeliza\u00e7\u00e3o deveria ser mais profunda, vivencial e eclesialmente retomada. N\u00e3o \u00e9, certamente, preciso ir ao calv\u00e1rio e nem \u00e0 Jerusal\u00e9m, mas ao mais profundo do mist\u00e9rio da vida de Jesus: isso \u00e9 necess\u00e1rio. Felizes os crist\u00e3os que o fizerem: pois vivenciar\u00e3o o sentido da quaresma.<\/p>\n<p style=\"text-align: justify;\"><strong>5\u00ba<\/strong> E a Campanha da Fraternidade de 2023, como vai?<\/p>\n","protected":false},"excerpt":{"rendered":"<p>Texto inspirante: \u201cChegou o tempo de penit\u00eancia, de convers\u00e3o e salva\u00e7\u00e3o\u201d (Ant\u00edfona da liturgia das horas). \u201cAgora, diz o Senhor, voltai para mim com todo o vosso cora\u00e7\u00e3o, com jejuns, lagrimas e gemidos&#8230;\u201d (Joel 2,12). 1\u00ba Jesus, nos deixou um modo de ser e agir: ser filhos, diante de Deus, irm\u00e3os uns dos outros, admiradores [&hellip;]<\/p>\n","protected":false},"author":119,"featured_media":77698,"comment_status":"open","ping_status":"closed","sticky":false,"template":"","format":"standard","meta":{"footnotes":""},"categories":[9],"tags":[],"class_list":["post-79734","post","type-post","status-publish","format-standard","has-post-thumbnail","hentry","category-artigos"],"_links":{"self":[{"href":"https:\/\/catolicanet.net\/wp-cnet\/wp-json\/wp\/v2\/posts\/79734","targetHints":{"allow":["GET"]}}],"collection":[{"href":"https:\/\/catolicanet.net\/wp-cnet\/wp-json\/wp\/v2\/posts"}],"about":[{"href":"https:\/\/catolicanet.net\/wp-cnet\/wp-json\/wp\/v2\/types\/post"}],"author":[{"embeddable":true,"href":"https:\/\/catolicanet.net\/wp-cnet\/wp-json\/wp\/v2\/users\/119"}],"replies":[{"embeddable":true,"href":"https:\/\/catolicanet.net\/wp-cnet\/wp-json\/wp\/v2\/comments?post=79734"}],"version-history":[{"count":1,"href":"https:\/\/catolicanet.net\/wp-cnet\/wp-json\/wp\/v2\/posts\/79734\/revisions"}],"predecessor-version":[{"id":79735,"href":"https:\/\/catolicanet.net\/wp-cnet\/wp-json\/wp\/v2\/posts\/79734\/revisions\/79735"}],"wp:featuredmedia":[{"embeddable":true,"href":"https:\/\/catolicanet.net\/wp-cnet\/wp-json\/wp\/v2\/media\/77698"}],"wp:attachment":[{"href":"https:\/\/catolicanet.net\/wp-cnet\/wp-json\/wp\/v2\/media?parent=79734"}],"wp:term":[{"taxonomy":"category","embeddable":true,"href":"https:\/\/catolicanet.net\/wp-cnet\/wp-json\/wp\/v2\/categories?post=79734"},{"taxonomy":"post_tag","embeddable":true,"href":"https:\/\/catolicanet.net\/wp-cnet\/wp-json\/wp\/v2\/tags?post=79734"}],"curies":[{"name":"wp","href":"https:\/\/api.w.org\/{rel}","templated":true}]}}