{"id":79691,"date":"2023-03-01T09:31:27","date_gmt":"2023-03-01T12:31:27","guid":{"rendered":"https:\/\/catolicanet.net\/wp-cnet\/?p=79691"},"modified":"2023-03-01T16:32:22","modified_gmt":"2023-03-01T19:32:22","slug":"a-quaresma-e-perfeita-para-fazer-um-balanco-da-sua-vida-espiritual","status":"publish","type":"post","link":"https:\/\/catolicanet.net\/wp-cnet\/a-quaresma-e-perfeita-para-fazer-um-balanco-da-sua-vida-espiritual\/","title":{"rendered":"A Quaresma \u00e9 perfeita para fazer um balan\u00e7o da sua vida espiritual"},"content":{"rendered":"<h2 class=\"subtitle\" style=\"text-align: justify;\">Aproveite este tempo lit\u00fargico para rever a sua vida, descobrindo os seus pontos fortes e fracos<\/h2>\n<p style=\"text-align: justify;\">AQuaresma nos apresenta um per\u00edodo \u00fanico do ano em que somos convidados a olhar para dentro de n\u00f3s mesmos e para a nossa vida espiritual, descobrindo o que h\u00e1 de bom e de mau.<\/p>\n<p style=\"text-align: justify;\">Se formos completamente honestos diante de n\u00f3s pr\u00f3prios, perceberemos muitas \u00e1reas que precisam de crescimento e melhoria. Isso, muitas vezes, pode ser bastante dif\u00edcil, j\u00e1 que nem sempre queremos encarar as nossas falhas.<\/p>\n<p style=\"text-align: justify;\">No entanto, e por isso mesmo, \u00e9 importante fazermos uma esp\u00e9cie de balan\u00e7o espiritual durante a Quaresma, pois isso nos d\u00e1 a oportunidade de nos reconciliarmos com Deus.<\/p>\n<p style=\"text-align: justify;\">O\u00a0<a href=\"https:\/\/pt.aleteia.org\/tag\/bento-xvi\/\" target=\"_blank\" rel=\"noreferrer noopener\">Papa Bento XVI<\/a>\u00a0recomendou esta pr\u00e1tica na sua\u00a0<a href=\"https:\/\/www.vatican.va\/content\/benedict-xvi\/pt\/messages\/lent\/documents\/hf_ben-xvi_mes_20101104_lent-2011.html\" target=\"_blank\" rel=\"noreferrer noopener\">mensagem para a Quaresma de 2011<\/a>:<\/p>\n<blockquote class=\"wp-block-quote\"><p>\u201cO itiner\u00e1rio quaresmal, no qual somos convidados a contemplar o Mist\u00e9rio da Cruz, \u00e9 \u00abfazer-se conformes com a morte de Cristo\u00bb (Fl 3, 10), para realizar uma convers\u00e3o profunda da nossa vida: deixar-se transformar pela ac\u00e7\u00e3o do Esp\u00edrito Santo, como S\u00e3o Paulo no caminho de Damasco; orientar com decis\u00e3o a nossa exist\u00eancia segundo a vontade de Deus; libertar-nos do nosso ego\u00edsmo, superando o instinto de dom\u00ednio sobre os outros e abrindo-nos \u00e0 caridade de Cristo. O per\u00edodo quaresmal \u00e9 momento favor\u00e1vel para reconhecer a nossa debilidade, acolher, com uma sincera revis\u00e3o de vida, a Gra\u00e7a renovadora do Sacramento da Penit\u00eancia e caminhar com decis\u00e3o para Cristo\u201d.<\/p><\/blockquote>\n<div id=\"aleteia-welcome\" style=\"text-align: justify;\"><\/div>\n<p style=\"text-align: justify;\">Para alguns de n\u00f3s, este balan\u00e7o espiritual ser\u00e1 particularmentet dif\u00edcil, pois j\u00e1 conhecemos as nossas fraquezas e temos medo de que jogar mais luz em cima dos nossos pecados nos leve ao desespero.<\/p>\n<p style=\"text-align: justify;\">A boa not\u00edcia \u00e9 que Deus sempre nos alcan\u00e7a na Sua miseric\u00f3rdia, pronto para nos aceitar nos seus bra\u00e7os amorosos. N\u00e3o precisamos ter medo das nossas falhas, pois Deus est\u00e1 pronto para nos pegar pela m\u00e3o e nos guiar pelo caminho certo.<\/p>\n","protected":false},"excerpt":{"rendered":"<p>Aproveite este tempo lit\u00fargico para rever a sua vida, descobrindo os seus pontos fortes e fracos AQuaresma nos apresenta um per\u00edodo \u00fanico do ano em que somos convidados a olhar para dentro de n\u00f3s mesmos e para a nossa vida espiritual, descobrindo o que h\u00e1 de bom e de mau. Se formos completamente honestos diante [&hellip;]<\/p>\n","protected":false},"author":1,"featured_media":79692,"comment_status":"open","ping_status":"closed","sticky":false,"template":"","format":"standard","meta":{"footnotes":""},"categories":[4],"tags":[],"class_list":["post-79691","post","type-post","status-publish","format-standard","has-post-thumbnail","hentry","category-cotidiano"],"_links":{"self":[{"href":"https:\/\/catolicanet.net\/wp-cnet\/wp-json\/wp\/v2\/posts\/79691","targetHints":{"allow":["GET"]}}],"collection":[{"href":"https:\/\/catolicanet.net\/wp-cnet\/wp-json\/wp\/v2\/posts"}],"about":[{"href":"https:\/\/catolicanet.net\/wp-cnet\/wp-json\/wp\/v2\/types\/post"}],"author":[{"embeddable":true,"href":"https:\/\/catolicanet.net\/wp-cnet\/wp-json\/wp\/v2\/users\/1"}],"replies":[{"embeddable":true,"href":"https:\/\/catolicanet.net\/wp-cnet\/wp-json\/wp\/v2\/comments?post=79691"}],"version-history":[{"count":1,"href":"https:\/\/catolicanet.net\/wp-cnet\/wp-json\/wp\/v2\/posts\/79691\/revisions"}],"predecessor-version":[{"id":79693,"href":"https:\/\/catolicanet.net\/wp-cnet\/wp-json\/wp\/v2\/posts\/79691\/revisions\/79693"}],"wp:featuredmedia":[{"embeddable":true,"href":"https:\/\/catolicanet.net\/wp-cnet\/wp-json\/wp\/v2\/media\/79692"}],"wp:attachment":[{"href":"https:\/\/catolicanet.net\/wp-cnet\/wp-json\/wp\/v2\/media?parent=79691"}],"wp:term":[{"taxonomy":"category","embeddable":true,"href":"https:\/\/catolicanet.net\/wp-cnet\/wp-json\/wp\/v2\/categories?post=79691"},{"taxonomy":"post_tag","embeddable":true,"href":"https:\/\/catolicanet.net\/wp-cnet\/wp-json\/wp\/v2\/tags?post=79691"}],"curies":[{"name":"wp","href":"https:\/\/api.w.org\/{rel}","templated":true}]}}