{"id":79675,"date":"2023-03-01T09:24:08","date_gmt":"2023-03-01T12:24:08","guid":{"rendered":"https:\/\/catolicanet.net\/wp-cnet\/?p=79675"},"modified":"2023-03-01T16:24:46","modified_gmt":"2023-03-01T19:24:46","slug":"sav-pastoral-vocacional-realiza-assembleia-regional-eletiva-e-de-formacao-em-cuiaba","status":"publish","type":"post","link":"https:\/\/catolicanet.net\/wp-cnet\/sav-pastoral-vocacional-realiza-assembleia-regional-eletiva-e-de-formacao-em-cuiaba\/","title":{"rendered":"SAV\/PASTORAL VOCACIONAL REALIZA ASSEMBLEIA REGIONAL ELETIVA E DE FORMA\u00c7\u00c3O EM CUIAB\u00c1"},"content":{"rendered":"<p style=\"text-align: justify;\">O Servi\u00e7o de Anima\u00e7\u00e3o Vocacional e Pastoral Vocacional do Regional Oeste 2 da Confer\u00eancia Nacional dos Bispos do Brasil (CNBB) realizou, nos dias 25 e 26 de fevereiro de 2023, a Assembleia Eletiva com a participa\u00e7\u00e3o de representantes das oito dioceses mato-grossenses. O encontro ocorreu na sede do Regional Oeste 2, em Cuiab\u00e1 (MT).<\/p>\n<p style=\"text-align: justify;\">A assembleia foi momento de qualifica\u00e7\u00e3o e anima\u00e7\u00e3o das equipes vocacionais das dioceses, que ajudam no acompanhamento vocacional, principalmente das juventudes, e contou com ora\u00e7\u00e3o, celebra\u00e7\u00e3o, partilha, forma\u00e7\u00e3o e estudo, atividades em grupos, comunica\u00e7\u00f5es e encaminhamentos, elei\u00e7\u00e3o da nova coordena\u00e7\u00e3o e envio.<\/p>\n<p style=\"text-align: justify;\">A equipe de coordena\u00e7\u00e3o escolhida ficou assim constitu\u00edda: padre Gilson Cristiano Tardivo (coordenador); irm\u00e3 M\u00e1rcia Edvirges Pereira dos Santos, IC (vice-coordenadora); e irm\u00e3 Luceni Alves de Menezes, MBJ e Ros\u00e2ngela Figueiredo (secret\u00e1rias); padre Fernando Matias e irm\u00e3 Izabel Partelle de Mello, IC, no apoio.<\/p>\n<p><a href=\"https:\/\/www.cnbbo2.org.br\/assembleia-regional-eletiva-e-de-formacao-do-sav-pastoral-vocacional-no-oeste-2-mt\/\" target=\"_blank\" rel=\"noopener\">Confira o relato na \u00edntegra.<\/a><\/p>\n","protected":false},"excerpt":{"rendered":"<p>O Servi\u00e7o de Anima\u00e7\u00e3o Vocacional e Pastoral Vocacional do Regional Oeste 2 da Confer\u00eancia Nacional dos Bispos do Brasil (CNBB) realizou, nos dias 25 e 26 de fevereiro de 2023, a Assembleia Eletiva com a participa\u00e7\u00e3o de representantes das oito dioceses mato-grossenses. O encontro ocorreu na sede do Regional Oeste 2, em Cuiab\u00e1 (MT). A [&hellip;]<\/p>\n","protected":false},"author":1,"featured_media":79676,"comment_status":"open","ping_status":"closed","sticky":false,"template":"","format":"standard","meta":{"footnotes":""},"categories":[7],"tags":[],"class_list":["post-79675","post","type-post","status-publish","format-standard","has-post-thumbnail","hentry","category-cnbb"],"_links":{"self":[{"href":"https:\/\/catolicanet.net\/wp-cnet\/wp-json\/wp\/v2\/posts\/79675","targetHints":{"allow":["GET"]}}],"collection":[{"href":"https:\/\/catolicanet.net\/wp-cnet\/wp-json\/wp\/v2\/posts"}],"about":[{"href":"https:\/\/catolicanet.net\/wp-cnet\/wp-json\/wp\/v2\/types\/post"}],"author":[{"embeddable":true,"href":"https:\/\/catolicanet.net\/wp-cnet\/wp-json\/wp\/v2\/users\/1"}],"replies":[{"embeddable":true,"href":"https:\/\/catolicanet.net\/wp-cnet\/wp-json\/wp\/v2\/comments?post=79675"}],"version-history":[{"count":1,"href":"https:\/\/catolicanet.net\/wp-cnet\/wp-json\/wp\/v2\/posts\/79675\/revisions"}],"predecessor-version":[{"id":79677,"href":"https:\/\/catolicanet.net\/wp-cnet\/wp-json\/wp\/v2\/posts\/79675\/revisions\/79677"}],"wp:featuredmedia":[{"embeddable":true,"href":"https:\/\/catolicanet.net\/wp-cnet\/wp-json\/wp\/v2\/media\/79676"}],"wp:attachment":[{"href":"https:\/\/catolicanet.net\/wp-cnet\/wp-json\/wp\/v2\/media?parent=79675"}],"wp:term":[{"taxonomy":"category","embeddable":true,"href":"https:\/\/catolicanet.net\/wp-cnet\/wp-json\/wp\/v2\/categories?post=79675"},{"taxonomy":"post_tag","embeddable":true,"href":"https:\/\/catolicanet.net\/wp-cnet\/wp-json\/wp\/v2\/tags?post=79675"}],"curies":[{"name":"wp","href":"https:\/\/api.w.org\/{rel}","templated":true}]}}