{"id":79671,"date":"2023-03-01T09:23:07","date_gmt":"2023-03-01T12:23:07","guid":{"rendered":"https:\/\/catolicanet.net\/wp-cnet\/?p=79671"},"modified":"2023-03-01T16:23:47","modified_gmt":"2023-03-01T19:23:47","slug":"escola-de-formacao-das-juventudes-de-pernambuco-abre-inscricoes-para-curso-on-line","status":"publish","type":"post","link":"https:\/\/catolicanet.net\/wp-cnet\/escola-de-formacao-das-juventudes-de-pernambuco-abre-inscricoes-para-curso-on-line\/","title":{"rendered":"ESCOLA DE FORMA\u00c7\u00c3O DAS JUVENTUDES DE PERNAMBUCO ABRE INSCRI\u00c7\u00d5ES PARA CURSO ON-LINE"},"content":{"rendered":"<p style=\"text-align: justify;\">A Arquidiocese de Olinda e Recife (PE) est\u00e1 com inscri\u00e7\u00f5es abertas para o curso on-line \u201cJuventudes e A\u00e7\u00e3o Sociotransformadora\u201d. A capacita\u00e7\u00e3o \u00e9 um dos eixos da Escola de Forma\u00e7\u00e3o das Juventudes Padre Henrique e \u00e9 destinada para os jovens de todo o Brasil que tenham no m\u00ednimo 14 anos de idade.<\/p>\n<p style=\"text-align: justify;\">O curso visa contribuir com a forma\u00e7\u00e3o integral de lideran\u00e7as juvenis a partir de uma base espiritual, teol\u00f3gica, pastoral, social e mission\u00e1ria. Para isso, ser\u00e3o realizadas duas aulas virtuais nos meses de mar\u00e7o e abril, al\u00e9m da oferta de materiais did\u00e1ticos para estudos e atividades inter-encontros.<\/p>\n<p style=\"text-align: justify;\"><a href=\"https:\/\/cnbbne2.org.br\/escola-de-formacao-das-juventudes-padre-henrique-em-pernambuco-abre-inscricao-para-curso-on-line\/\" target=\"_blank\" rel=\"noopener\">Confira a not\u00edcia na \u00edntegra.\u00a0<\/a><\/p>\n","protected":false},"excerpt":{"rendered":"<p>A Arquidiocese de Olinda e Recife (PE) est\u00e1 com inscri\u00e7\u00f5es abertas para o curso on-line \u201cJuventudes e A\u00e7\u00e3o Sociotransformadora\u201d. A capacita\u00e7\u00e3o \u00e9 um dos eixos da Escola de Forma\u00e7\u00e3o das Juventudes Padre Henrique e \u00e9 destinada para os jovens de todo o Brasil que tenham no m\u00ednimo 14 anos de idade. O curso visa contribuir [&hellip;]<\/p>\n","protected":false},"author":1,"featured_media":79672,"comment_status":"open","ping_status":"closed","sticky":false,"template":"","format":"standard","meta":{"footnotes":""},"categories":[7],"tags":[],"class_list":["post-79671","post","type-post","status-publish","format-standard","has-post-thumbnail","hentry","category-cnbb"],"_links":{"self":[{"href":"https:\/\/catolicanet.net\/wp-cnet\/wp-json\/wp\/v2\/posts\/79671","targetHints":{"allow":["GET"]}}],"collection":[{"href":"https:\/\/catolicanet.net\/wp-cnet\/wp-json\/wp\/v2\/posts"}],"about":[{"href":"https:\/\/catolicanet.net\/wp-cnet\/wp-json\/wp\/v2\/types\/post"}],"author":[{"embeddable":true,"href":"https:\/\/catolicanet.net\/wp-cnet\/wp-json\/wp\/v2\/users\/1"}],"replies":[{"embeddable":true,"href":"https:\/\/catolicanet.net\/wp-cnet\/wp-json\/wp\/v2\/comments?post=79671"}],"version-history":[{"count":1,"href":"https:\/\/catolicanet.net\/wp-cnet\/wp-json\/wp\/v2\/posts\/79671\/revisions"}],"predecessor-version":[{"id":79673,"href":"https:\/\/catolicanet.net\/wp-cnet\/wp-json\/wp\/v2\/posts\/79671\/revisions\/79673"}],"wp:featuredmedia":[{"embeddable":true,"href":"https:\/\/catolicanet.net\/wp-cnet\/wp-json\/wp\/v2\/media\/79672"}],"wp:attachment":[{"href":"https:\/\/catolicanet.net\/wp-cnet\/wp-json\/wp\/v2\/media?parent=79671"}],"wp:term":[{"taxonomy":"category","embeddable":true,"href":"https:\/\/catolicanet.net\/wp-cnet\/wp-json\/wp\/v2\/categories?post=79671"},{"taxonomy":"post_tag","embeddable":true,"href":"https:\/\/catolicanet.net\/wp-cnet\/wp-json\/wp\/v2\/tags?post=79671"}],"curies":[{"name":"wp","href":"https:\/\/api.w.org\/{rel}","templated":true}]}}