{"id":79659,"date":"2023-03-01T09:14:08","date_gmt":"2023-03-01T12:14:08","guid":{"rendered":"https:\/\/catolicanet.net\/wp-cnet\/?p=79659"},"modified":"2023-03-01T16:15:41","modified_gmt":"2023-03-01T19:15:41","slug":"rescrito-sobre-o-uso-de-imoveis-pertencentes-a-santa-se","status":"publish","type":"post","link":"https:\/\/catolicanet.net\/wp-cnet\/rescrito-sobre-o-uso-de-imoveis-pertencentes-a-santa-se\/","title":{"rendered":"Rescrito sobre o uso de im\u00f3veis pertencentes \u00e0 Santa S\u00e9"},"content":{"rendered":"<figure class=\"article__image\" style=\"text-align: justify;\"><span class=\"didascalia_img\">Vista da C\u00fapula da Bas\u00edlica de S\u00e3o Pedro\u00a0 (AFP or licensors)<\/span><\/figure>\n<div class=\"article__meta \" data-mediatype=\"\">\n<div class=\"article__subTitle\" style=\"text-align: justify;\">Para fazer frente \u00e0 gravidade do atual contexto econ\u00f4mico, o Papa disp\u00f4s a revoga\u00e7\u00e3o das normas que permitem a utiliza\u00e7\u00e3o gratuita ou em condi\u00e7\u00f5es de favor \u200b\u200bdos im\u00f3veis pertencentes \u00e0s institui\u00e7\u00f5es curiais e organismos relacionados \u00e0 Santa S\u00e9.<\/div>\n<div class=\"title__separator\" style=\"text-align: justify;\"><\/div>\n<div class=\"article__text\">\n<p style=\"text-align: justify;\"><b>Vatican News<\/b><\/p>\n<p style=\"text-align: justify;\">Com um Rescrito na sequ\u00eancia da audi\u00eancia concedida no passado dia 13 de fevereiro ao prefeito da Secretaria para a Economia, Maximino Caballero Ledo, o Papa Francisco disp\u00f4s a revoga\u00e7\u00e3o de todas as disposi\u00e7\u00f5es que permitem o uso gratuito ou em condi\u00e7\u00f5es particulares \u200b\u200bdos bens im\u00f3veis de propriedade das institui\u00e7\u00f5es curiais e \u00f3rg\u00e3os vinculados \u00e0 Santa S\u00e9, incluindo as Domus.<\/p>\n<p style=\"text-align: justify;\">Trata-se de uma decis\u00e3o &#8211; l\u00ea-se no Rescrito &#8211; tomada &#8220;para fazer frente aos crescentes compromissos que o cumprimento do servi\u00e7o \u00e0 Igreja universal e aos mais necessitados exige em um contexto econ\u00f4mico como o atual, que \u00e9 particularmente grave&#8221;, com a consequente necessidade &#8220;que todos fa\u00e7am um sacrif\u00edcio extraordin\u00e1rio para destinar maiores recursos \u00e0 miss\u00e3o da Santa S\u00e9, tamb\u00e9m incrementando as receitas da gest\u00e3o do patrim\u00f4nio imobili\u00e1rio&#8221;.<\/p>\n<p style=\"text-align: justify;\">A disposi\u00e7\u00e3o diz respeito a cardeais, chefes de dicast\u00e9rios, presidentes, secret\u00e1rios, subsecret\u00e1rios, dirigentes e equivalentes, incluindo os auditores e equivalentes, do Tribunal da Rota Romana.<\/p>\n<p style=\"text-align: justify;\">As Institui\u00e7\u00f5es propriet\u00e1rias dos im\u00f3veis dever\u00e3o, portanto, aplicar os valores normalmente aplicados no que tange \u00e0queles que n\u00e3o possuem cargos de qualquer tipo na Santa S\u00e9 e no Estado da Cidade do Vaticano. Tamb\u00e9m as Domus dever\u00e3o aplicar as ordin\u00e1rias tarifas estabelecidas pelo pr\u00f3prio \u00f3rg\u00e3o administrativo.<\/p>\n<p style=\"text-align: justify;\">A disposi\u00e7\u00e3o n\u00e3o tem efeito sobre as concess\u00f5es j\u00e1 outorgadas na data da sua entrada em vigor e, portanto, os contratos anteriormente estipulados mant\u00eam-se at\u00e9 ao seu t\u00e9rmino, mas podem ser prorrogados ou renovados somente no respeito do quanto agora estabelecido, salvo as renova\u00e7\u00f5es obrigat\u00f3rias determinadas pela lei ou pelo contrato. Qualquer exce\u00e7\u00e3o \u00e0 nova normativa deve ser autorizada diretamente pelo Papa.<\/p>\n<\/div>\n<\/div>\n","protected":false},"excerpt":{"rendered":"<p>Vista da C\u00fapula da Bas\u00edlica de S\u00e3o Pedro\u00a0 (AFP or licensors) Para fazer frente \u00e0 gravidade do atual contexto econ\u00f4mico, o Papa disp\u00f4s a revoga\u00e7\u00e3o das normas que permitem a utiliza\u00e7\u00e3o gratuita ou em condi\u00e7\u00f5es de favor \u200b\u200bdos im\u00f3veis pertencentes \u00e0s institui\u00e7\u00f5es curiais e organismos relacionados \u00e0 Santa S\u00e9. Vatican News Com um Rescrito na [&hellip;]<\/p>\n","protected":false},"author":1,"featured_media":79660,"comment_status":"open","ping_status":"closed","sticky":false,"template":"","format":"standard","meta":{"footnotes":""},"categories":[3],"tags":[],"class_list":["post-79659","post","type-post","status-publish","format-standard","has-post-thumbnail","hentry","category-vaticano"],"_links":{"self":[{"href":"https:\/\/catolicanet.net\/wp-cnet\/wp-json\/wp\/v2\/posts\/79659","targetHints":{"allow":["GET"]}}],"collection":[{"href":"https:\/\/catolicanet.net\/wp-cnet\/wp-json\/wp\/v2\/posts"}],"about":[{"href":"https:\/\/catolicanet.net\/wp-cnet\/wp-json\/wp\/v2\/types\/post"}],"author":[{"embeddable":true,"href":"https:\/\/catolicanet.net\/wp-cnet\/wp-json\/wp\/v2\/users\/1"}],"replies":[{"embeddable":true,"href":"https:\/\/catolicanet.net\/wp-cnet\/wp-json\/wp\/v2\/comments?post=79659"}],"version-history":[{"count":1,"href":"https:\/\/catolicanet.net\/wp-cnet\/wp-json\/wp\/v2\/posts\/79659\/revisions"}],"predecessor-version":[{"id":79661,"href":"https:\/\/catolicanet.net\/wp-cnet\/wp-json\/wp\/v2\/posts\/79659\/revisions\/79661"}],"wp:featuredmedia":[{"embeddable":true,"href":"https:\/\/catolicanet.net\/wp-cnet\/wp-json\/wp\/v2\/media\/79660"}],"wp:attachment":[{"href":"https:\/\/catolicanet.net\/wp-cnet\/wp-json\/wp\/v2\/media?parent=79659"}],"wp:term":[{"taxonomy":"category","embeddable":true,"href":"https:\/\/catolicanet.net\/wp-cnet\/wp-json\/wp\/v2\/categories?post=79659"},{"taxonomy":"post_tag","embeddable":true,"href":"https:\/\/catolicanet.net\/wp-cnet\/wp-json\/wp\/v2\/tags?post=79659"}],"curies":[{"name":"wp","href":"https:\/\/api.w.org\/{rel}","templated":true}]}}