{"id":79605,"date":"2023-02-23T14:14:49","date_gmt":"2023-02-23T17:14:49","guid":{"rendered":"https:\/\/catolicanet.net\/wp-cnet\/?p=79605"},"modified":"2023-02-23T14:18:35","modified_gmt":"2023-02-23T17:18:35","slug":"a-acn-realizou-mais-de-290-projetos-na-ucrania-desde-a-invasao-russa-em-24-de-fevereiro-de-2022","status":"publish","type":"post","link":"https:\/\/catolicanet.net\/wp-cnet\/a-acn-realizou-mais-de-290-projetos-na-ucrania-desde-a-invasao-russa-em-24-de-fevereiro-de-2022\/","title":{"rendered":"A ACN realizou mais de 290 projetos na Ucr\u00e2nia, desde a invas\u00e3o russa em 24 de fevereiro de 2022"},"content":{"rendered":"<p>Arcebispo Vitaliy Herasymiv rezando com soldados num posto de bloqueio\u00a0Cr\u00e9dito: ACN<\/p>\n<p style=\"text-align: center;\"><em>Distribu\u00eddos em diferentes projetos em toda a Ucr\u00e2nia, a ACN incluiu dioceses cat\u00f3licas latinas e gregas, apoiadas com ajuda existencial, alimentos e servi\u00e7os b\u00e1sicos, transporte, geradores e sistemas de isolamento ou aquecimento e apoio aos refugiados e soldados<\/em><\/p>\n<p><img loading=\"lazy\" decoding=\"async\" class=\"wp-image-79607 size-full aligncenter\" src=\"https:\/\/catolicanet.net\/wp-cnet\/wp-content\/uploads\/2023\/02\/13.jpg\" alt=\"\" width=\"1599\" height=\"820\" srcset=\"https:\/\/catolicanet.net\/wp-cnet\/wp-content\/uploads\/2023\/02\/13.jpg 1599w, https:\/\/catolicanet.net\/wp-cnet\/wp-content\/uploads\/2023\/02\/13-300x154.jpg 300w, https:\/\/catolicanet.net\/wp-cnet\/wp-content\/uploads\/2023\/02\/13-1024x525.jpg 1024w, https:\/\/catolicanet.net\/wp-cnet\/wp-content\/uploads\/2023\/02\/13-768x394.jpg 768w, https:\/\/catolicanet.net\/wp-cnet\/wp-content\/uploads\/2023\/02\/13-1536x788.jpg 1536w, https:\/\/catolicanet.net\/wp-cnet\/wp-content\/uploads\/2023\/02\/13-696x357.jpg 696w, https:\/\/catolicanet.net\/wp-cnet\/wp-content\/uploads\/2023\/02\/13-1068x548.jpg 1068w, https:\/\/catolicanet.net\/wp-cnet\/wp-content\/uploads\/2023\/02\/13-819x420.jpg 819w\" sizes=\"auto, (max-width: 1599px) 100vw, 1599px\" \/><\/p>\n<p style=\"text-align: justify;\">Distribui\u00e7\u00e3o de ajuda humanit\u00e1ria<\/p>\n<p style=\"text-align: justify;\">Cr\u00e9dito: ACN<\/p>\n<p style=\"text-align: justify;\">Quando as tropas russas come\u00e7aram uma invas\u00e3o em grande escala na Ucr\u00e2nia, em fevereiro de 2022, bombardeando grandes cidades e tentando capturar Kiev, a Funda\u00e7\u00e3o Pontif\u00edcia ACN (Ajuda \u00e0 Igreja que Sofre) foi uma das primeiras organiza\u00e7\u00f5es de socorro a fornecer assist\u00eancia imediata aos civis ucranianos. Ap\u00f3s 12 meses de guerra, a ajuda total \u00e0 Ucr\u00e2nia soma <strong>292 projetos<\/strong>.<\/p>\n<p style=\"text-align: justify;\">\u201cAo longo do ano, n\u00e3o houve tr\u00e9gua nesses esfor\u00e7os; pelo contr\u00e1rio, eles se multiplicaram e ajudaram diretamente mais de 15.000 religiosos, entre sacerdotes, freiras e leigos, a maioria das quais se dedica a servir os mais necessitados e desesperados, incluindo aqueles que perderam todos os seus bens, ou mesmo membros da fam\u00edlia, durante a guerra\u201d, informa Valter Callegari, diretor executivo da ACN-Brasil.<\/p>\n<p style=\"text-align: justify;\">Uma grande parte destes projetos consistiu em ajuda existencial de emerg\u00eancia, <strong>que beneficiou 7.447<\/strong> sacerdotes, religiosas e funcion\u00e1rios diocesanos. Estes s\u00e3o os homens e as mulheres que permaneceram no terreno, por vezes nas situa\u00e7\u00f5es mais perigosas, mantendo a vida e as atividades da Igreja em curso e permitindo-lhe continuar a prover \u00e0s necessidades espirituais e materiais da popula\u00e7\u00e3o local.<\/p>\n<p style=\"text-align: justify;\">Como circunst\u00e2ncias extraordin\u00e1rias exigem medidas extraordin\u00e1rias, muitos semin\u00e1rios e outros edif\u00edcios da Igreja abriram suas portas para as fam\u00edlias que fugiam do conflito. Alimentos e servi\u00e7os b\u00e1sicos foram garantidos pela ACN, atrav\u00e9s <strong>da ajuda a 738 seminaristas<\/strong>, bem como o financiamento de <strong>231 melhorias de cozinha e fornos port\u00e1teis<\/strong>, ou outros equipamentos dom\u00e9sticos para par\u00f3quias, mosteiros, semin\u00e1rios e outras institui\u00e7\u00f5es que est\u00e3o ajudando os refugiados.<\/p>\n<p style=\"text-align: justify;\">As primeiras semanas e meses da guerra viram uma grande onda de pessoas deslocadas se dirigirem para o oeste da Ucr\u00e2nia. A ACN tamb\u00e9m esteve presente para essas pessoas e forneceu apoio direto a <strong>2.274 refugiados<\/strong>, na forma de ajuda humanit\u00e1ria atrav\u00e9s de institui\u00e7\u00f5es da Igreja.<\/p>\n<p style=\"text-align: justify;\"><strong>Al\u00edvio social e espiritual para crian\u00e7as e jovens<\/strong><\/p>\n<p style=\"text-align: justify;\">As crian\u00e7as e os jovens est\u00e3o sempre entre os mais afetados nestas situa\u00e7\u00f5es, pois a guerra imp\u00f5e mudan\u00e7as radicais de h\u00e1bitos e interrompe as rotinas escolares. Durante este ano, a Igreja local prestou uma aten\u00e7\u00e3o especial \u00e0s necessidades educacionais, incluindo oportunidades de lazer que s\u00e3o essenciais para um desenvolvimento saud\u00e1vel. A ACN contribuiu para este esfor\u00e7o financiando atividades pastorais juvenis e campos de f\u00e9rias em \u00e1reas seguras, longe das zonas de combate, para 1.712 jovens.<\/p>\n<p style=\"text-align: justify;\">Agentes religiosos e milhares de volunt\u00e1rios leigos deram tudo de si para ajudar os seus irm\u00e3os e irm\u00e3s em perigo, assumindo o risco de exaust\u00e3o f\u00edsica e espiritual. Portanto, a ACN tamb\u00e9m financiou 16 projetos de <strong>sess\u00f5es de forma\u00e7\u00e3o e retiros espirituais para 3.280 pessoas<\/strong>, a grande maioria das quais \u2013 2.640 \u2013 eram leigos e fam\u00edlias envolvidas nos esfor\u00e7os pastorais da Igreja, com os restantes 640 sendo religiosos, sacerdotes ou catequistas.<\/p>\n<p style=\"text-align: justify;\"><strong>Gerando calor e esperan\u00e7a<\/strong><\/p>\n<p style=\"text-align: justify;\">Com a persistente crise energ\u00e9tica resultante da guerra, a aproxima\u00e7\u00e3o do inverno trouxe consigo novas necessidades em termos de aquecimento. A ACN conseguiu fornecer <strong>205 geradores e 78 sistemas de isolamento ou aquecimento<\/strong> a diferentes comunidades de religiosos consagrados, permitindo-lhes assim permanecer nas suas resid\u00eancias. A estes esfor\u00e7os podem ser <strong>adicionados 25<\/strong> projetos de constru\u00e7\u00e3o ou renova\u00e7\u00e3o para melhorar, reparar ou ampliar edif\u00edcios, incluindo igrejas; tr\u00eas projetos de \u00e1gua ou saneamento e tr\u00eas projetos para a instala\u00e7\u00e3o ou substitui\u00e7\u00e3o de janelas.<\/p>\n<p style=\"text-align: justify;\">Al\u00e9m de todos esses projetos, a Funda\u00e7\u00e3o Pontif\u00edcia tamb\u00e9m ajudou na compra de <strong>80 carros e vans<\/strong> que foram doados a dioceses, par\u00f3quias, semin\u00e1rios e ordens religiosas, entre outros, e s\u00e3o usados para prestar assist\u00eancia pastoral e distribuir suprimentos.<\/p>\n<p style=\"text-align: justify;\">Como sempre, uma parte muito importante da assist\u00eancia da ACN veio na forma de estip\u00eandios de Missas que ajudam a apoiar os sacerdotes em seu trabalho di\u00e1rio. Estas Missas s\u00e3o celebradas pelas inten\u00e7\u00f5es dos benfeitores e, naturalmente, pelo fim das hostilidades. Pelo menos <strong>6.549 sacerdotes receberam estip\u00eandios da Missa<\/strong>, e o benef\u00edcio espiritual deles \u00e9 incalcul\u00e1vel.<\/p>\n<p style=\"text-align: justify;\">A ACN tamb\u00e9m ajudou a comprar <strong>130 kits lit\u00fargicos<\/strong> para que os sacerdotes pudessem celebrar o Mass em diferentes situa\u00e7\u00f5es e ambientes, \u00e0s vezes em movimento ou em zonas de conflito.<\/p>\n<p style=\"text-align: justify;\">A entidade de caridade cat\u00f3lica internacional continua a receber mensagens de profunda gratid\u00e3o dos seus parceiros locais.\u00a0 Em uma mensagem de Natal enviada \u00e0 ACN, o Arcebispo Maior Sviatoslav Shevchuk, da Igreja Greco-Cat\u00f3lica Ucraniana, disse: &#8220;Deixe-me transmitir-lhe os melhores desejos e agradecimentos da Ucr\u00e2nia, em meio ao frio. Sem eletricidade, sem aquecimento. Mas com Deus, que vem para nascer de novo entre n\u00f3s. Que a presen\u00e7a de Deus seja a nossa esperan\u00e7a, seja a nossa f\u00e9 e seja a fonte da nossa vida nas circunst\u00e2ncias atuais de guerra na Ucr\u00e2nia!&#8221;.<\/p>\n<p style=\"text-align: justify;\">O arcebispo greco-cat\u00f3lico de Lviv, Mieczyslaw Mokrzycki, e seu bispo auxiliar Volodymyr Hrutsa, tamb\u00e9m expressaram seus &#8220;sinceros agradecimentos a todos os benfeitores da ACN&#8221; e pediram que eles &#8220;continuem a prestar ajuda \u00e0 Ucr\u00e2nia, especialmente na temporada de inverno&#8221;.<\/p>\n<p style=\"text-align: justify;\">Durante uma confer\u00eancia online em 8 de fevereiro de 2023, o Mons. Visvaldas Kulbokas, N\u00fancio Apost\u00f3lico na Ucr\u00e2nia, disse \u00e0 ACN que: &#8220;Sentimos a sua presen\u00e7a. Sentimos suas ora\u00e7\u00f5es e todos os dias estamos testemunhando pequenos milagres \u2013 suas ora\u00e7\u00f5es s\u00e3o muito importantes para permanecer fortes e somos gratos&#8221;.<\/p>\n","protected":false},"excerpt":{"rendered":"<p>Arcebispo Vitaliy Herasymiv rezando com soldados num posto de bloqueio\u00a0Cr\u00e9dito: ACN Distribu\u00eddos em diferentes projetos em toda a Ucr\u00e2nia, a ACN incluiu dioceses cat\u00f3licas latinas e gregas, apoiadas com ajuda existencial, alimentos e servi\u00e7os b\u00e1sicos, transporte, geradores e sistemas de isolamento ou aquecimento e apoio aos refugiados e soldados Distribui\u00e7\u00e3o de ajuda humanit\u00e1ria Cr\u00e9dito: ACN [&hellip;]<\/p>\n","protected":false},"author":1,"featured_media":79606,"comment_status":"open","ping_status":"closed","sticky":false,"template":"","format":"standard","meta":{"footnotes":""},"categories":[4],"tags":[],"class_list":["post-79605","post","type-post","status-publish","format-standard","has-post-thumbnail","hentry","category-cotidiano"],"_links":{"self":[{"href":"https:\/\/catolicanet.net\/wp-cnet\/wp-json\/wp\/v2\/posts\/79605","targetHints":{"allow":["GET"]}}],"collection":[{"href":"https:\/\/catolicanet.net\/wp-cnet\/wp-json\/wp\/v2\/posts"}],"about":[{"href":"https:\/\/catolicanet.net\/wp-cnet\/wp-json\/wp\/v2\/types\/post"}],"author":[{"embeddable":true,"href":"https:\/\/catolicanet.net\/wp-cnet\/wp-json\/wp\/v2\/users\/1"}],"replies":[{"embeddable":true,"href":"https:\/\/catolicanet.net\/wp-cnet\/wp-json\/wp\/v2\/comments?post=79605"}],"version-history":[{"count":1,"href":"https:\/\/catolicanet.net\/wp-cnet\/wp-json\/wp\/v2\/posts\/79605\/revisions"}],"predecessor-version":[{"id":79608,"href":"https:\/\/catolicanet.net\/wp-cnet\/wp-json\/wp\/v2\/posts\/79605\/revisions\/79608"}],"wp:featuredmedia":[{"embeddable":true,"href":"https:\/\/catolicanet.net\/wp-cnet\/wp-json\/wp\/v2\/media\/79606"}],"wp:attachment":[{"href":"https:\/\/catolicanet.net\/wp-cnet\/wp-json\/wp\/v2\/media?parent=79605"}],"wp:term":[{"taxonomy":"category","embeddable":true,"href":"https:\/\/catolicanet.net\/wp-cnet\/wp-json\/wp\/v2\/categories?post=79605"},{"taxonomy":"post_tag","embeddable":true,"href":"https:\/\/catolicanet.net\/wp-cnet\/wp-json\/wp\/v2\/tags?post=79605"}],"curies":[{"name":"wp","href":"https:\/\/api.w.org\/{rel}","templated":true}]}}