{"id":79532,"date":"2023-03-15T09:00:12","date_gmt":"2023-03-15T12:00:12","guid":{"rendered":"https:\/\/catolicanet.net\/wp-cnet\/?p=79532"},"modified":"2023-02-23T12:48:13","modified_gmt":"2023-02-23T15:48:13","slug":"convertei-vos-e-crede-no-evangelho-6","status":"publish","type":"post","link":"https:\/\/catolicanet.net\/wp-cnet\/convertei-vos-e-crede-no-evangelho-6\/","title":{"rendered":"Convertei-vos e crede no Evangelho"},"content":{"rendered":"<p style=\"text-align: center;\"><em>5\u00aa Catequese Quaresmal<\/em><\/p>\n<p style=\"text-align: justify;\"><em>\u00a0<\/em>Aprofundaremos agora um tema pertinente em nosso cotidiano, e como poderemos vivenciar o esp\u00edrito quaresmal em nosso dia a dia. Uma das formas de vivenciar o esp\u00edrito quaresmal \u00e9 colocar em pratica o jejum, a esmola e a ora\u00e7\u00e3o.<\/p>\n<p style=\"text-align: justify;\">O tempo da Quaresma \u00e9 voltado para a penit\u00eancia e ora\u00e7\u00e3o, sendo um per\u00edodo de sil\u00eancio e medita\u00e7\u00e3o. Portanto, n\u00e3o \u00e9 um tempo triste ou de luto, mas pelo contr\u00e1rio, \u00e9 um tempo de alegria, pois sabemos que Cristo morreu e ressuscitou por n\u00f3s. \u00c9 um per\u00edodo em que fazemos, junto com a Igreja, um retiro de 40 dias. O tempo da Quaresma recorda os 40 dias em que Jesus sofreu as tenta\u00e7\u00f5es no deserto e os 40 anos que o povo de Deus peregrinou no deserto at\u00e9 chegar \u00e0 terra prometida.<\/p>\n<p style=\"text-align: justify;\">Durante o tempo da Quaresma n\u00e3o se canta o hino do gl\u00f3ria e o aleluia, ambos c\u00e2nticos retomam na grande vig\u00edlia Pascal. Recomenda-se, ainda, tocar menos instrumentos musicais. A Igreja tamb\u00e9m n\u00e3o deve ser ornada com flores e toalhas solenes, mas toalhas simples.<\/p>\n<p style=\"text-align: justify;\">Fa\u00e7amos, juntos com a Igreja, esse per\u00edodo de retiro quaresmal, amando e servindo o nosso pr\u00f3ximo, realizando a nossa confiss\u00e3o sacramental auricular e que possamos chegar com o cora\u00e7\u00e3o purificado \u00e0 festa da P\u00e1scoa. Que de fato possamos nos converter de todo o cora\u00e7\u00e3o e que abandonemos todos os nossos pecados. Que nesse per\u00edodo quaresmal, tratemos bem o nosso semelhante, sobretudo, os nossos irm\u00e3os de comunidade.<\/p>\n<p style=\"text-align: justify;\">Normalmente, durante o per\u00edodo quaresmal, as par\u00f3quias costumam promover missa penitencial, todos os dias ou \u00e0s sextas-feiras, logo cedo, por volta das 5h30 ou 6h. Fa\u00e7a um esfor\u00e7o para participar. S\u00e3o pequenos gestos que nos ajudam em nossa convers\u00e3o. Se n\u00e3o puder ir nesse hor\u00e1rio, com certeza a sua par\u00f3quia tem outros hor\u00e1rios de missa, procure ir nesse outro hor\u00e1rio. Durante a Quaresma, somos chamados a intensificar nossa ora\u00e7\u00e3o, e participar mais vezes da missa \u00e9 uma das formas de intensificar nossa ora\u00e7\u00e3o. Se voc\u00ea s\u00f3 vai \u00e0 missa aos domingos, procure ir todos os dias, ou se n\u00e3o for poss\u00edvel, v\u00e1 uma ou duas vezes na semana.<\/p>\n<p style=\"text-align: justify;\">Intensifique, tamb\u00e9m, a ora\u00e7\u00e3o do ter\u00e7o, procurando rez\u00e1-lo diariamente, pois essa uma das formas de reestruturar a vida de ora\u00e7\u00e3o. Ao longo do dia, pode-se tamb\u00e9m meditar a Palavra de Deus ou rezar jaculat\u00f3rias a Nosso Senhor. Devemos iniciar na Quaresma o processo de convers\u00e3o e continu\u00e1-lo ao longo de todo ano. N\u00e3o rezemos o ter\u00e7o, as jaculat\u00f3rias ou participemos das missas somente na Quaresma, mas ao longo de todo ano.<\/p>\n<p style=\"text-align: justify;\">Durante o tempo da Quaresma, os fi\u00e9is s\u00e3o convidados a realizar a confiss\u00e3o sacramental auricular e se reconciliar com Deus. As par\u00f3quias podem promover celebra\u00e7\u00f5es penitenciais e, ap\u00f3s a celebra\u00e7\u00e3o, abrir espa\u00e7o para confiss\u00e3o sacramental auricular. Ao final da celebra\u00e7\u00e3o, o padre deve dirigir-se ao confession\u00e1rio e atender as confiss\u00f5es de maneira auricular e individual.<\/p>\n<p style=\"text-align: justify;\">\u00a0Os padres devem incentivar os fi\u00e9is a se confessar e promover hor\u00e1rios flex\u00edveis de confiss\u00e3o, para que todos os fi\u00e9is possam se confessar. Cabe aos sacerdotes, ainda, ensinar os paroquianos sobre a import\u00e2ncia da confiss\u00e3o e de estar em dia com Deus. A confiss\u00e3o \u00e9 um momento importante para que todos os fi\u00e9is possam chegar de maneira pura \u00e0 celebra\u00e7\u00e3o da P\u00e1scoa e, tamb\u00e9m, que nenhum fiel tenha queixa um contra o outro.<\/p>\n<p style=\"text-align: justify;\">Por fim, uma outra importante pr\u00e1tica nesse per\u00edodo quaresmal \u00e9 o sil\u00eancio. Muitas vezes \u00e9 necess\u00e1rio silenciar-se para n\u00e3o falar mal do outro, n\u00e3o criticar e apontar os defeitos do pr\u00f3ximo. \u00c9 bom silenciar para n\u00e3o falar besteira ou palavra de baixo cal\u00e3o, \u00e9 necess\u00e1rio silenciar para deixar Deus falar. Muitas vezes at\u00e9 mesmo na ora\u00e7\u00e3o queremos falar muito, e n\u00e3o escutamos Deus. A ora\u00e7\u00e3o deve ser um di\u00e1logo, onde falamos e deixamos Deus falar.<\/p>\n<p style=\"text-align: justify;\">Participemos ativamente do tempo quaresmal, nos aproximemos do sacramento da confiss\u00e3o e tratemos bem o nosso semelhante. Que a espiritualidade desse tempo nos ajude a chegar de maneira renovada na P\u00e1scoa e que essa convers\u00e3o seja cont\u00ednua e di\u00e1ria.<\/p>\n","protected":false},"excerpt":{"rendered":"<p>5\u00aa Catequese Quaresmal \u00a0Aprofundaremos agora um tema pertinente em nosso cotidiano, e como poderemos vivenciar o esp\u00edrito quaresmal em nosso dia a dia. Uma das formas de vivenciar o esp\u00edrito quaresmal \u00e9 colocar em pratica o jejum, a esmola e a ora\u00e7\u00e3o. O tempo da Quaresma \u00e9 voltado para a penit\u00eancia e ora\u00e7\u00e3o, sendo um [&hellip;]<\/p>\n","protected":false},"author":5,"featured_media":55819,"comment_status":"open","ping_status":"closed","sticky":false,"template":"","format":"standard","meta":{"footnotes":""},"categories":[9],"tags":[],"class_list":["post-79532","post","type-post","status-publish","format-standard","has-post-thumbnail","hentry","category-artigos"],"_links":{"self":[{"href":"https:\/\/catolicanet.net\/wp-cnet\/wp-json\/wp\/v2\/posts\/79532","targetHints":{"allow":["GET"]}}],"collection":[{"href":"https:\/\/catolicanet.net\/wp-cnet\/wp-json\/wp\/v2\/posts"}],"about":[{"href":"https:\/\/catolicanet.net\/wp-cnet\/wp-json\/wp\/v2\/types\/post"}],"author":[{"embeddable":true,"href":"https:\/\/catolicanet.net\/wp-cnet\/wp-json\/wp\/v2\/users\/5"}],"replies":[{"embeddable":true,"href":"https:\/\/catolicanet.net\/wp-cnet\/wp-json\/wp\/v2\/comments?post=79532"}],"version-history":[{"count":1,"href":"https:\/\/catolicanet.net\/wp-cnet\/wp-json\/wp\/v2\/posts\/79532\/revisions"}],"predecessor-version":[{"id":79533,"href":"https:\/\/catolicanet.net\/wp-cnet\/wp-json\/wp\/v2\/posts\/79532\/revisions\/79533"}],"wp:featuredmedia":[{"embeddable":true,"href":"https:\/\/catolicanet.net\/wp-cnet\/wp-json\/wp\/v2\/media\/55819"}],"wp:attachment":[{"href":"https:\/\/catolicanet.net\/wp-cnet\/wp-json\/wp\/v2\/media?parent=79532"}],"wp:term":[{"taxonomy":"category","embeddable":true,"href":"https:\/\/catolicanet.net\/wp-cnet\/wp-json\/wp\/v2\/categories?post=79532"},{"taxonomy":"post_tag","embeddable":true,"href":"https:\/\/catolicanet.net\/wp-cnet\/wp-json\/wp\/v2\/tags?post=79532"}],"curies":[{"name":"wp","href":"https:\/\/api.w.org\/{rel}","templated":true}]}}