{"id":79519,"date":"2023-02-20T09:37:05","date_gmt":"2023-02-20T12:37:05","guid":{"rendered":"https:\/\/catolicanet.net\/wp-cnet\/?p=79519"},"modified":"2023-02-23T12:38:49","modified_gmt":"2023-02-23T15:38:49","slug":"a-realidade-da-fome","status":"publish","type":"post","link":"https:\/\/catolicanet.net\/wp-cnet\/a-realidade-da-fome\/","title":{"rendered":"A REALIDADE DA FOME"},"content":{"rendered":"<p style=\"text-align: justify;\">\u00a0\u00a0\u00a0\u00a0\u00a0\u00a0\u00a0\u00a0\u00a0\u00a0\u00a0 \u201cQuem inventou a fome s\u00e3o os que comem\u201d. Assim a escritora Carolina Maria de Jesus um dia abordou esse tema. Assim a CNBB, pela terceira vez, recoloca o assunto em uma Campanha da Fraternidade a n\u00edvel nacional, por entender que \u201c\u00e9 dever e tamb\u00e9m direito da Igreja lidar com essas quest\u00f5es\u201d, que mais uma vez 58,1% da popula\u00e7\u00e3o brasileira vive em algum n\u00edvel de Inseguran\u00e7a Alimentar e 15,5% (33 milh\u00f5es) passam fome (Dados do II Inqu\u00e9rito\u00a0 VIGISAN- 2022). \u201c\u00c9 como se todos os habitantes das sete maiores cidades do Brasil ou todos os peruanos passassem fome\u201d (40).<\/p>\n<p style=\"text-align: justify;\">\u00a0\u00a0\u00a0\u00a0\u00a0\u00a0\u00a0\u00a0\u00a0\u00a0\u00a0 A desigualdade num pa\u00eds que se diz celeiro do mundo, al\u00e9m de contradit\u00f3ria, \u00e9 vergonhosa, assustadora. \u201cA progressiva crise econ\u00f4mica e o desmonte das pol\u00edticas p\u00fablicas explicam o recrudescimento da inseguran\u00e7a alimentar\u201d (42), pondera o TB da CF, que d\u00e1 um diagn\u00f3stico da causa: o n\u00e3o incentivo \u00e0 agricultura familiar, que produziria mais alimentos para a mesa do brasileiro. \u201cA presen\u00e7a do agroneg\u00f3cio, por um lado, gera receitas e aquece o mercado externo e a exporta\u00e7\u00e3o dos produtos agr\u00edcolas&#8230; por outro lado, a presen\u00e7a das pequenas propriedades permite maior diversifica\u00e7\u00e3o da produ\u00e7\u00e3o agr\u00edcola&#8230; No Brasil, em geral, n\u00e3o se produz para comer. Produz-se para lucrar e exportar\u201d (47).<\/p>\n<p style=\"text-align: justify;\">\u00a0\u00a0\u00a0\u00a0\u00a0\u00a0\u00a0\u00a0\u00a0\u00a0\u00a0 Feito o diagn\u00f3stico, vem o problema. Como inverter ou ao menos conciliar esse conceito produtivo com a necessidade dos que pouco ou nada produzem. \u201cExportamos o que n\u00e3o consumimos. Mas n\u00e3o consumismo porque o sal\u00e1rio \u00e9 miser\u00e1vel\u201d (51). O disparate da nossa desigualdade \u00e9 hoje o maior fator da divis\u00e3o pol\u00edtico-social que bem conhecemos. E amargamos como povo outrora unido. \u201c\u00c9 conden\u00e1vel que seres humanos sejam deixados morrendo de fome por causa da indiferen\u00e7a ego\u00edsta, com desperd\u00edcios alimentares e in\u00fateis refinamentos gastron\u00f4micos; \u00e9 moralmente conden\u00e1vel quem banqueteia enquanto o pobre espera inutilmente \u00e0 porta\u201d (58).<\/p>\n<p style=\"text-align: justify;\">\u00a0\u00a0\u00a0\u00a0\u00a0\u00a0\u00a0\u00a0\u00a0\u00a0\u00a0 Fome e sede andam juntas. A escassez dos recursos h\u00eddricos e seu mau uso pela prioridade dada \u00e0 gera\u00e7\u00e3o de energia, tamb\u00e9m condena nossos conceitos de progresso. Precisamos tratar essa quest\u00e3o com mais racionalidade. No Brasil n\u00e3o existe um dado confi\u00e1vel sobre a triste realidade dos moradores de rua, simplesmente porque n\u00e3o possuem domic\u00edlio e o censo n\u00e3o os contabiliza. Aqui a fome campeia livre e solta. Mas \u201ca quest\u00e3o da fome e a quest\u00e3o da moradia andam sempre juntas\u201d (64), porque \u201co processo da globaliza\u00e7\u00e3o da indiferen\u00e7a e a cultura do descarte se reinventam com novas formas de gerar a exclus\u00e3o\u201d (65), nos coloca o Texto-base. Aqui est\u00e3o algumas pinceladas do que temos de precioso nessas reflex\u00f5es. Bom mesmo seria sua leitura pessoal. Ela nos devolve o senso cr\u00edtico.<\/p>\n","protected":false},"excerpt":{"rendered":"<p>\u00a0\u00a0\u00a0\u00a0\u00a0\u00a0\u00a0\u00a0\u00a0\u00a0\u00a0 \u201cQuem inventou a fome s\u00e3o os que comem\u201d. Assim a escritora Carolina Maria de Jesus um dia abordou esse tema. Assim a CNBB, pela terceira vez, recoloca o assunto em uma Campanha da Fraternidade a n\u00edvel nacional, por entender que \u201c\u00e9 dever e tamb\u00e9m direito da Igreja lidar com essas quest\u00f5es\u201d, que mais uma [&hellip;]<\/p>\n","protected":false},"author":17,"featured_media":55826,"comment_status":"open","ping_status":"closed","sticky":false,"template":"","format":"standard","meta":{"footnotes":""},"categories":[9],"tags":[],"class_list":["post-79519","post","type-post","status-publish","format-standard","has-post-thumbnail","hentry","category-artigos"],"_links":{"self":[{"href":"https:\/\/catolicanet.net\/wp-cnet\/wp-json\/wp\/v2\/posts\/79519","targetHints":{"allow":["GET"]}}],"collection":[{"href":"https:\/\/catolicanet.net\/wp-cnet\/wp-json\/wp\/v2\/posts"}],"about":[{"href":"https:\/\/catolicanet.net\/wp-cnet\/wp-json\/wp\/v2\/types\/post"}],"author":[{"embeddable":true,"href":"https:\/\/catolicanet.net\/wp-cnet\/wp-json\/wp\/v2\/users\/17"}],"replies":[{"embeddable":true,"href":"https:\/\/catolicanet.net\/wp-cnet\/wp-json\/wp\/v2\/comments?post=79519"}],"version-history":[{"count":1,"href":"https:\/\/catolicanet.net\/wp-cnet\/wp-json\/wp\/v2\/posts\/79519\/revisions"}],"predecessor-version":[{"id":79520,"href":"https:\/\/catolicanet.net\/wp-cnet\/wp-json\/wp\/v2\/posts\/79519\/revisions\/79520"}],"wp:featuredmedia":[{"embeddable":true,"href":"https:\/\/catolicanet.net\/wp-cnet\/wp-json\/wp\/v2\/media\/55826"}],"wp:attachment":[{"href":"https:\/\/catolicanet.net\/wp-cnet\/wp-json\/wp\/v2\/media?parent=79519"}],"wp:term":[{"taxonomy":"category","embeddable":true,"href":"https:\/\/catolicanet.net\/wp-cnet\/wp-json\/wp\/v2\/categories?post=79519"},{"taxonomy":"post_tag","embeddable":true,"href":"https:\/\/catolicanet.net\/wp-cnet\/wp-json\/wp\/v2\/tags?post=79519"}],"curies":[{"name":"wp","href":"https:\/\/api.w.org\/{rel}","templated":true}]}}