{"id":79498,"date":"2023-02-18T09:26:50","date_gmt":"2023-02-18T12:26:50","guid":{"rendered":"https:\/\/catolicanet.net\/wp-cnet\/?p=79498"},"modified":"2023-02-23T12:27:54","modified_gmt":"2023-02-23T15:27:54","slug":"sede-perfeitos-como-o-vosso-pai-celeste-e-perfeito-mt-548","status":"publish","type":"post","link":"https:\/\/catolicanet.net\/wp-cnet\/sede-perfeitos-como-o-vosso-pai-celeste-e-perfeito-mt-548\/","title":{"rendered":"\u201cSede perfeitos como o vosso Pai Celeste \u00e9 perfeito\u201d (Mt 5,48)"},"content":{"rendered":"<p style=\"text-align: center;\"><em>7\u00ba Domingo do Tempo Comum<\/em><\/p>\n<p style=\"text-align: justify;\"><em>\u00a0<\/em>Celebramos neste domingo, o s\u00e9timo do Tempo Comum. A partir de ter\u00e7a-feira, faremos uma pausa no Tempo Comum para iniciar, na Quarta-Feira de Cinzas, o tempo quaresmal. O Tempo Comum retomar\u00e1 ap\u00f3s a celebra\u00e7\u00e3o de Pentecostes. A Igreja sabiamente prop\u00f5e o calend\u00e1rio lit\u00fargico de acordo com aquilo que estamos vivendo. Ap\u00f3s o carnaval, recordamos os 40 dias que Jesus sofreu as tenta\u00e7\u00f5es no deserto, com o per\u00edodo da Quaresma e, ap\u00f3s a Quaresma, com a ressurrei\u00e7\u00e3o de Jesus, a Igreja celebra a P\u00e1scoa e, posteriormente, o tempo pascal. A Igreja celebra o tempo pascal por 50 dias, pois a alegria da P\u00e1scoa \u00e9 t\u00e3o grande que n\u00e3o pode ser resumida em um domingo s\u00f3. Ap\u00f3s Pentecostes, que \u00e9 o envio do Esp\u00edrito Santo e o nascimento da Igreja primitiva, retoma-se o Tempo Comum.<\/p>\n<p style=\"text-align: justify;\">A cada domingo do ano lit\u00fargico, somos convidados a nos reunirmos com nossa fam\u00edlia em torno da mesa da Palavra e da Eucaristia e alimentarmo-nos do seu Corpo e Sangue. Queremos nos abrir \u00e0 gra\u00e7a de Deus e colocar em pr\u00e1tica a sua Palavra em nossa vida e, aos poucos, moldar a nossa vida \u00e0 sua vontade. Rezemos nessa Eucaristia pela paz e que cesse a viol\u00eancia. Elevemos ainda uma prece pelo povo da Turquia e S\u00edria, que sofreram recentemente com o terremoto, para que aqueles que sobreviveram, possam conseguir reconstruir suas vidas.<\/p>\n<p style=\"text-align: justify;\">Na liturgia deste domingo, aprenderemos o significado da verdadeira justi\u00e7a e a rezar por aqueles que nos fazem mal. Os crist\u00e3os n\u00e3o devem pagar o mal com o mal, mas ao contr\u00e1rio, pagar o mal que nos fizeram com o bem. O crist\u00e3o \u00e9 aquele que n\u00e3o deve ter \u00f3dio em seu cora\u00e7\u00e3o, mas deve trazer em seu cora\u00e7\u00e3o o amor ensinado por Jesus. O outro pode nos perseguir por um tempo, mas em determinado momento, se n\u00e3o dermos conta e n\u00e3o nos desgastarmos respondendo, ele ir\u00e1 desistir. Ao inv\u00e9s de respondermos na mesma moeda, rezemos por aqueles que nos perseguem.<\/p>\n<p style=\"text-align: justify;\">A primeira leitura da missa desse domingo \u00e9 do livro do Lev\u00edtico <em>(Lv 19,1-2.17-18). <\/em>O Senhor fala a Mois\u00e9s para que ele transmita aos filhos de Israel dizendo para que eles sejam santos como Deus \u00e9 santo. Isso serve para n\u00f3s nos dias de hoje, a partir do nosso batismo, somos convidados a viver a santidade no dia a dia, praticando o amor ao pr\u00f3ximo, rezando por aqueles que nos perseguem e praticando a justi\u00e7a de acordo com aquilo que est\u00e1 nos mandamentos. Uma coisa importante que o Senhor fala por meio de Mois\u00e9s nessa leitura hoje e que serve para todos n\u00f3s, n\u00e3o tenhamos \u00f3dio de ningu\u00e9m. O \u00f3dio \u00e9 um sentimento muito forte, se tivermos algo contra algu\u00e9m, procuremos nos reconciliar com essa pessoa ou rezemos por ela. O \u00f3dio, literalmente falando, n\u00e3o \u00e9 de Deus.<\/p>\n<p style=\"text-align: justify;\">O salmo responsorial desse domingo \u00e9 o <em>102 (103) <\/em>e diz em seu refr\u00e3o: <em>\u201cBendize, \u00f3 minh\u2019alma, ao Senhor, pois \u00e9 bondoso e compassivo\u201d. <\/em>O Senhor est\u00e1 sempre pronto a nos perdoar, Ele \u00e9 indulgente, favor\u00e1vel e compassivo. Se Deus sempre nos perdoa, por que n\u00e3o somos capazes de perdoar quem nos fez mal? Pensemos nisso.<\/p>\n<p style=\"text-align: justify;\">A segunda leitura \u00e9 da Primeira Carta de S\u00e3o Paulo aos Cor\u00edntios (<em>1Cor 3, 16-23).<\/em> Estamos acompanhando a primeira carta de S\u00e3o Paulo aos Cor\u00edntios desde o in\u00edcio do Tempo Comum. Paulo diz que somos templos de Deus e n\u00e3o devemos deixar que ningu\u00e9m destrua esse templo. O nosso corpo <em>\u201ctemplo de Deus\u201d <\/em>\u00e9 santo e aben\u00e7oado por Deus e devemos cuidar dele. A partir do nosso batismo, deixamos de pertencer ao mundo e passamos a pertencer a Deus. E, ainda, Paulo diz \u00e0 comunidade que n\u00e3o devemos seguir homem algum, mas sim seguir e fazer a vontade de Deus.<\/p>\n<p style=\"text-align: justify;\">O Evangelho desse domingo \u00e9 de Mateus (<em>Mt 5, 38-48), <\/em>continuando ainda o discurso sobre as bem-aventuran\u00e7as que \u00e9 todo o cap\u00edtulo cinco de Mateus. Jesus diz aos seus disc\u00edpulos e \u00e0queles que o ouviam que o crist\u00e3o deve agir de maneira diferente daquilo que a sociedade de maneira geral prega. Do mesmo modo que Ele, o crist\u00e3o deve ir na contram\u00e3o daquilo que a sociedade da \u00e9poca pensava, ou ainda pensa. Se a sociedade prega que devemos excluir o outro por causa de ra\u00e7a, cor, religi\u00e3o, pecado ou outra coisa, o crist\u00e3o deve acolher essa pessoa, conversar com ela independente de qualquer coisa.<\/p>\n<p style=\"text-align: justify;\">O crist\u00e3o deve transmitir o amor e a miseric\u00f3rdia, como diz o ap\u00f3stolo S\u00e3o Jo\u00e3o. Se dizemos que amamos a Deus, mas odiamos o pr\u00f3ximo, somos mentirosos. Se algu\u00e9m nos odeia e nos deseja mal, devemos rezar por essa pessoa para que o mal que ela nos deseja se transforme em bem para ela. Rezemos por nossos inimigos e amemos a todos, pois a identidade do crist\u00e3o \u00e9 o amor.<\/p>\n<p style=\"text-align: justify;\">Se algu\u00e9m nos der uma tapa na face direita, oferecemos a esquerda, se algu\u00e9m nos obrigar a andar um quil\u00f4metro, caminhemos dois com ele, e se algu\u00e9m tomar o nosso manto, oferecemos tamb\u00e9m a t\u00fanica. Por mais que seja dif\u00edcil, o crist\u00e3o deve ter uma atitude diferente e ensinar os mais novos a terem mais atitude. Os filhos seguem o exemplo dos pais, se os pais forem pacientes e praticantes da religi\u00e3o, os filhos v\u00e3o seguir o mesmo exemplo.<\/p>\n<p style=\"text-align: justify;\">Nos dias de hoje, tem muita intoler\u00e2ncia, tudo \u00e9 olho por olho e dente por dente, como diz Jesus no in\u00edcio do Evangelho. Que a mudan\u00e7a na sociedade possa come\u00e7ar de n\u00f3s. A eucaristia di\u00e1ria ou dominical nos ajuda nessa mudan\u00e7a, a sermos mais pacientes, prudentes e amorosos com os outros. Sejamos perfeitos como nosso Pai Celeste \u00e9 perfeito.<\/p>\n","protected":false},"excerpt":{"rendered":"<p>7\u00ba Domingo do Tempo Comum \u00a0Celebramos neste domingo, o s\u00e9timo do Tempo Comum. A partir de ter\u00e7a-feira, faremos uma pausa no Tempo Comum para iniciar, na Quarta-Feira de Cinzas, o tempo quaresmal. O Tempo Comum retomar\u00e1 ap\u00f3s a celebra\u00e7\u00e3o de Pentecostes. A Igreja sabiamente prop\u00f5e o calend\u00e1rio lit\u00fargico de acordo com aquilo que estamos vivendo. [&hellip;]<\/p>\n","protected":false},"author":5,"featured_media":55819,"comment_status":"open","ping_status":"closed","sticky":false,"template":"","format":"standard","meta":{"footnotes":""},"categories":[9],"tags":[],"class_list":["post-79498","post","type-post","status-publish","format-standard","has-post-thumbnail","hentry","category-artigos"],"_links":{"self":[{"href":"https:\/\/catolicanet.net\/wp-cnet\/wp-json\/wp\/v2\/posts\/79498","targetHints":{"allow":["GET"]}}],"collection":[{"href":"https:\/\/catolicanet.net\/wp-cnet\/wp-json\/wp\/v2\/posts"}],"about":[{"href":"https:\/\/catolicanet.net\/wp-cnet\/wp-json\/wp\/v2\/types\/post"}],"author":[{"embeddable":true,"href":"https:\/\/catolicanet.net\/wp-cnet\/wp-json\/wp\/v2\/users\/5"}],"replies":[{"embeddable":true,"href":"https:\/\/catolicanet.net\/wp-cnet\/wp-json\/wp\/v2\/comments?post=79498"}],"version-history":[{"count":1,"href":"https:\/\/catolicanet.net\/wp-cnet\/wp-json\/wp\/v2\/posts\/79498\/revisions"}],"predecessor-version":[{"id":79499,"href":"https:\/\/catolicanet.net\/wp-cnet\/wp-json\/wp\/v2\/posts\/79498\/revisions\/79499"}],"wp:featuredmedia":[{"embeddable":true,"href":"https:\/\/catolicanet.net\/wp-cnet\/wp-json\/wp\/v2\/media\/55819"}],"wp:attachment":[{"href":"https:\/\/catolicanet.net\/wp-cnet\/wp-json\/wp\/v2\/media?parent=79498"}],"wp:term":[{"taxonomy":"category","embeddable":true,"href":"https:\/\/catolicanet.net\/wp-cnet\/wp-json\/wp\/v2\/categories?post=79498"},{"taxonomy":"post_tag","embeddable":true,"href":"https:\/\/catolicanet.net\/wp-cnet\/wp-json\/wp\/v2\/tags?post=79498"}],"curies":[{"name":"wp","href":"https:\/\/api.w.org\/{rel}","templated":true}]}}