{"id":79495,"date":"2023-02-14T09:25:20","date_gmt":"2023-02-14T12:25:20","guid":{"rendered":"https:\/\/catolicanet.net\/wp-cnet\/?p=79495"},"modified":"2023-02-23T12:26:22","modified_gmt":"2023-02-23T15:26:22","slug":"fundo-pessoal-solidario","status":"publish","type":"post","link":"https:\/\/catolicanet.net\/wp-cnet\/fundo-pessoal-solidario\/","title":{"rendered":"Fundo pessoal solid\u00e1rio"},"content":{"rendered":"<p style=\"text-align: justify;\">Lembro-me de que h\u00e1 anos escutei, de pessoas empobrecidas, queixas e lamentos: O que vai ser de n\u00f3s, sem um bispo? \u00c9 que o bispo, que tanto ajudava aquele povo, ia deixar a diocese, por atingir a idade de 75 anos, pois teria que pedir ren\u00fancia de sua fun\u00e7\u00e3o, conforme a lei da Igreja. Convenhamos que isso acontece s\u00f3 mesmo pela indulgente generosidade das pessoas de boa vontade, na alegre confian\u00e7a: a de que a justi\u00e7a florir\u00e1, com paz em abund\u00e2ncia para sempre (cf. Sl 71).<\/p>\n<p style=\"text-align: justify;\">Na primeira reuni\u00e3o dos padres da Regi\u00e3o S\u00e3o Jos\u00e9 deste ano (02\/02\/2023), ouvi dos l\u00e1bios do Vig\u00e1rio Episcopal, Pe. Francisco Bezerra do Carmo, sobre o magn\u00e2nimo, auspicioso e dadivoso gesto do Arcebispo de Fortaleza, Dom Jos\u00e9 Ant\u00f4nio Tosi Marques, na qualidade de bispo, pai e pastor, em sua edificante concretude desse gesto, que de sua renda pessoal, no \u201cpro labore\u201d e aposentadoria, constituiu um \u201cfundo pessoal solid\u00e1rio\u201d, indo ao encontro dos necessitados de toda natureza. Parab\u00e9ns, Dom Jos\u00e9 Ant\u00f4nio! Que esse gesto desafiador, nunca revelado pelo senhor, possa se repetir entre os padres da Arquidiocese de Fortaleza e demais circunscri\u00e7\u00f5es eclesi\u00e1sticas.<\/p>\n<p style=\"text-align: justify;\">Tudo a partir do esfor\u00e7o de fidelidade a Deus, que conduziu seu povo naquela esperan\u00e7a, a \u00fanica no mundo, de algo que Ele mesmo haveria de realizar: a salva\u00e7\u00e3o. A Igreja alimenta sempre e mais a f\u00e9 dos crist\u00e3os, numa segura convic\u00e7\u00e3o de que a f\u00e9 na salva\u00e7\u00e3o vai se realizando e acontecendo atrav\u00e9s da pr\u00f3pria hist\u00f3ria. Que Deus nos d\u00ea a gra\u00e7a de sempre e cada vez mais compreender a vida humana na face da terra, de sentir compaix\u00e3o diante da dor de uma multid\u00e3o de irm\u00e3os, sem esquecer do perigo da indiferen\u00e7a.<\/p>\n<p style=\"text-align: justify;\">Dom Helder, no seu modo de viver, come\u00e7ou por seu profundo amor pela Eucaristia, na sua maneira de celebrar a Santa Missa, a ponto de impressionar a comunidade, a assembleia do povo de Deus, pela sua sensibilidade humana, at\u00e9 mesmo chorando durante a celebra\u00e7\u00e3o. Percebia-se nele coer\u00eancia entre f\u00e9 e vida, come\u00e7ando pela celebra\u00e7\u00e3o de cada manh\u00e3, na Igreja das Fronteiras, em Recife-PE, expressando uma s\u00f3lida convic\u00e7\u00e3o de que o Cristo presente na Eucaristia era o mesmo na pessoa do empobrecido, do marginalizado e do sofredor. \u201cNo rosto do outro encontrava o rosto dos milh\u00f5es de oprimidos, nos quais via sempre o rosto de Cristo\u201d.<\/p>\n","protected":false},"excerpt":{"rendered":"<p>Lembro-me de que h\u00e1 anos escutei, de pessoas empobrecidas, queixas e lamentos: O que vai ser de n\u00f3s, sem um bispo? \u00c9 que o bispo, que tanto ajudava aquele povo, ia deixar a diocese, por atingir a idade de 75 anos, pois teria que pedir ren\u00fancia de sua fun\u00e7\u00e3o, conforme a lei da Igreja. Convenhamos [&hellip;]<\/p>\n","protected":false},"author":6,"featured_media":55824,"comment_status":"open","ping_status":"closed","sticky":false,"template":"","format":"standard","meta":{"footnotes":""},"categories":[9],"tags":[],"class_list":["post-79495","post","type-post","status-publish","format-standard","has-post-thumbnail","hentry","category-artigos"],"_links":{"self":[{"href":"https:\/\/catolicanet.net\/wp-cnet\/wp-json\/wp\/v2\/posts\/79495","targetHints":{"allow":["GET"]}}],"collection":[{"href":"https:\/\/catolicanet.net\/wp-cnet\/wp-json\/wp\/v2\/posts"}],"about":[{"href":"https:\/\/catolicanet.net\/wp-cnet\/wp-json\/wp\/v2\/types\/post"}],"author":[{"embeddable":true,"href":"https:\/\/catolicanet.net\/wp-cnet\/wp-json\/wp\/v2\/users\/6"}],"replies":[{"embeddable":true,"href":"https:\/\/catolicanet.net\/wp-cnet\/wp-json\/wp\/v2\/comments?post=79495"}],"version-history":[{"count":1,"href":"https:\/\/catolicanet.net\/wp-cnet\/wp-json\/wp\/v2\/posts\/79495\/revisions"}],"predecessor-version":[{"id":79496,"href":"https:\/\/catolicanet.net\/wp-cnet\/wp-json\/wp\/v2\/posts\/79495\/revisions\/79496"}],"wp:featuredmedia":[{"embeddable":true,"href":"https:\/\/catolicanet.net\/wp-cnet\/wp-json\/wp\/v2\/media\/55824"}],"wp:attachment":[{"href":"https:\/\/catolicanet.net\/wp-cnet\/wp-json\/wp\/v2\/media?parent=79495"}],"wp:term":[{"taxonomy":"category","embeddable":true,"href":"https:\/\/catolicanet.net\/wp-cnet\/wp-json\/wp\/v2\/categories?post=79495"},{"taxonomy":"post_tag","embeddable":true,"href":"https:\/\/catolicanet.net\/wp-cnet\/wp-json\/wp\/v2\/tags?post=79495"}],"curies":[{"name":"wp","href":"https:\/\/api.w.org\/{rel}","templated":true}]}}