{"id":79491,"date":"2023-02-19T09:23:49","date_gmt":"2023-02-19T12:23:49","guid":{"rendered":"https:\/\/catolicanet.net\/wp-cnet\/?p=79491"},"modified":"2023-02-23T12:24:44","modified_gmt":"2023-02-23T15:24:44","slug":"7o-domingo-do-tempo-comum-19-02-2023-mt-538-48","status":"publish","type":"post","link":"https:\/\/catolicanet.net\/wp-cnet\/7o-domingo-do-tempo-comum-19-02-2023-mt-538-48\/","title":{"rendered":"7\u00ba Domingo do tempo comum 19\/02\/2023 (Mt 5,38-48)"},"content":{"rendered":"<p style=\"text-align: justify;\">Texto referencial: \u201csede perfeitos, como vosso Pai celeste \u00e9 perfeito\u201d(Mt 5,48)<\/p>\n<p style=\"text-align: justify;\"><strong>1\u00ba <\/strong>A \u00e9tica crist\u00e3 \u00e9 superior \u00e0 antiga. A antropologia do Evangelho \u00e9 baseada no respeito, no amor, al\u00e9m de o ser na justi\u00e7a. \u00c9 claro, que ela \u00e9 sempre perfect\u00edvel: precisamos melhorar e superar-nos sempre. At\u00e9 \u00e0 morte. Hoje n\u00f3s n\u00e3o somos n\u00f4mades: vivemos, convivendo. Como irm\u00e3os e irm\u00e3s. \u00c9 preciso, portanto, superar todas as outras \u00e9ticas.<\/p>\n<p style=\"text-align: justify;\"><strong>2\u00ba <\/strong>Por isso, a \u00e9tica crist\u00e3, n\u00e3o foi, n\u00e3o \u00e9, nem jamais ser\u00e1 f\u00e1cil. N\u00e3o podemos nivelar por baixo. \u00c9 preciso superar, portanto, sobretudo, a \u00e9tica de Tali\u00e3o. Somos propensos ao mal, onipresente na sociedade paganizada, de hoje, mas como crist\u00e3os, redimidos por Cristo, precisamos imit\u00e1-lo: nada de \u00f3dio, vingan\u00e7as, de homic\u00eddios, feminic\u00eddios, sequestros, abortos e guerras (Ucr\u00e2nia). A vida \u00e9 sagrada desde o in\u00edcio (concep\u00e7\u00e3o).<\/p>\n<p style=\"text-align: justify;\"><strong>3\u00ba <\/strong>Sede perfeitos, como vosso Pai celeste \u00e9 perfeito. Os evangelistas usam de diversos acordes teol\u00f3gicos, para apresentar a viv\u00eancia crist\u00e3, afirmando: \u201csede misericordiosos, como vosso Pai \u00e9 misericordioso\u201d (Lc 6,36). \u201cSede perfeitos, como vosso Pai celeste \u00e9 perfeito\u201d, afirma Mateus (Mt 5,48). \u201cSede santos, porque Eu vosso Deus, sou santo\u201d (Lv 19.2). Ou ent\u00e3o, como escreve Paulo aos romanos \u201csantos de Deus\u201d (Rm 7.7; Pe 1,15-16). Certamente, nos impressionamos com a perfei\u00e7\u00e3o, a santidade, mas ao mesmo tempo, mais ainda com a miseric\u00f3rdia de Deus. Ele \u00e9 refer\u00eancia para os seus filhos. Por isso, o culto crist\u00e3o n\u00e3o se esgota em ora\u00e7\u00f5es, e participa\u00e7\u00f5es na vida da Igreja: \u00e9 mais. Muito mais. \u00c9 chamamento \u00e0 plenitude, ou seja, a uma vida mais amorosa, respeitosa e santa. Semelhante \u00e0 de Cristo. A ascens\u00e3o na vida crist\u00e3, deve ser progressiva, qualificada e plenificante.<\/p>\n<p style=\"text-align: justify;\">Conclus\u00e3o. N\u00e3o basta ser crist\u00e3o, para viver. \u00c9 necess\u00e1rio, saber viver e conviver. N\u00e3o basta ainda: \u00e9 necess\u00e1rio, tamb\u00e9m, viver para&#8230; Para o pr\u00f3ximo, para Deus. A vida \u00e9 dom gratuito de Deus e por isso, transcendente. Quando, n\u00f3s a entenderemos, como conv\u00e9m? Corretamente?<\/p>\n","protected":false},"excerpt":{"rendered":"<p>Texto referencial: \u201csede perfeitos, como vosso Pai celeste \u00e9 perfeito\u201d(Mt 5,48) 1\u00ba A \u00e9tica crist\u00e3 \u00e9 superior \u00e0 antiga. A antropologia do Evangelho \u00e9 baseada no respeito, no amor, al\u00e9m de o ser na justi\u00e7a. \u00c9 claro, que ela \u00e9 sempre perfect\u00edvel: precisamos melhorar e superar-nos sempre. At\u00e9 \u00e0 morte. Hoje n\u00f3s n\u00e3o somos n\u00f4mades: [&hellip;]<\/p>\n","protected":false},"author":119,"featured_media":77698,"comment_status":"open","ping_status":"closed","sticky":false,"template":"","format":"standard","meta":{"footnotes":""},"categories":[9],"tags":[],"class_list":["post-79491","post","type-post","status-publish","format-standard","has-post-thumbnail","hentry","category-artigos"],"_links":{"self":[{"href":"https:\/\/catolicanet.net\/wp-cnet\/wp-json\/wp\/v2\/posts\/79491","targetHints":{"allow":["GET"]}}],"collection":[{"href":"https:\/\/catolicanet.net\/wp-cnet\/wp-json\/wp\/v2\/posts"}],"about":[{"href":"https:\/\/catolicanet.net\/wp-cnet\/wp-json\/wp\/v2\/types\/post"}],"author":[{"embeddable":true,"href":"https:\/\/catolicanet.net\/wp-cnet\/wp-json\/wp\/v2\/users\/119"}],"replies":[{"embeddable":true,"href":"https:\/\/catolicanet.net\/wp-cnet\/wp-json\/wp\/v2\/comments?post=79491"}],"version-history":[{"count":1,"href":"https:\/\/catolicanet.net\/wp-cnet\/wp-json\/wp\/v2\/posts\/79491\/revisions"}],"predecessor-version":[{"id":79492,"href":"https:\/\/catolicanet.net\/wp-cnet\/wp-json\/wp\/v2\/posts\/79491\/revisions\/79492"}],"wp:featuredmedia":[{"embeddable":true,"href":"https:\/\/catolicanet.net\/wp-cnet\/wp-json\/wp\/v2\/media\/77698"}],"wp:attachment":[{"href":"https:\/\/catolicanet.net\/wp-cnet\/wp-json\/wp\/v2\/media?parent=79491"}],"wp:term":[{"taxonomy":"category","embeddable":true,"href":"https:\/\/catolicanet.net\/wp-cnet\/wp-json\/wp\/v2\/categories?post=79491"},{"taxonomy":"post_tag","embeddable":true,"href":"https:\/\/catolicanet.net\/wp-cnet\/wp-json\/wp\/v2\/tags?post=79491"}],"curies":[{"name":"wp","href":"https:\/\/api.w.org\/{rel}","templated":true}]}}