{"id":79423,"date":"2023-02-15T09:54:45","date_gmt":"2023-02-15T12:54:45","guid":{"rendered":"https:\/\/catolicanet.net\/wp-cnet\/?p=79423"},"modified":"2023-02-15T14:56:04","modified_gmt":"2023-02-15T17:56:04","slug":"santa-se-o-mercado-de-trabalho-precisa-de-uma-nova-etica-do-bem-comum","status":"publish","type":"post","link":"https:\/\/catolicanet.net\/wp-cnet\/santa-se-o-mercado-de-trabalho-precisa-de-uma-nova-etica-do-bem-comum\/","title":{"rendered":"Santa S\u00e9: o mercado de trabalho precisa de uma nova \u00e9tica do bem comum"},"content":{"rendered":"<div class=\"mediaContent__inner \">\n<figure class=\"article__image\" style=\"text-align: justify;\"><span class=\"didascalia_img\">O apelo de dom Caccia na Onu: as pessoas estejam no centro das pol\u00edticas trabalhistas<\/span><\/figure>\n<\/div>\n<article class=\"article \">\n<div class=\"article__meta audioInside\" data-mediatype=\"foto\">\n<div class=\"article__subTitle\" style=\"text-align: justify;\">O observador permanente da Santa S\u00e9 junto \u00e0s Na\u00e7\u00f5es Unidas, o arcebispo Gabriele Caccia, pede que se repensem pol\u00edticas de emprego que &#8220;promovam o desenvolvimento humano integral e o crescimento econ\u00f4mico&#8221;, para que mulheres e homens possam estar a servi\u00e7o das sociedades<\/div>\n<div class=\"title__separator\" style=\"text-align: justify;\"><\/div>\n<div class=\"article__text\">\n<p style=\"text-align: justify;\"><b>Vatican News<\/b><\/p>\n<div style=\"text-align: justify;\">\n<div class=\"article__embed article__embed--unwrap article__embed--dark\">\n<div class=\"article__innerTitle\">Ou\u00e7a a reportagem e compartilhe<\/div>\n<div>\n<audio class=\"wp-audio-shortcode\" id=\"audio-79423-1\" preload=\"none\" style=\"width: 100%;\" controls=\"controls\"><source type=\"audio\/mpeg\" src=\"https:\/\/media.vaticannews.va\/media\/audio\/s1\/2023\/02\/15\/11\/136940247_F136940247.mp3?_=1\" \/><a href=\"https:\/\/media.vaticannews.va\/media\/audio\/s1\/2023\/02\/15\/11\/136940247_F136940247.mp3\">https:\/\/media.vaticannews.va\/media\/audio\/s1\/2023\/02\/15\/11\/136940247_F136940247.mp3<\/a><\/audio>\n<\/div>\n<\/div>\n<\/div>\n<p style=\"text-align: justify;\">Discrimina\u00e7\u00e3o contra pessoas de meia idade e mais velhas, desemprego juvenil, desvantagem do trabalho para as mulheres, trabalho infantil: estas s\u00e3o as consequ\u00eancias da grave crise do trabalho que o mundo est\u00e1 passando. Isto foi destacado em Nova York pelo observador permanente da Santa S\u00e9 junto \u00e0s Na\u00e7\u00f5es Unidas, o arcebispo Gabriele Caccia, durante a 61\u00aa sess\u00e3o da Comiss\u00e3o para o Desenvolvimento Social, intitulada &#8220;Criar emprego pleno e produtivo e trabalho decente para todos como forma de superar as desigualdades e acelerar a recupera\u00e7\u00e3o da pandemia da COVID-19 e a plena implementa\u00e7\u00e3o da Agenda para o desenvolvimento sustent\u00e1vel de 2030&#8221;. A crise no mundo do trabalho, explicou o representante vaticano, \u00e9 em parte &#8220;devido a mudan\u00e7as fundamentais e estruturais resultantes da crescente economia global, da pandemia da COVID-19 e da instabilidade financeira c\u00edclica&#8221;, o que levou \u00e0 consequ\u00eancia de que &#8220;o trabalho n\u00e3o \u00e9 para a pessoa humana, mas a pessoa humana \u00e9 para o trabalho&#8221;, que gerou a &#8220;cultura descart\u00e1vel&#8221; no mundo do trabalho.<\/p>\n<h2 style=\"text-align: justify;\">Pessoas idosas, jovens e mulheres em maior risco<\/h2>\n<p style=\"text-align: justify;\">Para as pessoas idosas h\u00e1 uma discrimina\u00e7\u00e3o injusta ao presumir que &#8220;elas t\u00eam menos capacidade de aprendizagem e produ\u00e7\u00e3o em rela\u00e7\u00e3o a outras faixas et\u00e1rias&#8221;, em outros casos os pensionistas s\u00e3o for\u00e7ados a continuar trabalhando porque &#8220;a falta de prote\u00e7\u00e3o social adequada torna a aposentadoria inacess\u00edvel&#8221;. Dram\u00e1tica \u00e9 a situa\u00e7\u00e3o para os jovens de todos os lugares no mundo que, por um lado, experimentam um desemprego crescente, por outro, uma alta inseguran\u00e7a de emprego e renda. As mulheres, por sua vez, s\u00e3o penalizadas no trabalho pela gravidez e maternidade, ainda muitas vezes motivos de demiss\u00e3o ou n\u00e3o contrata\u00e7\u00e3o. Nenhuma mulher, foi a advert\u00eancia de dom Caccia, &#8220;deveria ser for\u00e7ada a escolher entre fam\u00edlia e trabalho&#8221;. A cultura da explora\u00e7\u00e3o se manifesta, ademais, com o trabalho infantil, uma \u00f3bvia &#8220;viola\u00e7\u00e3o da dignidade humana&#8221;, filha da pobreza, mas tamb\u00e9m com a busca de &#8220;novas formas de reduzir o custo do trabalho&#8221;, representada por &#8220;sal\u00e1rios inadequados, longas horas e contratos prec\u00e1rios&#8221;.<\/p>\n<h2 style=\"text-align: justify;\">A pessoa no centro das pol\u00edticas trabalhistas<\/h2>\n<p style=\"text-align: justify;\">\u00c9 preciso repensar, \u00e9 a indica\u00e7\u00e3o do representante vaticano, o &#8220;verdadeiro fundamento do valor e da dignidade do trabalho&#8221;, atrav\u00e9s de pol\u00edticas trabalhistas que &#8220;promovam o desenvolvimento humano integral e o crescimento econ\u00f4mico&#8221; e que coloquem a pessoa e a dignidade humana no centro das pol\u00edticas trabalhistas&#8221;. Fundamental, ent\u00e3o, continua sendo &#8220;investir em pol\u00edticas de prote\u00e7\u00e3o social voltadas para a fam\u00edlia&#8221;. Os mercados de trabalho, concluiu dom Caccia, precisam de uma \u00e9tica renovada do bem comum e do respeito pela dignidade de toda pessoa humana, enquanto a pol\u00edtica deve trabalhar para que &#8220;todas as mulheres e homens possam aproveitar ao m\u00e1ximo seus talentos e coloc\u00e1-los a servi\u00e7o da sociedade como um todo para promover o desenvolvimento social&#8221;.<\/p>\n<\/div>\n<\/div>\n<\/article>\n","protected":false},"excerpt":{"rendered":"<p>O apelo de dom Caccia na Onu: as pessoas estejam no centro das pol\u00edticas trabalhistas O observador permanente da Santa S\u00e9 junto \u00e0s Na\u00e7\u00f5es Unidas, o arcebispo Gabriele Caccia, pede que se repensem pol\u00edticas de emprego que &#8220;promovam o desenvolvimento humano integral e o crescimento econ\u00f4mico&#8221;, para que mulheres e homens possam estar a servi\u00e7o [&hellip;]<\/p>\n","protected":false},"author":1,"featured_media":79424,"comment_status":"open","ping_status":"closed","sticky":false,"template":"","format":"standard","meta":{"footnotes":""},"categories":[3],"tags":[],"class_list":["post-79423","post","type-post","status-publish","format-standard","has-post-thumbnail","hentry","category-vaticano"],"_links":{"self":[{"href":"https:\/\/catolicanet.net\/wp-cnet\/wp-json\/wp\/v2\/posts\/79423","targetHints":{"allow":["GET"]}}],"collection":[{"href":"https:\/\/catolicanet.net\/wp-cnet\/wp-json\/wp\/v2\/posts"}],"about":[{"href":"https:\/\/catolicanet.net\/wp-cnet\/wp-json\/wp\/v2\/types\/post"}],"author":[{"embeddable":true,"href":"https:\/\/catolicanet.net\/wp-cnet\/wp-json\/wp\/v2\/users\/1"}],"replies":[{"embeddable":true,"href":"https:\/\/catolicanet.net\/wp-cnet\/wp-json\/wp\/v2\/comments?post=79423"}],"version-history":[{"count":1,"href":"https:\/\/catolicanet.net\/wp-cnet\/wp-json\/wp\/v2\/posts\/79423\/revisions"}],"predecessor-version":[{"id":79425,"href":"https:\/\/catolicanet.net\/wp-cnet\/wp-json\/wp\/v2\/posts\/79423\/revisions\/79425"}],"wp:featuredmedia":[{"embeddable":true,"href":"https:\/\/catolicanet.net\/wp-cnet\/wp-json\/wp\/v2\/media\/79424"}],"wp:attachment":[{"href":"https:\/\/catolicanet.net\/wp-cnet\/wp-json\/wp\/v2\/media?parent=79423"}],"wp:term":[{"taxonomy":"category","embeddable":true,"href":"https:\/\/catolicanet.net\/wp-cnet\/wp-json\/wp\/v2\/categories?post=79423"},{"taxonomy":"post_tag","embeddable":true,"href":"https:\/\/catolicanet.net\/wp-cnet\/wp-json\/wp\/v2\/tags?post=79423"}],"curies":[{"name":"wp","href":"https:\/\/api.w.org\/{rel}","templated":true}]}}