{"id":79343,"date":"2023-02-10T09:33:57","date_gmt":"2023-02-10T12:33:57","guid":{"rendered":"https:\/\/catolicanet.net\/wp-cnet\/?p=79343"},"modified":"2023-02-10T14:35:37","modified_gmt":"2023-02-10T17:35:37","slug":"as-5-pedras-da-preparacao-para-a-quaresma","status":"publish","type":"post","link":"https:\/\/catolicanet.net\/wp-cnet\/as-5-pedras-da-preparacao-para-a-quaresma\/","title":{"rendered":"As 5 \u201cpedras\u201d da prepara\u00e7\u00e3o para a Quaresma"},"content":{"rendered":"<h2 class=\"subtitle\" style=\"text-align: justify;\">Fa\u00e7amos como Davi: tomemos estas 5 pedras e lutemos com todas nossas for\u00e7as para nos prepararmos valentemente para a Quaresma<\/h2>\n<div class=\"css-1kgb1no eiz4mud3\" style=\"text-align: justify;\">\n<div class=\"css-q43vl1 eiz4mud2\">\n<p><span data-sheets-value=\"{&quot;1&quot;:2,&quot;2&quot;:&quot;N\u00e3o perca esta missa internacional por aqueles que precisam de cura. Levaremos suas inten\u00e7\u00f5es at\u00e9 o altar - de gra\u00e7a.&quot;}\" data-sheets-userformat=\"{&quot;2&quot;:4995,&quot;3&quot;:{&quot;1&quot;:0},&quot;4&quot;:{&quot;1&quot;:2,&quot;2&quot;:65280},&quot;10&quot;:2,&quot;11&quot;:4,&quot;12&quot;:0,&quot;15&quot;:&quot;Arial&quot;}\">N\u00e3o perca a Missa internacional por aqueles que precisam de cura. Levaremos suas inten\u00e7\u00f5es at\u00e9 o altar &#8211; de gra\u00e7a. Clique neste bot\u00e3o para enviar a sua inten\u00e7\u00e3o<\/span>&#x1f447;<\/p>\n<\/div>\n<p><a class=\"promotional-box-cta css-qb0v19 eiz4mud0\" href=\"https:\/\/docs.google.com\/forms\/d\/e\/1FAIpQLSfQw1wEeQW7QWVQgqBFL2F1zxthMdHEYKrDB9WxU3zAfLB2ig\/viewform\" target=\"_blank\" rel=\"noopener\">Inten\u00e7\u00e3o de missa e ora\u00e7\u00e3o pelos doentes<\/a><\/div>\n<p style=\"text-align: justify;\">AIgreja organizou-se ao longo de sua hist\u00f3ria em tempos lit\u00fargicos que iniciam com o Advento e terminam no s\u00e1bado da 33\u00aa (ou 34\u00aa) semana do Tempo Comum, semana iniciada com a Solenidade de Nosso Senhor Jesus Cristo Rei do Universo. Viver os Tempos Lit\u00fargicos \u00e9 adentrar a pedagogia da Igreja e, mais do que isso, envolver-se em uma realidade espiritual que vai al\u00e9m das coisas palp\u00e1veis deste mundo: da mesma forma que Deus entra na realidade humana, o homem experimenta a transcend\u00eancia Divina.<\/p>\n<p style=\"text-align: justify;\">Vamos entender um pouquinho mais sobre isto.<\/p>\n<p style=\"text-align: justify;\">O ano lit\u00fargico n\u00e3o acompanha o ano civil. Ap\u00f3s o Natal, por exemplo, celebram-se suas oitavas e, em seguida, o Tempo Comum. Este tempo tem uma pausa com a Quaresma, a prepara\u00e7\u00e3o para a celebra\u00e7\u00e3o da P\u00e1scoa.<\/p>\n<div class=\"wp-block-aleteia-heading3\" style=\"text-align: justify;\">\n<h3>Mas afinal, o que \u00e9 a Quaresma?<\/h3>\n<\/div>\n<p style=\"text-align: justify;\">Etimologicamente, Quaresma vem do termo \u201cQuadrag\u00e9sima\u201d, quem em latim significa 40 dias. Inicia-se na Quarta-feira de Cinzas e termina no Domingo de Ramos. A cor lit\u00fargica deste tempo \u00e9 o roxo, que significa luto e penit\u00eancia. \u00c9 um tempo de reflex\u00e3o, de penit\u00eancia, de convers\u00e3o espiritual; tempo e prepara\u00e7\u00e3o para o mist\u00e9rio pascal. \u00c9 tempo para nos arrepender dos nossos pecados e de mudar algo em n\u00f3s para sermos melhores e poder viver mais pr\u00f3ximos de Cristo.<\/p>\n<p style=\"text-align: justify;\">O n\u00famero 40, remete-nos a dois fatos distintos, mas com semelhantes significados. O primeiro, o tempo que o povo Judeu viveu no deserto:\u00a0<em>\u201cOs israelitas comeram o man\u00e1 durante quarenta anos, at\u00e9 a sua chegada a uma terra habitada\u00a0<\/em>(\u2026)\u00a0<em>aos confins da terra de Cana\u00e3.\u201d<\/em>\u00a0(Ex 16,35). O Segundo, Nosso Senhor antes de iniciar sua miss\u00e3o:\u00a0<em>\u201cEm seguida, Jesus foi conduzido pelo Esp\u00edrito ao deserto para ser tentado pelo dem\u00f4nio. Jejuou quarenta dias e quarenta noites\u201d<\/em>\u00a0(Mt 4,1s).<\/p>\n<p style=\"text-align: justify;\">Deserto na B\u00edblia vai muito al\u00e9m de uma regi\u00e3o seca, \u00e1rida, com pouca \u00e1gua e muito calor. Biblicamente, esta palavra cont\u00e9m diferentes significados, mas \u00e9 frequentemente lembrada quando o assunto \u00e9 prova\u00e7\u00e3o, ou per\u00edodo de profunda reflex\u00e3o, d\u00favidas, ou ainda a espera de uma confirma\u00e7\u00e3o por parte de Deus, sobre tomar alguma decis\u00e3o.<\/p>\n<p style=\"text-align: justify;\">Assim, algumas atitudes podemos e devemos tomar para bem viver o deserto que a Igreja nos convida.<\/p>\n<h3 class=\"wp-block-aleteia-rich-list\" style=\"text-align: justify;\"><strong>1 CONFISS\u00c3O<\/strong><\/h3>\n<p style=\"text-align: justify;\">Mudar de vida significa, prioritariamente, querer viver sob a gra\u00e7a santificante. Esta gra\u00e7a s\u00f3 \u00e9 poss\u00edvel atrav\u00e9s da remiss\u00e3o dos pecados. O sacramento da confiss\u00e3o \u00e9 a volta a Deus. Quase todos os dias ca\u00edmos e levantamos. Pequenas quedas ou grandes tombos. Ningu\u00e9m quer ficar no ch\u00e3o. Pisamos em falso, porque n\u00e3o enxergamos bem os passos e o caminho de Jesus. Mas o Nosso Bom Deus sempre nos d\u00e1 a m\u00e3o, afim de que nos deixemos conduzir no Seu caminho. Aqueles que se aproximam do sacramento da penit\u00eancia obt\u00eam da miseric\u00f3rdia Divina o perd\u00e3o da ofensa feita a Deus e, ao mesmo tempo, s\u00e3o reconciliados com a Igreja, pecando contra ela; e esta colaborar\u00e1 para a convers\u00e3o com caridade, exemplo e ora\u00e7\u00e3o.<\/p>\n<h3 class=\"wp-block-aleteia-rich-list\" style=\"text-align: justify;\"><strong>2 REFLEX\u00c3O E CONVERS\u00c3O<\/strong><\/h3>\n<p style=\"text-align: justify;\">Confessados e perdoados os pecados, a alma \u00e9 revestida de in\u00fameros efeitos espirituais. Assim, ap\u00f3s uma boa confiss\u00e3o, o pr\u00f3ximo passo \u00e9 emendar-se, refletir sobre os erros cometidos e lutar, com todas as for\u00e7as, a n\u00e3o repeti-los. Muitos padres, numa atitude piedosa, ao ouvir a confiss\u00e3o, orienta, aponta um norte para a fuga dos erros. Converter \u00e9 mudar o caminho. Sair do caminho errado e buscar o caminho certo. Que caminho \u00e9 este? Jesus nos responde: \u201cEu sou o Caminho\u201d (Jo 14,6). O que voc\u00ea precisa mudar? Durante a Quaresma, quais atitudes precisa retomar? Jejum? Ora\u00e7\u00e3o? Dar esmolas? Ningu\u00e9m melhor que voc\u00ea pra refletir sobre o que deixou de fazer pela sua convers\u00e3o. E nada melhor que apropriar deste per\u00edodo que a Igreja nos prop\u00f5e para mudan\u00e7a de vida, deixar os maus h\u00e1bitos e voltar a praticar o que j\u00e1 n\u00e3o pratica h\u00e1 muito tempo, certo?<\/p>\n<h3 class=\"wp-block-aleteia-rich-list\" style=\"text-align: justify;\"><strong>3 ATOS DE SANTIDADE<\/strong><\/h3>\n<p style=\"text-align: justify;\">O caminho de santidade \u00e9 \u00e1rduo. Quem faz dieta sabe as dificuldades que enfrenta: mudan\u00e7a nos h\u00e1bitos alimentares, atividades f\u00edsicas, e por a\u00ed se vai. O caminho de santidade \u00e9 semelhante. Frear a l\u00edngua, por exemplo, \u00e9 algo que temos que fazer constantemente.\u00a0<em>\u201cA l\u00edngua, por\u00e9m, nenhum homem a pode domar. \u00c9 um mal irrequieto, cheia de veneno mort\u00edfero\u201d<\/em>\u00a0(Tg 3,8). Assim, veja quais s\u00e3o os \u201cpecadinhos de estima\u00e7\u00e3o\u201d que devem ser jogados para tr\u00e1s.<\/p>\n<h3 class=\"wp-block-aleteia-rich-list\" style=\"text-align: justify;\"><strong>4 MISSA<\/strong><\/h3>\n<p style=\"text-align: justify;\">Como dito, todo atleta precisa de uma boa alimenta\u00e7\u00e3o. Para o crist\u00e3o, o melhor alimento \u00e9 a Eucaristia, o P\u00e3o descido do C\u00e9u, alimento sacia a alma, fortalece e conduz ao caminho da santidade. Nada melhor para quem deseja alcan\u00e7ar a gra\u00e7a santificante.<\/p>\n<h3 class=\"wp-block-aleteia-rich-list\" style=\"text-align: justify;\"><strong>5 APOIO DO C\u00c9U<\/strong><\/h3>\n<p style=\"text-align: justify;\"><em>\u201cBuscai as coisas do Alto\u201d<\/em>\u00a0(Col 3,1), nos recorda S\u00e3o Paulo. O caminho de santidade \u00e9 duro, dif\u00edcil, mas n\u00e3o \u00e9 solit\u00e1rio. Por isto, nada melhor do que buscar interse\u00e7\u00e3o daqueles que j\u00e1 s\u00e3o santos, n\u00e3o apenas com suas ora\u00e7\u00f5es, mas tamb\u00e9m sendo-lhes imitadores, como o mesmo S\u00e3o Paulo nos ensina:\u00a0<em>\u201cTornai-vos os meus imitadores, como eu o sou de Cristo\u201d<\/em>\u00a0(1Cor 11,1). Quem melhor que os santos para mostrar como chegar ao C\u00e9u? Assim, fazer o que eles fizeram \u00e9 uma excelente op\u00e7\u00e3o.<\/p>\n<p style=\"text-align: justify;\">S\u00e3o Pio de Pietrelcina disse que n\u00e3o devemos nos esquecer de n\u00e3o temos apenas um Pai no C\u00e9u, mas tamb\u00e9m uma M\u00e3e, e a mensagem dela a n\u00f3s \u00e9 simples e direta:\u00a0<em>\u201cFazei tudo o que Ele\u00a0<\/em>(Jesus)\u00a0<em>vos disser\u201d<\/em>\u00a0(Jo 2,5).<\/p>\n<div class=\"wp-block-aleteia-heading3\" style=\"text-align: justify;\">\n<h3>Itiner\u00e1rio de ora\u00e7\u00e3o<\/h3>\n<\/div>\n<p style=\"text-align: justify;\">Nesta semana que antecede a Quaresma j\u00e1 podemos iniciar a prepara\u00e7\u00e3o do nosso cora\u00e7\u00e3o para vivermos em plenitude este tempo de gra\u00e7a que a Igreja nos d\u00e1. Escolher um itiner\u00e1rio de ora\u00e7\u00e3o \u00e9 fundamental para que n\u00e3o nos percamos no meio do caminho. Convido voc\u00ea a realizar junto comigo o retiro de Quaresma \u201cChamados a ser santos\u201d na rede social de ora\u00e7\u00e3o Hozana (<a href=\"https:\/\/hozana.org\/pt\/comunidade\/10704-retiro-de-quaresma-chamados-a-ser-santos\/landing\" target=\"_blank\" rel=\"noopener\">clique aqui para se inscrever<\/a>).<\/p>\n<p style=\"text-align: justify;\">N\u00f3s, que somos \u201cchamados a ser santos\u201d estamos unidos pela f\u00e9 em tudo o que Deus fez e continua fazendo. Ele ainda est\u00e1 no meio de n\u00f3s! J\u00e1 nesta semana, tomemos alguns momentos para falar e escutar de Jesus o que Ele quer fazer em nossas vidas atrav\u00e9s da viv\u00eancia desse tempo lit\u00fargico.<\/p>\n<p style=\"text-align: justify;\">Assim, fa\u00e7amos como Davi. Tomemos estas 5 pedras (1 Sam 17,40) e lutemos com todas nossas for\u00e7as. Preparemo-nos valentemente para a Quaresma e, por ela, alcemos uma vida nova em Cristo Jesus.<\/p>\n<p style=\"text-align: justify;\"><em>Wellington de Almeida Alkmin, pelo Hozana<\/em><\/p>\n","protected":false},"excerpt":{"rendered":"<p>Fa\u00e7amos como Davi: tomemos estas 5 pedras e lutemos com todas nossas for\u00e7as para nos prepararmos valentemente para a Quaresma N\u00e3o perca a Missa internacional por aqueles que precisam de cura. Levaremos suas inten\u00e7\u00f5es at\u00e9 o altar &#8211; de gra\u00e7a. Clique neste bot\u00e3o para enviar a sua inten\u00e7\u00e3o&#x1f447; Inten\u00e7\u00e3o de missa e ora\u00e7\u00e3o pelos doentes [&hellip;]<\/p>\n","protected":false},"author":1,"featured_media":79344,"comment_status":"open","ping_status":"closed","sticky":false,"template":"","format":"standard","meta":{"footnotes":""},"categories":[4],"tags":[],"class_list":["post-79343","post","type-post","status-publish","format-standard","has-post-thumbnail","hentry","category-cotidiano"],"_links":{"self":[{"href":"https:\/\/catolicanet.net\/wp-cnet\/wp-json\/wp\/v2\/posts\/79343","targetHints":{"allow":["GET"]}}],"collection":[{"href":"https:\/\/catolicanet.net\/wp-cnet\/wp-json\/wp\/v2\/posts"}],"about":[{"href":"https:\/\/catolicanet.net\/wp-cnet\/wp-json\/wp\/v2\/types\/post"}],"author":[{"embeddable":true,"href":"https:\/\/catolicanet.net\/wp-cnet\/wp-json\/wp\/v2\/users\/1"}],"replies":[{"embeddable":true,"href":"https:\/\/catolicanet.net\/wp-cnet\/wp-json\/wp\/v2\/comments?post=79343"}],"version-history":[{"count":1,"href":"https:\/\/catolicanet.net\/wp-cnet\/wp-json\/wp\/v2\/posts\/79343\/revisions"}],"predecessor-version":[{"id":79345,"href":"https:\/\/catolicanet.net\/wp-cnet\/wp-json\/wp\/v2\/posts\/79343\/revisions\/79345"}],"wp:featuredmedia":[{"embeddable":true,"href":"https:\/\/catolicanet.net\/wp-cnet\/wp-json\/wp\/v2\/media\/79344"}],"wp:attachment":[{"href":"https:\/\/catolicanet.net\/wp-cnet\/wp-json\/wp\/v2\/media?parent=79343"}],"wp:term":[{"taxonomy":"category","embeddable":true,"href":"https:\/\/catolicanet.net\/wp-cnet\/wp-json\/wp\/v2\/categories?post=79343"},{"taxonomy":"post_tag","embeddable":true,"href":"https:\/\/catolicanet.net\/wp-cnet\/wp-json\/wp\/v2\/tags?post=79343"}],"curies":[{"name":"wp","href":"https:\/\/api.w.org\/{rel}","templated":true}]}}