{"id":79339,"date":"2023-02-10T09:32:30","date_gmt":"2023-02-10T12:32:30","guid":{"rendered":"https:\/\/catolicanet.net\/wp-cnet\/?p=79339"},"modified":"2023-02-10T14:33:36","modified_gmt":"2023-02-10T17:33:36","slug":"o-dia-em-que-sao-bento-viu-a-alma-de-sua-irma-subir-ao-ceu","status":"publish","type":"post","link":"https:\/\/catolicanet.net\/wp-cnet\/o-dia-em-que-sao-bento-viu-a-alma-de-sua-irma-subir-ao-ceu\/","title":{"rendered":"O dia em que S\u00e3o Bento viu a alma de sua irm\u00e3 subir ao c\u00e9u"},"content":{"rendered":"<h2 class=\"subtitle\" style=\"text-align: justify;\">Antes, por\u00e9m, eles tiveram um encontro em que aconteceu algo surpreendente<\/h2>\n<p style=\"text-align: justify;\">S\u00e3o\u00a0Bento e Santa Escol\u00e1stica eram irm\u00e3os g\u00eameos. Entretanto, pouco se sabe sobre Santa Escol\u00e1stica, mas de acordo com v\u00e1rias hist\u00f3rias, S\u00e3o Bento testemunhou a ascens\u00e3o da alma dela ao c\u00e9u.<\/p>\n<p style=\"text-align: justify;\">Diz-se que os dois irm\u00e3os se reuniam uma vez por ano para realizar seus di\u00e1logos santos. Em um desses encontros, que aconteceu pouco antes da morte de Escol\u00e1stica, a santa pediu a Bento que ficasse com ela at\u00e9 o amanhecer. Mas ele negou, alegando que precisava voltar para sua cela.<\/p>\n<p style=\"text-align: justify;\">Escol\u00e1stica, ent\u00e3o, rezou a Deus que permanecesse com ela. Alguns minutos depois, uma forte tempestade come\u00e7ou. Preocupado, Bento voltou \u00e0 cela da irm\u00e3 e perguntou: \u201cO que fizeste?\u201d. Ela, ent\u00e3o, respondeu: \u201cPedi a ti e n\u00e3o me ouvistes; pedi a Deus e ele me ouviu. Vai embora, se puder, e volte ao teu mosteiro\u201d.<\/p>\n<p style=\"text-align: justify;\">Ap\u00f3s alguns dias, algo surpreendente ocorreu. Tal fato est\u00e1 registrado no livro\u00a0\u201c<em>Di\u00e1logos de S\u00e3o Greg\u00f3rio\u201d<\/em>:<\/p>\n<blockquote class=\"wp-block-quote\"><p>\u201cTr\u00eas dias depois, enquanto estava sentado em sua cela, ele levantou os olhos para o c\u00e9u e viu a alma de sua irm\u00e3 deixar seu corpo e entrar no c\u00e9u na forma de uma pomba.<\/p>\n<div id=\"aleteia-welcome\"><\/div>\n<p>Ent\u00e3o, Bento enviou seus irm\u00e3os para colocar o corpo dela no t\u00famulo que ele havia preparado para si mesmo.\u201d<\/p><\/blockquote>\n<p style=\"text-align: justify;\">Bento faleceu 40 dias depois da irm\u00e3. Logo ap\u00f3s a morte, Escol\u00e1stica foi considerada santa por muitos, e sua ordem religiosa \u2013 a Ordem Beneditina \u2013 continua a prosperar em todo o mundo.<\/p>\n","protected":false},"excerpt":{"rendered":"<p>Antes, por\u00e9m, eles tiveram um encontro em que aconteceu algo surpreendente S\u00e3o\u00a0Bento e Santa Escol\u00e1stica eram irm\u00e3os g\u00eameos. Entretanto, pouco se sabe sobre Santa Escol\u00e1stica, mas de acordo com v\u00e1rias hist\u00f3rias, S\u00e3o Bento testemunhou a ascens\u00e3o da alma dela ao c\u00e9u. Diz-se que os dois irm\u00e3os se reuniam uma vez por ano para realizar seus [&hellip;]<\/p>\n","protected":false},"author":1,"featured_media":79340,"comment_status":"open","ping_status":"closed","sticky":false,"template":"","format":"standard","meta":{"footnotes":""},"categories":[4],"tags":[],"class_list":["post-79339","post","type-post","status-publish","format-standard","has-post-thumbnail","hentry","category-cotidiano"],"_links":{"self":[{"href":"https:\/\/catolicanet.net\/wp-cnet\/wp-json\/wp\/v2\/posts\/79339","targetHints":{"allow":["GET"]}}],"collection":[{"href":"https:\/\/catolicanet.net\/wp-cnet\/wp-json\/wp\/v2\/posts"}],"about":[{"href":"https:\/\/catolicanet.net\/wp-cnet\/wp-json\/wp\/v2\/types\/post"}],"author":[{"embeddable":true,"href":"https:\/\/catolicanet.net\/wp-cnet\/wp-json\/wp\/v2\/users\/1"}],"replies":[{"embeddable":true,"href":"https:\/\/catolicanet.net\/wp-cnet\/wp-json\/wp\/v2\/comments?post=79339"}],"version-history":[{"count":1,"href":"https:\/\/catolicanet.net\/wp-cnet\/wp-json\/wp\/v2\/posts\/79339\/revisions"}],"predecessor-version":[{"id":79341,"href":"https:\/\/catolicanet.net\/wp-cnet\/wp-json\/wp\/v2\/posts\/79339\/revisions\/79341"}],"wp:featuredmedia":[{"embeddable":true,"href":"https:\/\/catolicanet.net\/wp-cnet\/wp-json\/wp\/v2\/media\/79340"}],"wp:attachment":[{"href":"https:\/\/catolicanet.net\/wp-cnet\/wp-json\/wp\/v2\/media?parent=79339"}],"wp:term":[{"taxonomy":"category","embeddable":true,"href":"https:\/\/catolicanet.net\/wp-cnet\/wp-json\/wp\/v2\/categories?post=79339"},{"taxonomy":"post_tag","embeddable":true,"href":"https:\/\/catolicanet.net\/wp-cnet\/wp-json\/wp\/v2\/tags?post=79339"}],"curies":[{"name":"wp","href":"https:\/\/api.w.org\/{rel}","templated":true}]}}