{"id":79302,"date":"2023-02-10T09:01:58","date_gmt":"2023-02-10T12:01:58","guid":{"rendered":"https:\/\/catolicanet.net\/wp-cnet\/?p=79302"},"modified":"2023-02-10T14:08:13","modified_gmt":"2023-02-10T17:08:13","slug":"o-papa-nao-podemos-mais-devorar-os-recursos-naturais-aprendamos-com-os-indigenas","status":"publish","type":"post","link":"https:\/\/catolicanet.net\/wp-cnet\/o-papa-nao-podemos-mais-devorar-os-recursos-naturais-aprendamos-com-os-indigenas\/","title":{"rendered":"O Papa: n\u00e3o podemos mais devorar os recursos naturais, aprendamos com os ind\u00edgenas"},"content":{"rendered":"<div class=\"mediaContent__inner \">\n<figure class=\"article__image\" style=\"text-align: justify;\"><span class=\"didascalia_img\">O Papa com os participantes do 6\u00b0 Encontro Mundial do F\u00f3rum dos Povos Ind\u00edgenas<\/span><\/figure>\n<\/div>\n<article class=\"article \">\n<div class=\"article__meta audioInside\" data-mediatype=\"foto\">\n<div class=\"article__subTitle\" style=\"text-align: justify;\">Francisco recebeu, no Vaticano, os participantes do 6\u00b0 Encontro Mundial do F\u00f3rum dos Povos Ind\u00edgenas, promovido pelo Fundo Internacional de Desenvolvimento Agr\u00edcola (FIDA). &#8220;Devemos escutar mais os povos ind\u00edgenas e aprender com seu modo de vida a fim de compreender adequadamente que n\u00e3o podemos continuar devorando avidamente os recursos naturais&#8221;, disse o Papa.<\/div>\n<div class=\"title__separator\" style=\"text-align: justify;\"><\/div>\n<div class=\"article__text\">\n<p style=\"text-align: justify;\"><b>Mariangela Jaguraba &#8211; Vatican News<\/b><\/p>\n<p style=\"text-align: justify;\">O Papa Francisco recebeu em audi\u00eancia, nesta sexta-feira (10\/02), na Sala do Consist\u00f3rio, no Vaticano, os participantes do 6\u00b0 Encontro Mundial do F\u00f3rum dos Povos Ind\u00edgenas, promovido pelo Fundo Internacional de Desenvolvimento Agr\u00edcola (FIDA) em sua sede em Roma.<\/p>\n<div style=\"text-align: justify;\">\n<div class=\"article__embed article__embed--unwrap article__embed--dark\">\n<div class=\"article__innerTitle\">Ou\u00e7a e compartilhe<\/div>\n<div>\n<!--[if lt IE 9]><script>document.createElement('audio');<\/script><![endif]-->\n<audio class=\"wp-audio-shortcode\" id=\"audio-79302-1\" preload=\"none\" style=\"width: 100%;\" controls=\"controls\"><source type=\"audio\/mpeg\" src=\"https:\/\/media.vaticannews.va\/media\/audio\/s1\/2023\/02\/10\/16\/136924422_F136924422.mp3?_=1\" \/><a href=\"https:\/\/media.vaticannews.va\/media\/audio\/s1\/2023\/02\/10\/16\/136924422_F136924422.mp3\">https:\/\/media.vaticannews.va\/media\/audio\/s1\/2023\/02\/10\/16\/136924422_F136924422.mp3<\/a><\/audio>\n<\/div>\n<\/div>\n<\/div>\n<p style=\"text-align: justify;\">O tema deste ano &#8220;Lideran\u00e7a dos povos ind\u00edgenas em quest\u00f5es clim\u00e1ticas: solu\u00e7\u00f5es baseadas nas comunidades para melhorar a resili\u00eancia e a biodiversidade&#8221; &#8220;\u00e9 uma oportunidade para reconhecer o papel fundamental que os povos ind\u00edgenas desempenham na prote\u00e7\u00e3o do meio ambiente e destacar sua sabedoria para encontrar solu\u00e7\u00f5es globais para os imensos desafios que as mudan\u00e7as clim\u00e1ticas colocam diariamente \u00e0 humanidade&#8221;, ressaltou Francisco.<\/p>\n<h2 style=\"text-align: justify;\">Aprender com os povos ind\u00edgenas<\/h2>\n<div style=\"text-align: justify;\">\n<div class=\"article__embed article__embed--border embed_style\">\n<blockquote><p>\u201cInfelizmente, assistimos uma crise social e ambiental sem precedentes. Se realmente queremos cuidar da nossa casa comum e melhorar o planeta em que vivemos, s\u00e3o imprescind\u00edveis mudan\u00e7as profundas nos estilos de vida, s\u00e3o imprescind\u00edveis modelos de produ\u00e7\u00e3o e consumo.\u201d<\/p><\/blockquote>\n<\/div>\n<\/div>\n<p style=\"text-align: justify;\"><i><b>Devemos escutar mais os povos ind\u00edgenas e aprender com seu modo de vida a fim de compreender adequadamente que n\u00e3o podemos continuar devorando avidamente os recursos naturais,<\/b>\u00a0porque &#8220;a terra nos foi confiada para que seja m\u00e3e para n\u00f3s, a m\u00e3e terra, capaz de dar o necess\u00e1rio a cada um para viver\u00bb. Portanto,\u00a0<b>a contribui\u00e7\u00e3o dos povos ind\u00edgenas \u00e9 fundamental na luta contra as mudan\u00e7as clim\u00e1ticas.<\/b><\/i>\u00a0<i>E isso est\u00e1 comprovado cientificamente.<\/i><\/p>\n<h2 style=\"text-align: justify;\">Ignorar as comunidades origin\u00e1rias \u00e9 um erro<\/h2>\n<p style=\"text-align: justify;\">Segundo o Papa, &#8220;hoje, mais do que nunca, s\u00e3o muitos os que pedem um processo de reconvers\u00e3o das consolidadas estruturas de poder que regem a sociedade de cultura ocidental e, ao mesmo tempo, transformam as rela\u00e7\u00f5es hist\u00f3ricas marcadas pelo colonialismo, exclus\u00e3o e discrimina\u00e7\u00e3o, dando lugar a um di\u00e1logo renovado sobre a forma como estamos construindo o nosso futuro do planeta&#8221;.<i><\/i><\/p>\n<p style=\"text-align: justify;\"><i>Precisamos urgentemente de a\u00e7\u00f5es conjuntas, fruto de uma colabora\u00e7\u00e3o leal e constante, porque o desafio ambiental que estamos vivendo e suas ra\u00edzes humanas t\u00eam um impacto em cada um de n\u00f3s. Um impacto n\u00e3o apenas f\u00edsico, mas tamb\u00e9m psicol\u00f3gico e cultural.<\/i><\/p>\n<div style=\"text-align: justify;\">\n<div class=\"article__embed article__embed--border embed_style\">\n<blockquote><p>\u201cPor isso, pe\u00e7o aos governos que reconhe\u00e7am os povos ind\u00edgenas de todo o mundo, com suas culturas, l\u00ednguas, tradi\u00e7\u00f5es e espiritualidades, e que respeitem sua dignidade e seus direitos, conscientes de que a riqueza de nossa grande fam\u00edlia humana consiste em sua diversidade.\u201d<\/p><\/blockquote>\n<\/div>\n<\/div>\n<p style=\"text-align: justify;\">&#8220;Ignorar as comunidades origin\u00e1rias na salvaguarda da terra \u00e9 um grave erro, \u00e9 o funcionalismo extrativista, para n\u00e3o dizer uma grande injusti\u00e7a&#8221;, sublinhou Francisco. &#8220;Por outro lado, valorizar seu patrim\u00f4nio cultural e suas t\u00e9cnicas ancestrais ajudar\u00e1 a trilhar caminhos para uma melhor gest\u00e3o ambiental&#8221;, destacou.<\/p>\n<p style=\"text-align: justify;\">Nesse sentido, o Papa disse que \u00e9 louv\u00e1vel o trabalho do FIDA &#8220;em ajudar as comunidades ind\u00edgenas num processo de desenvolvimento aut\u00f4nomo, gra\u00e7as sobretudo ao Fundo de Apoio aos Povos Ind\u00edgenas, mas esses esfor\u00e7os devem ser multiplicados e acompanhados de decis\u00f5es firmes e claras, para uma transi\u00e7\u00e3o justa&#8221;.<\/p>\n<h2 style=\"text-align: justify;\">Viver bem em harmonia<\/h2>\n<p style=\"text-align: justify;\">A seguir, o Papa falou a prop\u00f3sito do\u00a0<b>bem viver e do viver bem em harmonia.<\/b><\/p>\n<p style=\"text-align: justify;\">&#8220;Viver bem n\u00e3o significa &#8216;n\u00e3o fazer nada&#8217;, a &#8216;doce vida&#8217; da burguesia destilada, n\u00e3o, n\u00e3o. \u00c9 viver em harmonia com a natureza, \u00e9 saber buscar aquele equil\u00edbrio, aquela a harmonia que \u00e9 superior ao equil\u00edbrio. O equil\u00edbrio pode ser funcional, a harmonia nunca \u00e9 funcional, \u00e9 soberana em si mesma&#8221;, disse ainda Francisco.<\/p>\n<div style=\"text-align: justify;\">\n<div class=\"article__embed article__embed--border embed_style\">\n<blockquote><p>\u201cSaber mover-se em harmonia \u00e9 o que d\u00e1 a sabedoria que chamamos de viver bem. A harmonia entre uma pessoa e sua comunidade, a harmonia entre uma pessoa e o ambiente, a harmonia entre uma pessoa e toda a cria\u00e7\u00e3o. As feridas contra esta harmonia s\u00e3o as que estamos vendo evidentemente, que destroem os povos. O extrativismo, no caso da Amaz\u00f4nia, por exemplo, o desmatamento, ou o extrativismo de min\u00e9rio.\u201d<\/p><\/blockquote>\n<\/div>\n<\/div>\n<p style=\"text-align: justify;\">&#8220;Portanto, procurar sempre a harmonia&#8221;, reiterou o Papa, ressaltando que\u00a0<b>&#8220;quando os povos n\u00e3o respeitam o bem do solo, o bem do ambiente, o bem do tempo, o bem da vegeta\u00e7\u00e3o ou o bem da fauna, o bem geral, quando n\u00e3o o respeitam, caem em posturas desumanas,\u00a0<\/b>porque perdem esse contato com a palavra, com a m\u00e3e terra. N\u00e3o no sentido supersticioso, mas no sentido que a cultura e a harmonia nos d\u00e3o&#8221;.<\/p>\n<p style=\"text-align: justify;\">&#8220;As culturas ind\u00edgenas n\u00e3o devem ser convertidas numa cultura moderna, n\u00e3o. Elas devem ser respeitadas&#8221;, sublinhou, reiterando a import\u00e2ncia de &#8220;seguir seu caminho de desenvolvimento e escutar as mensagens de sabedoria que elas nos transmitem, pois n\u00e3o \u00e9 uma sabedoria enciclop\u00e9dica. \u00c9 a sabedoria do ver, escutar e tocar da vida cotidiana&#8221;.<\/p>\n<p style=\"text-align: justify;\">Francisco concluiu, encorajando os participantes do 6\u00b0 Encontro Mundial do F\u00f3rum dos Povos Ind\u00edgenas a continuarem &#8220;lutando para proclamar essa harmonia que a pol\u00edtica funcionalista, a pol\u00edtica extrativista \u00a0est\u00e3o destruindo. Que todos possamos aprender do bem viver no sentido harmonioso dos povos ind\u00edgenas&#8221;.<\/p>\n<\/div>\n<\/div>\n<\/article>\n","protected":false},"excerpt":{"rendered":"<p>O Papa com os participantes do 6\u00b0 Encontro Mundial do F\u00f3rum dos Povos Ind\u00edgenas Francisco recebeu, no Vaticano, os participantes do 6\u00b0 Encontro Mundial do F\u00f3rum dos Povos Ind\u00edgenas, promovido pelo Fundo Internacional de Desenvolvimento Agr\u00edcola (FIDA). &#8220;Devemos escutar mais os povos ind\u00edgenas e aprender com seu modo de vida a fim de compreender adequadamente [&hellip;]<\/p>\n","protected":false},"author":1,"featured_media":79303,"comment_status":"open","ping_status":"closed","sticky":false,"template":"","format":"standard","meta":{"footnotes":""},"categories":[13,3],"tags":[],"class_list":["post-79302","post","type-post","status-publish","format-standard","has-post-thumbnail","hentry","category-featured","category-vaticano"],"_links":{"self":[{"href":"https:\/\/catolicanet.net\/wp-cnet\/wp-json\/wp\/v2\/posts\/79302","targetHints":{"allow":["GET"]}}],"collection":[{"href":"https:\/\/catolicanet.net\/wp-cnet\/wp-json\/wp\/v2\/posts"}],"about":[{"href":"https:\/\/catolicanet.net\/wp-cnet\/wp-json\/wp\/v2\/types\/post"}],"author":[{"embeddable":true,"href":"https:\/\/catolicanet.net\/wp-cnet\/wp-json\/wp\/v2\/users\/1"}],"replies":[{"embeddable":true,"href":"https:\/\/catolicanet.net\/wp-cnet\/wp-json\/wp\/v2\/comments?post=79302"}],"version-history":[{"count":1,"href":"https:\/\/catolicanet.net\/wp-cnet\/wp-json\/wp\/v2\/posts\/79302\/revisions"}],"predecessor-version":[{"id":79304,"href":"https:\/\/catolicanet.net\/wp-cnet\/wp-json\/wp\/v2\/posts\/79302\/revisions\/79304"}],"wp:featuredmedia":[{"embeddable":true,"href":"https:\/\/catolicanet.net\/wp-cnet\/wp-json\/wp\/v2\/media\/79303"}],"wp:attachment":[{"href":"https:\/\/catolicanet.net\/wp-cnet\/wp-json\/wp\/v2\/media?parent=79302"}],"wp:term":[{"taxonomy":"category","embeddable":true,"href":"https:\/\/catolicanet.net\/wp-cnet\/wp-json\/wp\/v2\/categories?post=79302"},{"taxonomy":"post_tag","embeddable":true,"href":"https:\/\/catolicanet.net\/wp-cnet\/wp-json\/wp\/v2\/tags?post=79302"}],"curies":[{"name":"wp","href":"https:\/\/api.w.org\/{rel}","templated":true}]}}