{"id":79241,"date":"2023-02-06T09:49:29","date_gmt":"2023-02-06T12:49:29","guid":{"rendered":"https:\/\/catolicanet.net\/wp-cnet\/?p=79241"},"modified":"2023-02-06T16:50:16","modified_gmt":"2023-02-06T19:50:16","slug":"oracao-e-louvor-o-caminho-para-nunca-ter-um-dia-ruim","status":"publish","type":"post","link":"https:\/\/catolicanet.net\/wp-cnet\/oracao-e-louvor-o-caminho-para-nunca-ter-um-dia-ruim\/","title":{"rendered":"Ora\u00e7\u00e3o \u00e9 louvor: o caminho para nunca ter um dia ruim"},"content":{"rendered":"<h2 class=\"subtitle\" style=\"text-align: justify;\">Entenda como, atrav\u00e9s do louvor, o homem ascende a Deus<\/h2>\n<p style=\"text-align: justify;\">Aabertura do c\u00e9lebre hino do s\u00e9culo IV, o\u00a0<em>Te Deum<\/em>, afirma: \u201cA v\u00f3s, \u00f3 Deus, louvamos\u201d.\u00a0O louvor, ensina-nos o\u00a0<a href=\"https:\/\/www.vatican.va\/archive\/cathechism_po\/index_new\/prima-pagina-cic_po.html\" target=\"_blank\" rel=\"noopener\">Catecismo da Igreja Cat\u00f3lica<\/a>, \u201c\u00e9 a forma de ora\u00e7\u00e3o que mais imediatamente reconhece que Deus \u00e9 Deus! Canta-O por Si pr\u00f3prio, glorifica-O, n\u00e3o tanto pelo que Ele faz, mas sobretudo porque ELE \u00c9 (CIC, 2639).<\/p>\n<p style=\"text-align: justify;\">Os santos nos lembram que a raz\u00e3o pela qual existimos \u00e9: para louvar a Deus.\u00a0Uma hist\u00f3ria contada pelo m\u00edstico dominicano alem\u00e3o do s\u00e9culo XIV, Pe.\u00a0John Tauler, relata o encontro de um homem com um mendigo que, apesar de sua total pobreza, permanece incans\u00e1vel em seu louvor a Deus.\u00a0O mendigo compartilha com o homem:<\/p>\n<blockquote class=\"wp-block-quote\"><p>\u201cQuando estou com fome, louvo a Deus.\u00a0Quando estou com frio, quando chove granizo ou neva, eu louvo a Deus.\u00a0Se sou favorecido ou desprezado pelos homens, louvo a Deus igualmente.\u00a0E \u00e9 por isso que nunca conheci um dia ruim.\u00a0Pois aprendi a viver com Deus e tenho certeza de que tudo o que ele faz s\u00f3 pode ser bom\u201d.<\/p><\/blockquote>\n<p style=\"text-align: justify;\">N\u00f3s tamb\u00e9m queremos viver com tanta liberdade e convic\u00e7\u00e3o!\u00a0E nosso louvor a Deus pode fazer isso acontecer. Pois o louvor \u00e9 din\u00e2mico,\u00a0como explicou o Cardeal Joseph Ratzinger:<\/p>\n<blockquote class=\"wp-block-quote\"><p>\u201cS\u00e3o Tom\u00e1s de Aquino diz que, pelo louvor a Deus, o ser humano ascende a Deus. O pr\u00f3prio louvor \u00e9 um movimento, um caminho; \u00e9 mais do que entender, saber e fazer \u2013 \u00e9 uma \u2018subida\u2019, uma maneira de alcan\u00e7ar aquele que habita entre os louvores dos anjos. Tom\u00e1s mencionou outro fator: esta ascens\u00e3o afasta o humano daquilo que se op\u00f5e a Deus.\u201d<\/p><\/blockquote>\n<div id=\"aleteia-welcome\" style=\"text-align: justify;\"><\/div>\n<p style=\"text-align: justify;\">Em louvor ao Senhor, \u201co homem se liberta de todas as c\u00e3ibras e se torna verdadeiramente honesto e perspicaz\u201d, disse o Pe. Alfred Delp, SJ.<\/p>\n<p style=\"text-align: justify;\">Com efeito, a\u00a0recusa\u00a0de louvar a Deus constitui uma forma fundamental de pecado. Mas, como o mendigo, se simplesmente vivermos em lembran\u00e7a ativa das incont\u00e1veis \u200b\u200bb\u00ean\u00e7\u00e3os que Deus constantemente nos concede, n\u00e3o podemos deixar de louv\u00e1-lo.\u00a0\u00c9 por isso que na \u00daltima Ceia, Jesus nos ordena:\u00a0\u201cFazei isso em mem\u00f3ria de mim\u201d.\u00a0Pois a Eucaristia \u201c\u00e9 o\u00a0sacrif\u00edcio de louvor\u201d (CIC, 2643).<\/p>\n","protected":false},"excerpt":{"rendered":"<p>Entenda como, atrav\u00e9s do louvor, o homem ascende a Deus Aabertura do c\u00e9lebre hino do s\u00e9culo IV, o\u00a0Te Deum, afirma: \u201cA v\u00f3s, \u00f3 Deus, louvamos\u201d.\u00a0O louvor, ensina-nos o\u00a0Catecismo da Igreja Cat\u00f3lica, \u201c\u00e9 a forma de ora\u00e7\u00e3o que mais imediatamente reconhece que Deus \u00e9 Deus! Canta-O por Si pr\u00f3prio, glorifica-O, n\u00e3o tanto pelo que Ele faz, [&hellip;]<\/p>\n","protected":false},"author":1,"featured_media":79242,"comment_status":"open","ping_status":"closed","sticky":false,"template":"","format":"standard","meta":{"footnotes":""},"categories":[4],"tags":[],"class_list":["post-79241","post","type-post","status-publish","format-standard","has-post-thumbnail","hentry","category-cotidiano"],"_links":{"self":[{"href":"https:\/\/catolicanet.net\/wp-cnet\/wp-json\/wp\/v2\/posts\/79241","targetHints":{"allow":["GET"]}}],"collection":[{"href":"https:\/\/catolicanet.net\/wp-cnet\/wp-json\/wp\/v2\/posts"}],"about":[{"href":"https:\/\/catolicanet.net\/wp-cnet\/wp-json\/wp\/v2\/types\/post"}],"author":[{"embeddable":true,"href":"https:\/\/catolicanet.net\/wp-cnet\/wp-json\/wp\/v2\/users\/1"}],"replies":[{"embeddable":true,"href":"https:\/\/catolicanet.net\/wp-cnet\/wp-json\/wp\/v2\/comments?post=79241"}],"version-history":[{"count":1,"href":"https:\/\/catolicanet.net\/wp-cnet\/wp-json\/wp\/v2\/posts\/79241\/revisions"}],"predecessor-version":[{"id":79243,"href":"https:\/\/catolicanet.net\/wp-cnet\/wp-json\/wp\/v2\/posts\/79241\/revisions\/79243"}],"wp:featuredmedia":[{"embeddable":true,"href":"https:\/\/catolicanet.net\/wp-cnet\/wp-json\/wp\/v2\/media\/79242"}],"wp:attachment":[{"href":"https:\/\/catolicanet.net\/wp-cnet\/wp-json\/wp\/v2\/media?parent=79241"}],"wp:term":[{"taxonomy":"category","embeddable":true,"href":"https:\/\/catolicanet.net\/wp-cnet\/wp-json\/wp\/v2\/categories?post=79241"},{"taxonomy":"post_tag","embeddable":true,"href":"https:\/\/catolicanet.net\/wp-cnet\/wp-json\/wp\/v2\/tags?post=79241"}],"curies":[{"name":"wp","href":"https:\/\/api.w.org\/{rel}","templated":true}]}}